{"id":58994,"date":"2022-12-19T10:02:25","date_gmt":"2022-12-19T08:02:25","guid":{"rendered":"https:\/\/israelmagazine.net\/?p=58994"},"modified":"2022-12-19T10:02:25","modified_gmt":"2022-12-19T08:02:25","slug":"lingerence-du-new-york-times-dans-la-politique-interieure-disrael-netanyahou-repond","status":"publish","type":"post","link":"https:\/\/israelmagazine.net\/?p=58994","title":{"rendered":"L\u2019ing\u00e9rence du New York Times dans la politique int\u00e9rieure d\u2019Isra\u00ebl : Netanyahou r\u00e9pond"},"content":{"rendered":"<h1><img class=\\\"alignnone size-medium wp-image-59000\\\" src=\\\"https:\/\/israelmagazine.co.il\/wp-content\/uploads\/2022\/12\/Mon-projet-2022-12-19T100410.560-300x157.jpg\\\" alt=\\\"\\\" width=\\\"300\\\" height=\\\"157\\\" \/><\/h1>\n<h1 dir=\\\"ltr\\\"><span style=\\\"font-size: xx-large;\\\">L\u2019ing\u00e9rence du New York Times dans la politique int\u00e9rieure d\u2019Isra\u00ebl : Netanyahou r\u00e9pond<\/span><\/h1>\n<p>Marc Brzustowski<\/p>\n<h2 dir=\\\"ltr\\\"><span style=\\\"font-size: large;\\\">\u00ab Le New York Times d\u00e9l\u00e9gitime la seule d\u00e9mocratie du Moyen-Orient \u00bb<\/span><\/h2>\n<p dir=\\\"ltr\\\">Le Premier ministre \u00e9lu : \\\u00a0\u00bbJe continuerai d\\&rsquo;ignorer ses avis infond\u00e9s et me concentrerai plut\u00f4t sur la construction d\\&rsquo;un pays plus fort et plus prosp\u00e8re.\\\u00a0\u00bb\u00a0Benjamin Netanyahou a r\u00e9pondu dimanche soir \u00e0 l\\&rsquo;\u00e9ditorial du New York Times qui a s\u00e9v\u00e8rement fustig\u00e9 Netanyahou.<\/p>\n<p dir=\\\"ltr\\\">Le NYT affirme que le nouveau gouvernement qu\\&rsquo;il met en place mettrait l\\&rsquo;avenir de l\\&rsquo;\u00c9tat d\\&rsquo;Isra\u00ebl en danger. Netanyahou : \\\u00a0\u00bbApr\u00e8s avoir enterr\u00e9 la Shoah pendant des ann\u00e9es dans les faits divers et diabolis\u00e9 Isra\u00ebl pendant des d\u00e9cennies sur ses premi\u00e8res pages, le New York Times appelle maintenant sans vergogne \u00e0 saper le gouvernement \u00e9lu d\\&rsquo;Isra\u00ebl.\\\u00a0\u00bb Alors que le New York Times continue de d\u00e9l\u00e9gitimer la seule vraie d\u00e9mocratie au Moyen-Orient et le meilleur alli\u00e9 de l\\&rsquo;Am\u00e9rique dans la r\u00e9gion, je continuerai d\\&rsquo;ignorer ses conseils infond\u00e9s et de me concentrer plut\u00f4t sur la construction d\\&rsquo;un pays plus fort et plus prosp\u00e8re, en renfor\u00e7ant des liens avec l\\&rsquo;Am\u00e9rique, en \u00e9largissant la paix avec nos voisins et en garantissant l\\&rsquo;avenir du seul et unique \u00c9tat juif.<\/p>\n<h2 dir=\\\"ltr\\\">Netanyahou fait-il trop de concessions aux partis radicaux ?<\/h2>\n<p dir=\\\"ltr\\\"><b>Un \u00e9ditorial du \u00ab New York Times \u00bb a mis en garde hier contre la formation du nouveau gouvernement dirig\u00e9 par Netanyahou. Il a appel\u00e9 les \u00c9tats-Unis \u00e0 exprimer leur opposition et \u00e0 aider les \u00ab forces mod\u00e9r\u00e9es \u00bb en Isra\u00ebl, dans leur lutte contre la coalition nationale en train de se forger \u00e0 J\u00e9rusalem.<\/b><\/p>\n<p dir=\\\"ltr\\\">Le journal am\u00e9ricain a \u00e9crit que \u00ab<i>\u00a0le gouvernement d\\&rsquo;extr\u00eame droite qui arrivera bient\u00f4t au pouvoir, dirig\u00e9 par Benjamin Netanyahou, marque un changement qualitatif surprenant par rapport aux autres gouvernements depuis les 75 ans d\\&rsquo;histoire du pays. Alors que Netanyahou a clairement le soutien des \u00e9lecteurs isra\u00e9liens, la victoire de sa coalition a \u00e9t\u00e9 \u00e9troite et ne peut \u00eatre consid\u00e9r\u00e9e comme un mandat solide. Il a d\u00fb faire des concessions \u00e9tendues aux partis ultra-orthodoxes et nationalistes, qui mettent en danger la valeur d\\&rsquo;un \u00c9tat juif d\u00e9mocratique.\\&rsquo;\\&rsquo;<\/i><\/p>\n<h2 dir=\\\"ltr\\\">Le NYT appelle \u00e0 \\\u00a0\u00bbs\\&rsquo;opposer\\\u00a0\u00bb \u00e0 un gouvernement l\u00e9gitime !<\/h2>\n<p dir=\\\"ltr\\\">Le journal mentionne que le \\\u00a0\u00bbNew York Times\\\u00a0\u00bb soutient Isra\u00ebl et la solution \u00e0 deux \u00c9tats depuis de nombreuses ann\u00e9es, et affirme que \\\u00a0\u00bble gouvernement \u00e9mergent de Netanyahou est une menace importante pour l\\&rsquo;avenir d\\&rsquo;Isra\u00ebl &#8211; pour la direction dans laquelle il se dirige, pour sa s\u00e9curit\u00e9 et m\u00eame l\\&rsquo;id\u00e9e de l\\&rsquo;\u00c9tat juif. La position du gouvernement peut rendre militairement et politiquement impossible la solution \u00e0 deux \u00c9tats.\\&rsquo;\\&rsquo; Le New York Times appelle l\\&rsquo;administration Biden \u00e0 agir : \\\u00a0\u00bbAu lieu d\\&rsquo;accepter ce r\u00e9sultat, l\\&rsquo;administration Biden devrait faire tout ce qui est en son pouvoir pour exprimer son soutien \u00e0 une soci\u00e9t\u00e9 isra\u00e9lienne caract\u00e9ris\u00e9e par l\\&rsquo;\u00e9galit\u00e9 des droits et l\\&rsquo;\u00c9tat de droit, comme elle le fait dans les pays du monde entier.\\\u00a0\u00bb Ce sera un acte d\\&rsquo;amiti\u00e9 et sera coh\u00e9rent avec le lien profond entre les deux pays.\\\u00a0\u00bb<\/p>\n<h2 dir=\\\"ltr\\\">Le NYT repr\u00e9sente JStreet et l\\&rsquo;aile gauche du parti d\u00e9mocrate<\/h2>\n<p dir=\\\"ltr\\\">\u00ab Les ministres du nouveau gouvernement sont cens\u00e9s compter des personnalit\u00e9s comme Itamar Ben Gvir, qui a \u00e9t\u00e9 condamn\u00e9 en Isra\u00ebl en 2007 pour incitation au racisme et soutien \u00e0 une organisation terroriste juive. Il sera probablement ministre de la S\u00e9curit\u00e9 nationale. \u00bb Bezalel Smotrich, qui a longtemps a soutenu l\\&rsquo;annexion compl\u00e8te de la Cisjordanie, devrait \u00eatre nomm\u00e9 comme prochain ministre des Finances, avec des pouvoirs suppl\u00e9mentaires sur l\\&rsquo;administration de la Jud\u00e9e-Samarie et le poste de sous-commissaire \u00e0 l\\&rsquo;identit\u00e9 juive au cabinet du Premier ministre. \u00bb<\/p>\n<h2 dir=\\\"ltr\\\">Un plaidoyer conservateur pour l\\&rsquo;immobilisme<\/h2>\n<p dir=\\\"ltr\\\">\\\u00a0\u00bbCes mesures sont troublantes et les dirigeants am\u00e9ricains ont besoin de les examiner dans le d\u00e9tail. La principale r\u00e9ponse de l\\&rsquo;administration Biden jusqu\\&rsquo;\u00e0 pr\u00e9sent a \u00e9t\u00e9 un discours prudent du secr\u00e9taire d\\&rsquo;\u00c9tat Anthony Blinken devant le groupe de la gauche lib\u00e9rale J-Street le 4 d\u00e9cembre, dans lequel il a annonc\u00e9 que les \u00c9tats-Unis s\\&rsquo;engageraient vis-\u00e0-vis de la politique isra\u00e9lienne, pas en fonction des individus qui tiennent des postes.<\/p>\n<p dir=\\\"ltr\\\">Le New York Times appelle l\\&rsquo;administration Biden \u00e0 aider les \\\u00a0\u00bbforces mod\u00e9r\u00e9es de la politique et de la soci\u00e9t\u00e9 civile isra\u00e9liennes\\\u00a0\u00bb dans leur lutte pour \u00e9viter que la Knesset ne vote des limitations du pouvoir de la Cour supr\u00eame et s\\&rsquo;assurer qu\u2019elle prot\u00e8ge les droits de la minorit\u00e9 arabe et de la communaut\u00e9 LGBT.<\/p>\n<p dir=\\\"ltr\\\">L\\&rsquo;article se terminait par ces mots : \u00ab Tout ce qui porte atteinte aux valeurs d\u00e9mocratiques d\\&rsquo;Isra\u00ebl &#8211; qu\\&rsquo;il s\\&rsquo;agisse de l\\&rsquo;annexion des implantations juives en Jud\u00e9e ou de l\\&rsquo;\u00e9tablissement d\\&rsquo;avant-postes ill\u00e9gaux &#8211; nuira \u00e0 la solution \u00e0 deux \u00c9tats. Le soutien de l\\&rsquo;Am\u00e9rique \u00e0 Isra\u00ebl refl\u00e8te le respect de nos deux pays pour les valeurs d\u00e9mocratiques.<\/p>\n<p dir=\\\"ltr\\\"><b>Le pr\u00e9sident Biden\u00a0<i>et Netanyahou doivent faire tout ce qui est en leur pouvoir<\/i>\u00a0pour r\u00e9affirmer cet engagement.<\/b><\/p>\n<p><span style=\\\"font-size: large;\\\"><b>Bibi, l\\&rsquo;adulte responsable d\\&rsquo;une crise de croissance ?<\/b><\/span><\/p>\n<p dir=\\\"ltr\\\">Commentaire : notons qu\u2019au-del\u00e0 de la fustigation de ses alli\u00e9s Ben Gvir et Smotrich, les critiques de ce gouvernement, issues des milieux lib\u00e9raux et des cercles d\u2019affaires, font toujours appel \u00e0 Netanyahou comme le seul \u00ab adulte responsable \u00bb au gouvernail.\u00a0\u00a0Finalement, il est plac\u00e9 dans une position <b><i>d\u2019\u00e9quilibre de dernier recours<\/i><\/b>, en tant qu\u2019homme ayant toujours gouvern\u00e9 au \u00ab centre-droit \u00bb. Les r\u00e9putations sulfureuses que se sont taill\u00e9es Ben Gvir et Smotrich servent de tison ardent pour le mettre en difficult\u00e9 au moindre signe de changement ou de r\u00e9forme et pr\u00e9server le \u00ab statu quo \u00bb du mythe de la \u00ab solution \u00e0 deux \u00c9tats \u00bb.<\/p>\n<h2 dir=\\\"ltr\\\">Le chant du cygne de Ramallah<\/h2>\n<p dir=\\\"ltr\\\">Dans le monde r\u00e9el, Mahmoud Abbas a d\u00e9j\u00e0 perdu les \u00ab places fortes \u00bb de la subversion arm\u00e9e, au profit de gangs engag\u00e9s dans le grand-banditisme, le racket et le terrorisme (\u00ab Fosse aux Lions \u00bb, etc). On peut le dire de J\u00e9nine, Naplouse et, dans une moindre mesure, H\u00e9bron. C\u2019est dans ce chaos (<i>Fauda<\/i> en arabe) que les politiques devront trancher pour maintenir une sorte \u00ab d\u2019autorit\u00e9 \u00bb fictive qui n\\&rsquo;en a que le nom. Celle-ci ne peut, en aucune mesure, favoriser des \u00e9lections \\\u00a0\u00bbd\u00e9mocratiques\\\u00a0\u00bb et ne perdure que gr\u00e2ce \u00e0 sa clause de survie : la guerre juridique qu\u2019elle m\u00e8ne ind\u00e9finiment contre l\u2019\u00c9tat juif. Mais elle reste dans l\u2019incapacit\u00e9 de \u00ab g\u00e9rer les territoires \u00bb sans l\u2019appui nocturne de Tsahal.<\/p>\n<p dir=\\\"ltr\\\">\u00c0 mesure que l\\&rsquo;anarchie se r\u00e9pand dans les territoires, la demande de r\u00e9tablissement de l\\&rsquo;ordre, et donc l\\&rsquo;appel aux m\u00e9thodes \\\u00a0\u00bbradicales\\\u00a0\u00bb, s\\&rsquo;amplifie.<\/p>\n<p>Aucun journal new-yorkais, ni aucun gouvernement occidental, ne peut rien changer \u00e0 cet \u00e9tat de fait. Malgr\u00e9 les protestations formelles, ils ne peuvent que composer avec le pilote dans l\\&rsquo;avion.<\/p>\n<p><strong>La suite de l\u2019article se trouve dans le prochain num\u00e9ro d\u2019Isra\u00ebl Magazine<\/strong><\/p>\n<p><strong>D\u00e9couvrez un exemplaire du magazine gratuitement et cliquez ensuite sur le rebord droit<\/strong><\/p>\n<p><a href=\\\"https:\/\/online.fliphtml5.com\/rjspi\/ypmm\/#p=1\\\"><strong>https:\/\/online.fliphtml5.com\/rjspi\/ypmm\/#p=1<\/strong><\/a><\/p>\n<p><strong>Votre magazine est livr\u00e9 chez vous en toute confidentialit\u00e9<br \/>\nS\u2019abonner au magazine par t\u00e9l\u00e9phone ou par whats app 00972 (0) 54 254 45 20 ou au 01 86 98 27 27<\/strong><\/p>\n<p><strong>Par email\u00a0\u00a0<\/strong><a href=\\\"mailto:Andredarmon21@gmail.com\\\"><strong>Andredarmon21@gmail.com<\/strong><\/a><strong>\u00a0 pay pal<\/strong><\/p>\n<p><strong>Ou directement sur le site<\/strong><\/p>\n<p><a href=\\\"https:\/\/israelmagazine.co.il\/sabonner-au-magazine\/\\\"><strong>https:\/\/israelmagazine.co.il\/sabonner-au-magazine\/<\/strong><\/a><\/p>\n<p><strong>Ou encore S\u2019abonner au magazine livr\u00e9 chez vous en toute confidentialit\u00e9. Remplir le formulaire<\/strong><\/p>\n<p><a href=\\\"https:\/\/docs.google.com\/forms\/d\/e\/1FAIpQLSfPYJfb8KjEya-X17w0DGPAuBlCGvqVUdh_Is8EL810Lxw82A\/viewform?entry.1189475001=Recipient_Email\\\"><strong>https:\/\/docs.google.com\/forms\/d\/e\/1FAIpQLSfPYJfb8KjEya-X17w0DGPAuBlCGvqVUdh_Is8EL810Lxw82A\/viewform?entry.1189475001=Recipient_Email<\/strong><\/a><\/p>\n","protected":false},"excerpt":{"rendered":"<p>L\u2019ing\u00e9rence du New York Times dans la politique int\u00e9rieure d\u2019Isra\u00ebl : Netanyahou r\u00e9pond Marc Brzustowski \u00ab Le New York Times d\u00e9l\u00e9gitime la seule d\u00e9mocratie du Moyen-Orient \u00bb Le Premier ministre \u00e9lu : \\\u00a0\u00bbJe continuerai d\\&rsquo;ignorer ses avis infond\u00e9s et me concentrerai plut\u00f4t sur la construction d\\&rsquo;un pays plus fort et plus prosp\u00e8re.\\\u00a0\u00bb\u00a0Benjamin Netanyahou a r\u00e9pondu &hellip;<\/p>\n<p class=\"read-more\"> <a class=\"\" href=\"https:\/\/israelmagazine.net\/?p=58994\"> <span class=\"screen-reader-text\">L\u2019ing\u00e9rence du New York Times dans la politique int\u00e9rieure d\u2019Isra\u00ebl : Netanyahou r\u00e9pond<\/span> Lire la suite \u00bb<\/a><\/p>\n","protected":false},"author":4,"featured_media":58998,"comment_status":"open","ping_status":"open","sticky":false,"template":"","format":"standard","meta":{"site-sidebar-layout":"default","site-content-layout":"default","ast-global-header-display":"","ast-main-header-display":"","ast-hfb-above-header-display":"","ast-hfb-below-header-display":"","ast-hfb-mobile-header-display":"","site-post-title":"","ast-breadcrumbs-content":"","ast-featured-img":"","footer-sml-layout":"","theme-transparent-header-meta":"","adv-header-id-meta":"","stick-header-meta":"","header-above-stick-meta":"","header-main-stick-meta":"","header-below-stick-meta":""},"categories":[84,892,1621,1387,1612,1617,1611,1679,841,1622,1191,1624,1616],"tags":[2549,386,1739,810,881,1700,1989,1839,877,821,742],"sujet":[],"_links":{"self":[{"href":"https:\/\/israelmagazine.net\/index.php?rest_route=\/wp\/v2\/posts\/58994"}],"collection":[{"href":"https:\/\/israelmagazine.net\/index.php?rest_route=\/wp\/v2\/posts"}],"about":[{"href":"https:\/\/israelmagazine.net\/index.php?rest_route=\/wp\/v2\/types\/post"}],"author":[{"embeddable":true,"href":"https:\/\/israelmagazine.net\/index.php?rest_route=\/wp\/v2\/users\/4"}],"replies":[{"embeddable":true,"href":"https:\/\/israelmagazine.net\/index.php?rest_route=%2Fwp%2Fv2%2Fcomments&post=58994"}],"version-history":[{"count":0,"href":"https:\/\/israelmagazine.net\/index.php?rest_route=\/wp\/v2\/posts\/58994\/revisions"}],"wp:featuredmedia":[{"embeddable":true,"href":"https:\/\/israelmagazine.net\/index.php?rest_route=\/"}],"wp:attachment":[{"href":"https:\/\/israelmagazine.net\/index.php?rest_route=%2Fwp%2Fv2%2Fmedia&parent=58994"}],"wp:term":[{"taxonomy":"category","embeddable":true,"href":"https:\/\/israelmagazine.net\/index.php?rest_route=%2Fwp%2Fv2%2Fcategories&post=58994"},{"taxonomy":"post_tag","embeddable":true,"href":"https:\/\/israelmagazine.net\/index.php?rest_route=%2Fwp%2Fv2%2Ftags&post=58994"},{"taxonomy":"sujet","embeddable":true,"href":"https:\/\/israelmagazine.net\/index.php?rest_route=%2Fwp%2Fv2%2Fsujet&post=58994"}],"curies":[{"name":"wp","href":"https:\/\/api.w.org\/{rel}","templated":true}]}}