{"id":59040,"date":"2022-12-21T08:36:15","date_gmt":"2022-12-21T06:36:15","guid":{"rendered":"https:\/\/israelmagazine.net\/?p=59040"},"modified":"2022-12-21T08:36:15","modified_gmt":"2022-12-21T06:36:15","slug":"rencontres-israeliennes-ido-rechnitz-pour-un-etat-democratique-fonde-sur-la-torah","status":"publish","type":"post","link":"https:\/\/israelmagazine.net\/?p=59040","title":{"rendered":"Rencontres isra\u00e9liennes:\u00a0Ido Rechnitz Pour un \u00c9tat d\u00e9mocratique fond\u00e9 sur la Torah"},"content":{"rendered":"<h1>Rencontres isra\u00e9liennes:\u00a0Ido Rechnitz<\/h1>\n<h1>Pour un \u00c9tat d\u00e9mocratique fond\u00e9 sur la Torah<\/h1>\n<p><img class=\\\"alignnone size-medium wp-image-59045\\\" src=\\\"https:\/\/israelmagazine.co.il\/wp-content\/uploads\/2022\/12\/Mon-projet-2022-12-21T083746.877-300x157.jpg\\\" alt=\\\"\\\" width=\\\"300\\\" height=\\\"157\\\" \/><\/p>\n<h2>par\u00a0 Pierre Lur\u00e7at<\/h2>\n<p>&nbsp;<\/p>\n<p><strong>Ma rencontre avec le rabbin Ido Rechnitz se d\u00e9roule quelques semaines apr\u00e8s les \u00e9lections, alors que le nouveau gouvernement n\u2019est toujours pas constitu\u00e9 et que les m\u00e9dias isra\u00e9liens sont remplis d\u2019\u00e9ditoriaux dramatiques annon\u00e7ant la prochaine constitution d\u2019un gouvernement \u00ab\u00a0d\u2019extr\u00eame-droite\u00a0\u00bb, qui va transformer Isra\u00ebl en \u00c9tat th\u00e9ocratique digne de l\u2019Iran des ayatollahs\u2026 Je viens justement de lire le dernier livre publi\u00e9 par Ido Rechnitz, au titre myst\u00e9rieux de\u00a0<em>L\u2019\u00c9tat de la Torah d\u00e9mocratique<\/em>, paru r\u00e9cemment aux \u00e9ditions du centre \u00ab\u00a0Mishpat\u00e9 Eretz\u00a0\u00bb \u00e0 J\u00e9rusalem. Pour comprendre de mani\u00e8re plus approfondie le d\u00e9bat qui agite la soci\u00e9t\u00e9 isra\u00e9lienne sur le sujet crucial des rapports entre \u00c9tat et religion, j\u2019ai d\u00e9cid\u00e9 de rencontrer son auteur.<\/strong><\/p>\n<p>&nbsp;<\/p>\n<p>Ido Rechnitz me re\u00e7oit dans les bureaux du centre Mishpat\u00e9 Eretz, \u00e0 Katamon, o\u00f9 il travaille en tant que chercheur. Apr\u00e8s une ma\u00eetrise en sciences politiques \u00e0 l\u2019universit\u00e9 Bar Ilan, il a achev\u00e9 un doctorat en pens\u00e9e juive \u00e0 l\u2019universit\u00e9 d\u2019Ariel. Son dernier livre, tir\u00e9 de son doctorat, aborde la question de \u00ab\u00a0l\u2019\u00c9tat toranique d\u00e9mocratique\u00a0\u00bb \u00e0 travers trois figures essentielles : le grand-rabbin Itshak Herzog, le rabbin Eliezer Waldenberg et le rabbin Shlomo Goren. Le choix de ces trois rabbins s\u2019explique par le fait qu\u2019ils ont tous les trois \u00e9labor\u00e9 une doctrine politique fond\u00e9e sur la Torah et qu\u2019ils abordent notamment la question de la th\u00e9ocratie juive.<\/p>\n<p>Je lui demande d\u2019embl\u00e9e si l\u2019\u00c9tat de la Torah envisag\u00e9 par ces trois rabbins constitue une th\u00e9ocratie. \u00ab\u00a0C\u2019est un type de th\u00e9ocratie\u00a0\u00bb me r\u00e9pond-il sans h\u00e9siter. Le mot th\u00e9ocratie fait \u00e9videmment peur aujourd\u2019hui, mais la notion de \u00ab\u00a0th\u00e9ocratie juive\u00a0\u00bb n\u2019a en fait peu de chose en commun avec les r\u00e9gimes th\u00e9ocratiques qui existent aujourd\u2019hui \u00e0 travers le monde, surtout dans le monde musulman. Ainsi, pr\u00e9cise Ido Rechnitz, l\u2019Iran est une th\u00e9ocratie \u00ab\u00a0d\u00e9mocratique\u00a0\u00bb en apparence, o\u00f9 se d\u00e9roulent des \u00e9lections, mais qui est en fait un r\u00e9gime totalitaire, comme cela est aujourd\u2019hui \u00e9vident. L\u2019Arabie saoudite, de son c\u00f4t\u00e9, est une th\u00e9ocratie de type monarchique. Mais que signifie une th\u00e9ocratie juive\u00a0?<\/p>\n<p>&nbsp;<\/p>\n<h2><strong>Qu\u2019est-ce qu\u2019une th\u00e9ocratie juive\u00a0?<\/strong><\/h2>\n<p>&nbsp;<\/p>\n<p>Pour le comprendre, il faut tenter d\u2019oublier tout ce qui nous vient \u00e0 l\u2019esprit en entendant le mot th\u00e9ocratie, connot\u00e9 n\u00e9gativement depuis des si\u00e8cles, pour revenir aux sources. Le premier contresens \u00e0 cet \u00e9gard consiste \u00e0 croire \u2013 comme le laissent penser les hommes politiques qui agitent aujourd\u2019hui le spectre de l\u2019Iran \u2013 qu\u2019une th\u00e9ocratie juive serait n\u00e9cessairement l\u2019\u00e9quivalent du r\u00e9gime de T\u00e9h\u00e9ran. Le second contresens, tout aussi erron\u00e9, consiste \u00e0 confondre th\u00e9ocratie juive et \u00c9tat dirig\u00e9 par la<em>\u00a0halakha<\/em>\u00a0(loi juive).<\/p>\n<p>Le premier \u00e0 avoir utilis\u00e9 l\u2019expression d\u2019\u00ab\u00a0\u00c9tat halakhique\u00a0\u00bb (<em>Medinat Halakha<\/em>), aujourd\u2019hui devenue pol\u00e9mique, \u00e9tait en fait David Ben Gourion, lors du fameux d\u00e9bat autour de la question \u00ab\u00a0Qui est juif\u00a0?\u00a0\u00bb dans les ann\u00e9es 1950.<\/p>\n<p>&nbsp;<\/p>\n<p><strong>La suite de l\u2019article se trouve dans le prochain num\u00e9ro d\u2019Isra\u00ebl Magazine<\/strong><\/p>\n<p><strong>D\u00e9couvrez un exemplaire du magazine gratuitement et cliquez ensuite sur le rebord droit<\/strong><\/p>\n<p><a href=\\\"https:\/\/online.fliphtml5.com\/rjspi\/ypmm\/#p=1\\\"><strong>https:\/\/online.fliphtml5.com\/rjspi\/ypmm\/#p=1<\/strong><\/a><\/p>\n<p><strong>Votre magazine est livr\u00e9 chez vous en toute confidentialit\u00e9<br \/>\nS\u2019abonner au magazine par t\u00e9l\u00e9phone ou par whats app 00972 (0) 54 254 45 20 ou au 01 86 98 27 27<\/strong><\/p>\n<p><strong>Par email\u00a0\u00a0<\/strong><a href=\\\"mailto:Andredarmon21@gmail.com\\\"><strong>Andredarmon21@gmail.com<\/strong><\/a><strong>\u00a0 pay pal<\/strong><\/p>\n<p><strong>Ou directement sur le site<\/strong><\/p>\n<p><a href=\\\"https:\/\/israelmagazine.co.il\/sabonner-au-magazine\/\\\"><strong>https:\/\/israelmagazine.co.il\/sabonner-au-magazine\/<\/strong><\/a><\/p>\n<p><strong>Ou encore S\u2019abonner au magazine livr\u00e9 chez vous en toute confidentialit\u00e9. Remplir le formulaire<\/strong><\/p>\n<p><a href=\\\"https:\/\/docs.google.com\/forms\/d\/e\/1FAIpQLSfPYJfb8KjEya-X17w0DGPAuBlCGvqVUdh_Is8EL810Lxw82A\/viewform?entry.1189475001=Recipient_Email\\\"><strong>https:\/\/docs.google.com\/forms\/d\/e\/1FAIpQLSfPYJfb8KjEya-X17w0DGPAuBlCGvqVUdh_Is8EL810Lxw82A\/viewform?entry.1189475001=Recipient_Email<\/strong><\/a><\/p>\n<h1><\/h1>\n<p>&nbsp;<\/p>\n","protected":false},"excerpt":{"rendered":"<p>Rencontres isra\u00e9liennes:\u00a0Ido Rechnitz Pour un \u00c9tat d\u00e9mocratique fond\u00e9 sur la Torah par\u00a0 Pierre Lur\u00e7at &nbsp; Ma rencontre avec le rabbin Ido Rechnitz se d\u00e9roule quelques semaines apr\u00e8s les \u00e9lections, alors que le nouveau gouvernement n\u2019est toujours pas constitu\u00e9 et que les m\u00e9dias isra\u00e9liens sont remplis d\u2019\u00e9ditoriaux dramatiques annon\u00e7ant la prochaine constitution d\u2019un gouvernement \u00ab\u00a0d\u2019extr\u00eame-droite\u00a0\u00bb, qui &hellip;<\/p>\n<p class=\"read-more\"> <a class=\"\" href=\"https:\/\/israelmagazine.net\/?p=59040\"> <span class=\"screen-reader-text\">Rencontres isra\u00e9liennes:\u00a0Ido Rechnitz Pour un \u00c9tat d\u00e9mocratique fond\u00e9 sur la Torah<\/span> Lire la suite \u00bb<\/a><\/p>\n","protected":false},"author":4,"featured_media":59041,"comment_status":"open","ping_status":"open","sticky":false,"template":"","format":"standard","meta":{"site-sidebar-layout":"default","site-content-layout":"default","ast-global-header-display":"","ast-main-header-display":"","ast-hfb-above-header-display":"","ast-hfb-below-header-display":"","ast-hfb-mobile-header-display":"","site-post-title":"","ast-breadcrumbs-content":"","ast-featured-img":"","footer-sml-layout":"","theme-transparent-header-meta":"","adv-header-id-meta":"","stick-header-meta":"","header-above-stick-meta":"","header-main-stick-meta":"","header-below-stick-meta":""},"categories":[84,1621,839,1630,814,1665,1642,1622,1673,1191],"tags":[1739,845,1700,937,383,1105,1989,2569],"sujet":[],"_links":{"self":[{"href":"https:\/\/israelmagazine.net\/index.php?rest_route=\/wp\/v2\/posts\/59040"}],"collection":[{"href":"https:\/\/israelmagazine.net\/index.php?rest_route=\/wp\/v2\/posts"}],"about":[{"href":"https:\/\/israelmagazine.net\/index.php?rest_route=\/wp\/v2\/types\/post"}],"author":[{"embeddable":true,"href":"https:\/\/israelmagazine.net\/index.php?rest_route=\/wp\/v2\/users\/4"}],"replies":[{"embeddable":true,"href":"https:\/\/israelmagazine.net\/index.php?rest_route=%2Fwp%2Fv2%2Fcomments&post=59040"}],"version-history":[{"count":0,"href":"https:\/\/israelmagazine.net\/index.php?rest_route=\/wp\/v2\/posts\/59040\/revisions"}],"wp:featuredmedia":[{"embeddable":true,"href":"https:\/\/israelmagazine.net\/index.php?rest_route=\/"}],"wp:attachment":[{"href":"https:\/\/israelmagazine.net\/index.php?rest_route=%2Fwp%2Fv2%2Fmedia&parent=59040"}],"wp:term":[{"taxonomy":"category","embeddable":true,"href":"https:\/\/israelmagazine.net\/index.php?rest_route=%2Fwp%2Fv2%2Fcategories&post=59040"},{"taxonomy":"post_tag","embeddable":true,"href":"https:\/\/israelmagazine.net\/index.php?rest_route=%2Fwp%2Fv2%2Ftags&post=59040"},{"taxonomy":"sujet","embeddable":true,"href":"https:\/\/israelmagazine.net\/index.php?rest_route=%2Fwp%2Fv2%2Fsujet&post=59040"}],"curies":[{"name":"wp","href":"https:\/\/api.w.org\/{rel}","templated":true}]}}