{"id":59056,"date":"2022-12-22T14:25:10","date_gmt":"2022-12-22T12:25:10","guid":{"rendered":"https:\/\/israelmagazine.net\/?p=59056"},"modified":"2022-12-22T14:25:10","modified_gmt":"2022-12-22T12:25:10","slug":"netanyahou-a-informe-le-president-je-suis-en-mesure-de-former-un-gouvernement","status":"publish","type":"post","link":"https:\/\/israelmagazine.net\/?p=59056","title":{"rendered":"Netanyahou a inform\u00e9 le pr\u00e9sident \\\u00a0\u00bbJe suis en mesure de former un gouvernement\\\u00a0\u00bb"},"content":{"rendered":"<div class=\\\"nH aHU\\\">\n<div class=\\\"nH hx\\\">\n<div class=\\\"nH\\\" role=\\\"list\\\">\n<div class=\\\"h7 bg ie nH oy8Mbf\\\" tabindex=\\\"-1\\\" role=\\\"listitem\\\" aria-expanded=\\\"true\\\">\n<div class=\\\"Bk\\\">\n<div class=\\\"G3 G2 afm\\\">\n<div id=\\\":qz\\\">\n<div class=\\\"adn ads\\\" data-message-id=\\\"#msg-f:1752902005862195313\\\" data-legacy-message-id=\\\"18538f16497c6071\\\">\n<div class=\\\"gs\\\">\n<div class=\\\"\\\">\n<div id=\\\":qw\\\" class=\\\"ii gt\\\">\n<div id=\\\":qx\\\" class=\\\"a3s aiL \\\">\n<div dir=\\\"ltr\\\">\n<div class=\\\"gmail_quote\\\">\n<div dir=\\\"ltr\\\">\n<h1 dir=\\\"ltr\\\"><\/h1>\n<h1 dir=\\\"ltr\\\"><\/h1>\n<h1 dir=\\\"ltr\\\">\u00a0 \u00a0<img class=\\\"alignnone size-medium wp-image-59061\\\" src=\\\"https:\/\/israelmagazine.co.il\/wp-content\/uploads\/2022\/12\/Mon-projet-2022-12-22T142352.813-300x157.jpg\\\" alt=\\\"\\\" width=\\\"300\\\" height=\\\"157\\\" \/><\/h1>\n<h1 dir=\\\"ltr\\\"><span style=\\\"font-size: xx-large;\\\">Netanyahou a inform\u00e9 le pr\u00e9sident \\\u00a0\u00bbJe suis en mesure de former un gouvernement\\\u00a0\u00bb<\/span><\/h1>\n<p dir=\\\"ltr\\\">Le Premier ministre d\u00e9sign\u00e9 Binyamin Netanyahou a annonc\u00e9 hier soir (mercredi) au pr\u00e9sident Yitzhak Herzog qu\\&rsquo;il \u00ab a d\u00e9cid\u00e9 \u00bb de former son sixi\u00e8me gouvernement.<\/p>\n<p dir=\\\"ltr\\\">Il l\\&rsquo;a fait environ 12 minutes avant la fin du mandat que lui a confi\u00e9 le pr\u00e9sident, qui l\\&rsquo;a m\u00eame prolong\u00e9 de 10 jours, et alors que\u00a0<span id=\\\"m_2887012123958539950m_-5678746047351073061:12s.4\\\" role=\\\"menuitem\\\" aria-haspopup=\\\"true\\\">des<\/span>\u00a0discussions marathon se d\u00e9roulent encore avec le Juda\u00efsme Unifi\u00e9 de la Torah et Otzma Yehpudit sur les accords de coalition qui n\\&rsquo;ont pas encore \u00e9t\u00e9 sign\u00e9s avec les deux parties.<\/p>\n<p dir=\\\"ltr\\\">Itamar Ben Gvir a obtenu le\u00a0<span id=\\\"m_2887012123958539950m_-5678746047351073061:12s.3\\\" role=\\\"menuitem\\\" aria-haspopup=\\\"true\\\">poste<\/span>\u00a0qu\\&rsquo;il r\u00e9clamait avec un droit de veto limit\u00e9 sur la l\u00e9gislation, mais les discussions sur un accord avec son parti et avec le Juda\u00efsme de la Torah se poursuivent en raison de nouvelles difficult\u00e9s.<\/p>\n<h2 dir=\\\"ltr\\\"><span style=\\\"font-size: large;\\\">Quand y aura-t-il un gouvernement, et que doit encore n\u00e9gocier Netanyahou jusqu\\&rsquo;\u00e0 l\\&rsquo;investiture ?<\/span><\/h2>\n<p dir=\\\"ltr\\\">Netanyahou a d\u00e9clar\u00e9 \u00e0 Herzog, lors de l\\&rsquo;appel :\u00a0<i>\\\u00a0\u00bbHonorable Pr\u00e9sident, gr\u00e2ce \u00e0 l\\&rsquo;\u00e9norme soutien public que nous avons re\u00e7u lors\u00a0<span id=\\\"m_2887012123958539950m_-5678746047351073061:12s.5\\\" role=\\\"menuitem\\\" aria-haspopup=\\\"true\\\">des<\/span>\u00a0derni\u00e8res \u00e9lections, j\\&rsquo;ai pu \u00e9tablir un gouvernement qui travaillera pour le b\u00e9n\u00e9fice de tous les citoyens d\\&rsquo;Isra\u00ebl. J\\&rsquo;ai l\\&rsquo;intention de l\\&rsquo;\u00e9tablir d\u00e8s que possible la semaine prochaine<\/i>.\\\u00a0\u00bb<\/p>\n<p dir=\\\"ltr\\\">Herzog a r\u00e9pondu\u00a0: \\\u00a0\u00bb<em>Je vous souhaite du succ\u00e8s. Le devoir est d\\&rsquo;agir pour le bien de toute la nation d\\&rsquo;Isra\u00ebl et du public en Isra\u00ebl et j\\&rsquo;esp\u00e8re que vous vous\u00a0<span id=\\\"m_2887012123958539950m_-5678746047351073061:12s.6\\\" role=\\\"menuitem\\\" aria-haspopup=\\\"true\\\">mobiliserez<\/span> tous pour cette mission<\/em>.\\\u00a0\u00bb<\/p>\n<h2 dir=\\\"ltr\\\">Le diable (des accords) est dans les d\u00e9tails<\/h2>\n<p dir=\\\"ltr\\\">Il n\\&rsquo;\u00e9tait point n\u00e9cessaire de pr\u00e9senter les accords sign\u00e9s, mais Bibi Netanyahou a essay\u00e9 d\\&rsquo;utiliser cette fen\u00eatre de temps pour pousser ses partenaires de la coalition dans leurs retranchements, baisser le prix d\\&rsquo;entr\u00e9e et faire comprendre qu\\&rsquo;ils devaient \u00eatre sign\u00e9s.<\/p>\n<p dir=\\\"ltr\\\">Le pr\u00e9sident <span id=\\\"m_2887012123958539950m_-5678746047351073061:12s.7\\\" role=\\\"menuitem\\\" aria-haspopup=\\\"true\\\">d\\&rsquo;Otzma<\/span>\u00a0Yehoudit, Itamar Ben Gvir, et le pr\u00e9sident de\u00a0<span id=\\\"m_2887012123958539950m_-5678746047351073061:12s.8\\\" role=\\\"menuitem\\\" aria-haspopup=\\\"true\\\">Degal<\/span>\u00a0HaTorah, Moshe Gafni, ont refus\u00e9 de signer et ont demand\u00e9 \u00e0 poursuivre les discussions, qui tournent, entre autres, autour de leur d\u00e9sir de parvenir \u00e0\u00a0<span id=\\\"m_2887012123958539950m_-5678746047351073061:12s.9\\\" role=\\\"menuitem\\\" aria-haspopup=\\\"true\\\">des<\/span>\u00a0accords d\u00e9taill\u00e9s, tandis que Netanyahou voulait parvenir \u00e0 un texte g\u00e9n\u00e9ral.<\/p>\n<h2 dir=\\\"ltr\\\">La rage vengeresse de Lapid<\/h2>\n<p dir=\\\"ltr\\\">Le Premier ministre int\u00e9rimaire sortant, Yair Lapid, a r\u00e9pondu qu\\&rsquo;\\\u00a0\u00bbil appartenait \u00e0 Ben Gvir et Smotrich d\\&rsquo;\u00e9tablir le gouvernement le plus extr\u00eame de l\\&rsquo;histoire du pays\\\u00a0\u00bb, et a annonc\u00e9 qu\\&rsquo;il tiendrait une conf\u00e9rence de presse \u00e0 Tel-Aviv &#8211; jeudi 23 d\u00e9cembre, \u00e0 20h15.<\/p>\n<p dir=\\\"ltr\\\">Le ministre d\u00e9sign\u00e9 de la S\u00e9curit\u00e9 nationale, Ben Gvir, a exig\u00e9 tout au long du processus, que Bibi lui offre le <span id=\\\"m_2887012123958539950m_-5678746047351073061:12s.11\\\" role=\\\"menuitem\\\" aria-haspopup=\\\"true\\\">poste<\/span>\u00a0de pr\u00e9sident par int\u00e9rim du Comit\u00e9 minist\u00e9riel\u00a0<span id=\\\"m_2887012123958539950m_-5678746047351073061:12s.12\\\" role=\\\"menuitem\\\" aria-haspopup=\\\"true\\\">des<\/span>\u00a0affaires l\u00e9gislatives, ce qu\\&rsquo;il a obtenu.<\/p>\n<h2 dir=\\\"ltr\\\">Ben Gvir : un droit de veto plus limit\u00e9 qu\\&rsquo;esp\u00e9r\u00e9<\/h2>\n<p dir=\\\"ltr\\\">Les accords entre Otzma Yehoudit et le membre \u00e9minent du Likoud, Yariv Levin &#8211; qui devrait \u00eatre nomm\u00e9 ministre de la Justice &#8211; consiste \u00e0 d\u00e9terminer qui sera le pr\u00e9sident du Comit\u00e9 en tant que ministre, alors que Ben Gvir doit agir en tant que son adjoint et aura\u00a0<span id=\\\"m_2887012123958539950m_-5678746047351073061:12s.14\\\" role=\\\"menuitem\\\" aria-haspopup=\\\"true\\\">des<\/span>\u00a0droits de veto limit\u00e9s. Il ne pourra opposer son veto \u00e0 aucune loi, sauf dans quelques cas et selon un quota qui sera d\u00e9cid\u00e9.<\/p>\n<p>Hormis Ben Gvir, il subsiste\u00a0<span id=\\\"m_2887012123958539950m_-5678746047351073061:12s.15\\\" role=\\\"menuitem\\\" aria-haspopup=\\\"true\\\">des<\/span>\u00a0frictions avec \u00e9galement avec les repr\u00e9sentants de\u00a0<span id=\\\"m_2887012123958539950m_-5678746047351073061:12s.16\\\" role=\\\"menuitem\\\" aria-haspopup=\\\"true\\\">Degal<\/span> HaTorah &#8211; la faction lituanienne du Juda\u00efsme de la Torah dirig\u00e9e par Moshe Gafni -, et il faut encore signer\u00a0<span id=\\\"m_2887012123958539950m_-5678746047351073061:12s.18\\\" role=\\\"menuitem\\\" aria-haspopup=\\\"true\\\">des<\/span>\u00a0clauses plus d\u00e9taill\u00e9es concernant le domaine du logement.<\/p>\n<p dir=\\\"ltr\\\">Un accord de coalition n\\&rsquo;a pas non plus encore \u00e9t\u00e9 sign\u00e9 avec le Shas &#8211; mais il n\\&rsquo;y a pas de difficult\u00e9s avec le parti de Deri.<\/p>\n<h2 dir=\\\"ltr\\\">Smotrich compte bien r\u00e9former le syst\u00e8me judiciaire<\/h2>\n<p dir=\\\"ltr\\\">Au moment de l\\&rsquo;appel t\u00e9l\u00e9phonique de Netanyahou au pr\u00e9sident, Bezalel Smotrich a annonc\u00e9 la signature de l\\&rsquo;accord de coalition entre les partis. Le parti a annonc\u00e9 que dans le cadre\u00a0<span id=\\\"m_2887012123958539950m_-5678746047351073061:12s.19\\\" role=\\\"menuitem\\\" aria-haspopup=\\\"true\\\">des<\/span>\u00a0accords, il \u00e9tait d\u00e9termin\u00e9 qu\\&rsquo;une r\u00e9forme du syst\u00e8me juridiciaire serait promue (sans fournir de d\u00e9tails pr\u00e9cis), un grand rabbin\u00a0national-religieux serait nomm\u00e9,\u00a0<span id=\\\"m_2887012123958539950m_-5678746047351073061:12s.20\\\" role=\\\"menuitem\\\" aria-haspopup=\\\"true\\\">des<\/span>\u00a0modifications l\u00e9gislatives seraient apport\u00e9es concernant la section\u00a0<span id=\\\"m_2887012123958539950m_-5678746047351073061:12s.21\\\" role=\\\"menuitem\\\" aria-haspopup=\\\"true\\\">des<\/span>\u00a0droits\u00a0<span id=\\\"m_2887012123958539950m_-5678746047351073061:12s.22\\\" role=\\\"menuitem\\\" aria-haspopup=\\\"true\\\">des<\/span> petits-fils de la loi du retour \u00e0 faire leur Alyah et une loi fondamentale serait \u00e9dict\u00e9e sur l\\&rsquo;\u00e9tude de la Torah, dans le cadre de laquelle il serait d\u00e9termin\u00e9 que l\\&rsquo;\u00e9tude de la Torah est une valeur fondamentale dans le patrimoine du peuple juif.<\/p>\n<p dir=\\\"ltr\\\">Le sionisme religieux a \u00e9galement annonc\u00e9 que dans l\\&rsquo;accord de coalition, il \u00e9tait stipul\u00e9 que dans les 60 jours suivant l\\&rsquo;\u00e9tablissement du gouvernement, une d\u00e9cision sur la r\u00e9glementation\u00a0<span id=\\\"m_2887012123958539950m_-5678746047351073061:12s.23\\\" role=\\\"menuitem\\\" aria-haspopup=\\\"true\\\">des<\/span> Implantations r\u00e9centes serait adopt\u00e9e. Les accords de coalition, rappelons-le, comportent les orientations g\u00e9n\u00e9rales partag\u00e9es par les partis de la coalition, ainsi que\u00a0<span id=\\\"m_2887012123958539950m_-5678746047351073061:12s.24\\\" role=\\\"menuitem\\\" aria-haspopup=\\\"true\\\">des<\/span>\u00a0clauses particuli\u00e8res qui concernent sp\u00e9cifiquement le parti qui les signe devant le parti au pouvoir. Ils ressemblent \u00e0 un contrat l\u00e9gal et sont parfois r\u00e9dig\u00e9s en cons\u00e9quence, mais ils n\\&rsquo;ont aucun effet juridique &#8211; il est donc impossible d\\&rsquo;aller en justice pour non-respect\u00a0<span id=\\\"m_2887012123958539950m_-5678746047351073061:12s.25\\\" role=\\\"menuitem\\\" aria-haspopup=\\\"true\\\">des<\/span>\u00a0clauses qu\\&rsquo;ils contiennent.<\/p>\n<h2 dir=\\\"ltr\\\"><span style=\\\"font-size: large;\\\">La semaine prochaine, ou quelque temps\u00a0apr\u00e8s ?<\/span><\/h2>\n<p dir=\\\"ltr\\\">Malgr\u00e9 l\\&rsquo;annonce, la formation du gouvernement risque encore d\\&rsquo;\u00eatre retard\u00e9e car Netanyahou pourrait \\\u00a0\u00bbjouer\\\u00a0\u00bb un peu sur l\\&rsquo;\u00e9ch\u00e9ance et la reporter au lundi de la semaine suivante, c\\&rsquo;est-\u00e0-dire avec presque deux semaines de d\u00e9calage sur le programme officiel. Selon le protocole, il s\\&rsquo;agit d\\&rsquo;un message officiel qui doit \u00eatre remis au pr\u00e9sident et en m\u00eame temps officiellement au pr\u00e9sident de la Knesset &#8211; et une fois que le message parviendra \u00e0 la Knesset, Netanyahou aura une semaine pour satisfaire \u00e0 l\\&rsquo;\u00e9rection du nouveau gouvernement sous sa direction &#8211; et il n\\&rsquo;aura pas la possibilit\u00e9 de demander \u00e0 Herzog une nouvelle prolongation de d\u00e9lai.<\/p>\n<h2 dir=\\\"ltr\\\">Pr\u00eats \u00e0 pr\u00eater serment mercredi 28\/12, mais&#8230;<\/h2>\n<p dir=\\\"ltr\\\">D\\&rsquo;abord, les membres de la future coalition ont re\u00e7u un message selon lequel ils doivent se pr\u00e9parer pour la c\u00e9r\u00e9monie de prestation de serment mercredi prochain, mais hier, le Likoud a d\u00e9j\u00e0 annonc\u00e9 que l\\&rsquo;\u00e9v\u00e9nement serait report\u00e9 \u00e0 jeudi prochain et peut-\u00eatre m\u00eame \u00e0 lundi dans environ deux semaines. La question qui reste ouverte est de savoir quand la notification officielle sera remise \u00e0 la Knesset, car c\\&rsquo;est la date qui d\u00e9termine le d\u00e9but du compte \u00e0 rebours de sept jours jusqu\\&rsquo;\u00e0 la pr\u00e9sentation du nouveau gouvernement.\u00a0\u00a0Le Premier ministre d\u00e9sign\u00e9 est d\u00e9termin\u00e9 \u00e0 donner \u00e0, au moins, un de ses adversaires clairement d\u00e9sign\u00e9 un\u00a0<span id=\\\"m_2887012123958539950m_-5678746047351073061:12s.64\\\" role=\\\"menuitem\\\" aria-haspopup=\\\"true\\\">poste<\/span> de direction et il pense que c\\&rsquo;est suffisant pour \u00e9touffer toute association \u00e9ventuelle de groupes d\\&rsquo;int\u00e9r\u00eats contre lui.<\/p>\n<h2 dir=\\\"ltr\\\">Neutraliser les contestataires<\/h2>\n<div class=\\\"adL\\\">\n<div class=\\\"im\\\">\n<p dir=\\\"ltr\\\">Ces derniers jours,\u00a0<span id=\\\"m_2887012123958539950m_-5678746047351073061:12s.75\\\" role=\\\"menuitem\\\" aria-haspopup=\\\"true\\\">des<\/span>\u00a0n\u00e9gociations ont eu lieu avec le d\u00e9put\u00e9 Dodi Amsalem, qui a refus\u00e9 d\\&rsquo;entendre d\\&rsquo;\u00e9ventuelles propositions et a de nouveau pr\u00e9cis\u00e9 que s\\&rsquo;il n\\&rsquo;acceptait pas le\u00a0<span id=\\\"m_2887012123958539950m_-5678746047351073061:12s.87\\\" role=\\\"menuitem\\\" aria-haspopup=\\\"true\\\">poste<\/span>\u00a0de pr\u00e9sident de la Knesset ou le\u00a0<span id=\\\"m_2887012123958539950m_-5678746047351073061:12s.88\\\" role=\\\"menuitem\\\" aria-haspopup=\\\"true\\\">poste<\/span>\u00a0de ministre de la Justice, il pr\u00e9f\u00e9rerait rester membre \u00e0 part enti\u00e8re de la Knesset et travailler dans\u00a0<span id=\\\"m_2887012123958539950m_-5678746047351073061:12s.94\\\" role=\\\"menuitem\\\" aria-haspopup=\\\"true\\\">des<\/span>\u00a0commissions.\u00a0En outre, on ne sait toujours pas qui occupera les portefeuilles et les postes de direction laiss\u00e9s par le Likoud, notamment le pr\u00e9sident de la Knesset, le ministre de la D\u00e9fense, le ministre\u00a0<span id=\\\"m_2887012123958539950m_-5678746047351073061:12s.107\\\" role=\\\"menuitem\\\" aria-haspopup=\\\"true\\\">des<\/span>\u00a0Affaires \u00e9trang\u00e8res et le ministre\u00a0<span id=\\\"m_2887012123958539950m_-5678746047351073061:12s.110\\\" role=\\\"menuitem\\\" aria-haspopup=\\\"true\\\">des<\/span>\u00a0Transports.\u00a0 Le portefeuille de la d\u00e9fense est destin\u00e9 \u00e0 Yoav Galant, mais il reste encore\u00a0<span id=\\\"m_2887012123958539950m_-5678746047351073061:12s.118\\\" role=\\\"menuitem\\\" aria-haspopup=\\\"true\\\">des<\/span>\u00a0pi\u00e8ces non r\u00e9solues dans le puzzle\u00a0<span id=\\\"m_2887012123958539950m_-5678746047351073061:12s.122\\\" role=\\\"menuitem\\\" aria-haspopup=\\\"true\\\">des<\/span>\u00a0autres postes.<\/p>\n<p dir=\\\"ltr\\\">On estime que malgr\u00e9 la complexit\u00e9, Yariv Levin devrait occuper le\u00a0<span id=\\\"m_2887012123958539950m_-5678746047351073061:12s.128\\\" role=\\\"menuitem\\\" aria-haspopup=\\\"true\\\">poste<\/span>\u00a0de ministre de la Justice et sera l\\&rsquo;homme \u00e0 la t\u00eate de grandes r\u00e9formes sur le terrain :<\/p>\n<p dir=\\\"ltr\\\">Amir Ohana, Ron Dermer et\u00a0<span id=\\\"m_2887012123958539950m_-5678746047351073061:12s.138\\\" role=\\\"menuitem\\\" aria-haspopup=\\\"true\\\">Israel<\/span>\u00a0Katz sont toujours en comp\u00e9tition pour le\u00a0<span id=\\\"m_2887012123958539950m_-5678746047351073061:12s.142\\\" role=\\\"menuitem\\\" aria-haspopup=\\\"true\\\">poste<\/span>\u00a0de ministre\u00a0<span id=\\\"m_2887012123958539950m_-5678746047351073061:12s.143\\\" role=\\\"menuitem\\\" aria-haspopup=\\\"true\\\">des<\/span>\u00a0Affaires \u00e9trang\u00e8res, et Netanyahu envisage m\u00eame une rotation \u00e0 ce\u00a0<span id=\\\"m_2887012123958539950m_-5678746047351073061:12s.150\\\" role=\\\"menuitem\\\" aria-haspopup=\\\"true\\\">poste<\/span>.<\/p>\n<\/div>\n<\/div>\n<\/div>\n<div class=\\\"adL\\\">\n<p><strong>La suite de l\u2019article se trouve dans le prochain num\u00e9ro d\u2019Isra\u00ebl Magazine<\/strong><\/p>\n<p><strong>D\u00e9couvrez un exemplaire du magazine gratuitement et cliquez ensuite sur le rebord droit<\/strong><\/p>\n<p><a href=\\\"https:\/\/online.fliphtml5.com\/rjspi\/ypmm\/#p=1\\\"><strong>https:\/\/online.fliphtml5.com\/rjspi\/ypmm\/#p=1<\/strong><\/a><\/p>\n<p><strong>Votre magazine est livr\u00e9 chez vous en toute confidentialit\u00e9<br \/>\nS\u2019abonner au magazine par t\u00e9l\u00e9phone ou par whats app 00972 (0) 54 254 45 20 ou au 01 86 98 27 27<\/strong><\/p>\n<p><strong>Par email\u00a0\u00a0<\/strong><a href=\\\"mailto:Andredarmon21@gmail.com\\\"><strong>Andredarmon21@gmail.com<\/strong><\/a><strong>\u00a0 pay pal<\/strong><\/p>\n<p><strong>Ou directement sur le site<\/strong><\/p>\n<p><a href=\\\"https:\/\/israelmagazine.co.il\/sabonner-au-magazine\/\\\"><strong>https:\/\/israelmagazine.co.il\/sabonner-au-magazine\/<\/strong><\/a><\/p>\n<p><strong>Loi du Retour ou qui est Juif ?Ou encore S\u2019abonner au magazine livr\u00e9 chez vous en toute confidentialit\u00e9. Remplir le formulaire<\/strong><\/p>\n<p><a href=\\\"https:\/\/docs.google.com\/forms\/d\/e\/1FAIpQLSfPYJfb8KjEya-X17w0DGPAuBlCGvqVUdh_Is8EL810Lxw82A\/viewform?entry.1189475001=Recipient_Email\\\"><strong>https:\/\/docs.google.com\/forms\/d\/e\/1FAIpQLSfPYJfb8KjEya-X17w0DGPAuBlCGvqVUdh_Is8EL810Lxw82A\/viewform?entry.1189475001=Recipient_Email<\/strong><\/a><\/p>\n<\/div>\n<\/div>\n<\/div>\n<div class=\\\"adL\\\"><\/div>\n<\/div>\n<\/div>\n<div class=\\\"hi\\\"><\/div>\n<\/div>\n<\/div>\n<div class=\\\"ajx\\\"><\/div>\n<\/div>\n<div class=\\\"gA gt acV\\\">\n<div class=\\\"gB xu\\\">\n<div class=\\\"ip iq\\\">\n<div id=\\\":qv\\\"><\/div>\n<\/div>\n<\/div>\n<\/div>\n<\/div>\n<\/div>\n<\/div>\n<\/div>\n<\/div>\n<div class=\\\"nH\\\"><\/div>\n<div class=\\\"nH\\\"><\/div>\n<\/div>\n<\/div>\n<div class=\\\"nH\\\"><\/div>\n","protected":false},"excerpt":{"rendered":"<p>\u00a0 \u00a0 Netanyahou a inform\u00e9 le pr\u00e9sident \\\u00a0\u00bbJe suis en mesure de former un gouvernement\\\u00a0\u00bb Le Premier ministre d\u00e9sign\u00e9 Binyamin Netanyahou a annonc\u00e9 hier soir (mercredi) au pr\u00e9sident Yitzhak Herzog qu\\&rsquo;il \u00ab a d\u00e9cid\u00e9 \u00bb de former son sixi\u00e8me gouvernement. Il l\\&rsquo;a fait environ 12 minutes avant la fin du mandat que lui a confi\u00e9 &hellip;<\/p>\n<p class=\"read-more\"> <a class=\"\" href=\"https:\/\/israelmagazine.net\/?p=59056\"> <span class=\"screen-reader-text\">Netanyahou a inform\u00e9 le pr\u00e9sident \\\u00a0\u00bbJe suis en mesure de former un gouvernement\\\u00a0\u00bb<\/span> Lire la suite \u00bb<\/a><\/p>\n","protected":false},"author":4,"featured_media":59059,"comment_status":"open","ping_status":"open","sticky":false,"template":"","format":"standard","meta":{"site-sidebar-layout":"default","site-content-layout":"default","ast-global-header-display":"","ast-main-header-display":"","ast-hfb-above-header-display":"","ast-hfb-below-header-display":"","ast-hfb-mobile-header-display":"","site-post-title":"","ast-breadcrumbs-content":"","ast-featured-img":"","footer-sml-layout":"","theme-transparent-header-meta":"","adv-header-id-meta":"","stick-header-meta":"","header-above-stick-meta":"","header-main-stick-meta":"","header-below-stick-meta":""},"categories":[84,1621,1612,1617,1622,1673,1191],"tags":[386,1739,845,881,1240,2013,1628,383,1964],"sujet":[],"_links":{"self":[{"href":"https:\/\/israelmagazine.net\/index.php?rest_route=\/wp\/v2\/posts\/59056"}],"collection":[{"href":"https:\/\/israelmagazine.net\/index.php?rest_route=\/wp\/v2\/posts"}],"about":[{"href":"https:\/\/israelmagazine.net\/index.php?rest_route=\/wp\/v2\/types\/post"}],"author":[{"embeddable":true,"href":"https:\/\/israelmagazine.net\/index.php?rest_route=\/wp\/v2\/users\/4"}],"replies":[{"embeddable":true,"href":"https:\/\/israelmagazine.net\/index.php?rest_route=%2Fwp%2Fv2%2Fcomments&post=59056"}],"version-history":[{"count":0,"href":"https:\/\/israelmagazine.net\/index.php?rest_route=\/wp\/v2\/posts\/59056\/revisions"}],"wp:featuredmedia":[{"embeddable":true,"href":"https:\/\/israelmagazine.net\/index.php?rest_route=\/"}],"wp:attachment":[{"href":"https:\/\/israelmagazine.net\/index.php?rest_route=%2Fwp%2Fv2%2Fmedia&parent=59056"}],"wp:term":[{"taxonomy":"category","embeddable":true,"href":"https:\/\/israelmagazine.net\/index.php?rest_route=%2Fwp%2Fv2%2Fcategories&post=59056"},{"taxonomy":"post_tag","embeddable":true,"href":"https:\/\/israelmagazine.net\/index.php?rest_route=%2Fwp%2Fv2%2Ftags&post=59056"},{"taxonomy":"sujet","embeddable":true,"href":"https:\/\/israelmagazine.net\/index.php?rest_route=%2Fwp%2Fv2%2Fsujet&post=59056"}],"curies":[{"name":"wp","href":"https:\/\/api.w.org\/{rel}","templated":true}]}}