{"id":59073,"date":"2022-12-26T08:46:53","date_gmt":"2022-12-26T06:46:53","guid":{"rendered":"https:\/\/israelmagazine.net\/?p=59073"},"modified":"2022-12-26T08:46:53","modified_gmt":"2022-12-26T06:46:53","slug":"des-tenors-du-likoud-contre-la-nomination-de-ron-dermer-aux-affaires-etrangeres","status":"publish","type":"post","link":"https:\/\/israelmagazine.net\/?p=59073","title":{"rendered":"Des t\u00e9nors du Likoud contre la nomination de Ron Dermer aux Affaires \u00e9trang\u00e8res"},"content":{"rendered":"<div class=\\\"fig-graphic\\\">\n<picture><img title=\\\"120213_kampeas_dermer_lede2.jpg\\\" src=\\\"https:\/\/static.politico.com\/dims4\/default\/8d43cc4\/2147483647\/resize\/1160x%3E\/quality\/90\/?url=http%3A%2F%2Fs3-origin-images.politico.com%2F2013%2F12%2F02%2F120213_kampeas_dermer_lede2.jpg\\\" alt=\\\"120213_kampeas_dermer_lede2.jpg\\\" \/><\/picture>\n<\/div>\n<div dir=\\\"ltr\\\">\n<div>\n<h1 dir=\\\"ltr\\\"><span style=\\\"font-size: xx-large;\\\">Des t\u00e9nors du Likoud contre la nomination de Ron Dermer aux Affaires \u00e9trang\u00e8res<\/span><\/h1>\n<p dir=\\\"ltr\\\">Des d\u00e9put\u00e9s de haut rang font pression sur le Premier ministre d\u00e9sign\u00e9 Binyamin Netanyahou pour qu\\&rsquo;il donne le portefeuille des Affaires \u00c9trang\u00e8res \u00e0 l\\&rsquo;un d\\&rsquo;entre eux &#8211; et non \u00e0 Ron Dermer.<\/p>\n<p dir=\\\"ltr\\\">Le Premier ministre Binyamin Netanyahou a demand\u00e9 au pr\u00e9sident de la Knesset, Yariv Levin, de se pr\u00e9parer \u00e0 la prestation de serment du gouvernement ce jeudi. Mais l\\&rsquo;un des casse-t\u00eates qui l\\&rsquo;occupera jusqu\\&rsquo;\u00e0 la derni\u00e8re minute sera la r\u00e9partition des postes minist\u00e9riels aux d\u00e9put\u00e9s du Likoud.<\/p>\n<h2><span style=\\\"font-size: large;\\\">Dermer, \\\u00a0\u00bbcerveau de Bibi \u00e0 Washington\\\u00a0\u00bb, n\\&rsquo;aurait pas fait ses classes au parti ?<\/span><\/h2>\n<p dir=\\\"ltr\\\">\\\u00a0\u00bbYediot Ahronoth\\\u00a0\u00bb a r\u00e9v\u00e9l\u00e9, dimanche 25 d\u00e9cembre, la col\u00e8re parmi les hauts responsables du Likoud : ils font barrrage \u00e0 l\\&rsquo;intention de Netanyahou de nommer son proche collaborateur, l\\&rsquo;ancien ambassadeur Ron Dermer, au poste de ministre des Affaires \u00e9trang\u00e8res.<\/p>\n<p dir=\\\"ltr\\\">\\\u00a0\u00bbDonner \u00e0 Dermer le poste de ministre des Affaires \u00e9trang\u00e8res, c\\&rsquo;est cracher au visage des membres du parti\\\u00a0\u00bb, a d\u00e9clar\u00e9 un haut responsable likoudnik. \\\u00a0\u00bbSi Dermer veut \u00eatre ministre, alors s\\&rsquo;il vous pla\u00eet \u2013 faisons en sorte qu\u2019il obtienne un portefeuille au sein du bureau du Premier ministre. Quelle audace peut-elle le pousser \u00e0 venir de l\\&rsquo;ext\u00e9rieur pour r\u00e9clamer d\\&rsquo;\u00eatre ministre des Affaires \u00e9trang\u00e8res ? Il ne s\\&rsquo;est pas pr\u00e9sent\u00e9 aux primaires, n\\&rsquo;a pas fait partie d\\&rsquo;un mouvement et maintenant, il r\u00e9clame l\\&rsquo;un des deux principaux portefeuilles qui restent encore entre les mains du Likoud.\\\u00a0\u00bb<\/p>\n<h2><span style=\\\"font-size: large;\\\">Ron Dermer, une ressource strat\u00e9gique en Am\u00e9rique<\/span><\/h2>\n<p dir=\\\"ltr\\\">On pense que Netanyahou, attentif aux voix qu\\&rsquo;il entend, est pourtant d\u00e9termin\u00e9 \u00e0no mmer Ron Dermer\u00a0 \u00a0au sein de son gouvernement et s\\&rsquo;occupe des questions politiques strat\u00e9giques. Il est fort possible qu\\&rsquo;il le nomme ministre au sein du cabinet du Premier ministre qui s\\&rsquo;occupera de ces questions.<\/p>\n<p dir=\\\"ltr\\\">Netanyahou doit \u00e9galement choisir un pr\u00e9sident de la Knesset \u00e0 la place de Yariv Levin, d\u00e9sign\u00e9 pour devenir ministre de la Justice. Amir Ohana est consid\u00e9r\u00e9 comme un candidat en t\u00eate de liste, mais il est tr\u00e8s possible qu\\&rsquo;il soit nomm\u00e9 au poste de ministre des Affaires \u00e9trang\u00e8res. Dans ce cas, Netanyahou devra choisir entre Ofir Akounis et Yoav Kish, Dodi Amsalem \u00e9tant \u00e9galement consid\u00e9r\u00e9 comme un candidat possible, mais Netanyahou pr\u00e9f\u00e9rerait qu\u2019il soit nomm\u00e9 \u00e0 un autre poste.<\/p>\n<p dir=\\\"ltr\\\">M\u00eame si les repr\u00e9sentants de l\\&rsquo;Administration Biden ne partagent pas ses vues, il est appr\u00e9ci\u00e9 au Congr\u00e8s et \u00e0 la Maison Blanche comme un fin connaisseur des subtilit\u00e9s des relations isra\u00e9lo-am\u00e9ricaines. Ceci, bien qu\\&rsquo;ayant eu du fil \u00e0 retordre sous l\\&rsquo;administration Obama. Celle-ci lui a notamment reproch\u00e9 d\\&rsquo;\u00eatre l\\&rsquo;orchestrateur, avec le porte-parole d\\&rsquo;alors au Congr\u00e8s, le r\u00e9publicain John Boehner, \u00e0 l\\&rsquo;origine du discours de Bibi Netanyahou contre la bombe iranienne, devant cette assembl\u00e9e, en mars 2015, derri\u00e8re le dos d\\&rsquo;Obama.<\/p>\n<p dir=\\\"ltr\\\">On le per\u00e7oit aussi comme le futur metteur en sc\u00e8ne d\\&rsquo;\u00e9ventuels accords d\\&rsquo;Abraham avec l\\&rsquo;Arabie Saoudite, en provoquant le rapprochement souhait\u00e9 entre Washington et Riyad.<\/p>\n<p><strong>La suite de l\u2019article se trouve dans le prochain num\u00e9ro d\u2019Isra\u00ebl Magazine<\/strong><\/p>\n<p><strong>D\u00e9couvrez un exemplaire du magazine gratuitement et cliquez ensuite sur le rebord droit<\/strong><\/p>\n<p><a href=\\\"https:\/\/online.fliphtml5.com\/rjspi\/ypmm\/#p=1\\\"><strong>https:\/\/online.fliphtml5.com\/rjspi\/ypmm\/#p=1<\/strong><\/a><\/p>\n<p><strong>Votre magazine est livr\u00e9 chez vous en toute confidentialit\u00e9<br \/>\nS\u2019abonner au magazine par t\u00e9l\u00e9phone ou par whats app 00972 (0) 54 254 45 20 ou au 01 86 98 27 27<\/strong><\/p>\n<p><strong>Par email\u00a0\u00a0<\/strong><a href=\\\"mailto:Andredarmon21@gmail.com\\\"><strong>Andredarmon21@gmail.com<\/strong><\/a><strong>\u00a0 pay pal<\/strong><\/p>\n<p><strong>Ou directement sur le site<\/strong><\/p>\n<p><a href=\\\"https:\/\/israelmagazine.co.il\/sabonner-au-magazine\/\\\"><strong>https:\/\/israelmagazine.co.il\/sabonner-au-magazine\/<\/strong><\/a><\/p>\n<p><strong>Loi du Retour ou qui est Juif ?Ou encore S\u2019abonner au magazine livr\u00e9 chez vous en toute confidentialit\u00e9. Remplir le formulaire<\/strong><\/p>\n<p><a href=\\\"https:\/\/docs.google.com\/forms\/d\/e\/1FAIpQLSfPYJfb8KjEya-X17w0DGPAuBlCGvqVUdh_Is8EL810Lxw82A\/viewform?entry.1189475001=Recipient_Email\\\"><strong>https:\/\/docs.google.com\/forms\/d\/e\/1FAIpQLSfPYJfb8KjEya-X17w0DGPAuBlCGvqVUdh_Is8EL810Lxw82A\/viewform?entry.1189475001=Recipient_Email<\/strong><\/a><\/p>\n<\/div>\n<\/div>\n","protected":false},"excerpt":{"rendered":"<p>Des t\u00e9nors du Likoud contre la nomination de Ron Dermer aux Affaires \u00e9trang\u00e8res Des d\u00e9put\u00e9s de haut rang font pression sur le Premier ministre d\u00e9sign\u00e9 Binyamin Netanyahou pour qu\\&rsquo;il donne le portefeuille des Affaires \u00c9trang\u00e8res \u00e0 l\\&rsquo;un d\\&rsquo;entre eux &#8211; et non \u00e0 Ron Dermer. Le Premier ministre Binyamin Netanyahou a demand\u00e9 au pr\u00e9sident de &hellip;<\/p>\n<p class=\"read-more\"> <a class=\"\" href=\"https:\/\/israelmagazine.net\/?p=59073\"> <span class=\"screen-reader-text\">Des t\u00e9nors du Likoud contre la nomination de Ron Dermer aux Affaires \u00e9trang\u00e8res<\/span> Lire la suite \u00bb<\/a><\/p>\n","protected":false},"author":4,"featured_media":59074,"comment_status":"open","ping_status":"open","sticky":false,"template":"","format":"standard","meta":{"site-sidebar-layout":"default","site-content-layout":"default","ast-global-header-display":"","ast-main-header-display":"","ast-hfb-above-header-display":"","ast-hfb-below-header-display":"","ast-hfb-mobile-header-display":"","site-post-title":"","ast-breadcrumbs-content":"","ast-featured-img":"","footer-sml-layout":"","theme-transparent-header-meta":"","adv-header-id-meta":"","stick-header-meta":"","header-above-stick-meta":"","header-main-stick-meta":"","header-below-stick-meta":""},"categories":[84,1621,1612,1617,1679,1674,1191,2837],"tags":[1739,810,881,1474,1628,877],"sujet":[],"_links":{"self":[{"href":"https:\/\/israelmagazine.net\/index.php?rest_route=\/wp\/v2\/posts\/59073"}],"collection":[{"href":"https:\/\/israelmagazine.net\/index.php?rest_route=\/wp\/v2\/posts"}],"about":[{"href":"https:\/\/israelmagazine.net\/index.php?rest_route=\/wp\/v2\/types\/post"}],"author":[{"embeddable":true,"href":"https:\/\/israelmagazine.net\/index.php?rest_route=\/wp\/v2\/users\/4"}],"replies":[{"embeddable":true,"href":"https:\/\/israelmagazine.net\/index.php?rest_route=%2Fwp%2Fv2%2Fcomments&post=59073"}],"version-history":[{"count":0,"href":"https:\/\/israelmagazine.net\/index.php?rest_route=\/wp\/v2\/posts\/59073\/revisions"}],"wp:featuredmedia":[{"embeddable":true,"href":"https:\/\/israelmagazine.net\/index.php?rest_route=\/"}],"wp:attachment":[{"href":"https:\/\/israelmagazine.net\/index.php?rest_route=%2Fwp%2Fv2%2Fmedia&parent=59073"}],"wp:term":[{"taxonomy":"category","embeddable":true,"href":"https:\/\/israelmagazine.net\/index.php?rest_route=%2Fwp%2Fv2%2Fcategories&post=59073"},{"taxonomy":"post_tag","embeddable":true,"href":"https:\/\/israelmagazine.net\/index.php?rest_route=%2Fwp%2Fv2%2Ftags&post=59073"},{"taxonomy":"sujet","embeddable":true,"href":"https:\/\/israelmagazine.net\/index.php?rest_route=%2Fwp%2Fv2%2Fsujet&post=59073"}],"curies":[{"name":"wp","href":"https:\/\/api.w.org\/{rel}","templated":true}]}}