{"id":59094,"date":"2022-12-29T09:53:02","date_gmt":"2022-12-29T07:53:02","guid":{"rendered":"https:\/\/israelmagazine.net\/?p=59094"},"modified":"2022-12-29T09:53:02","modified_gmt":"2022-12-29T07:53:02","slug":"le-37%e1%b5%89-gouvernement-disrael-investi-ce-matin","status":"publish","type":"post","link":"https:\/\/israelmagazine.net\/?p=59094","title":{"rendered":"Le 37\u1d49 gouvernement d\u2019Isra\u00ebl investi ce matin"},"content":{"rendered":"<div>\n<div>\n<div>\n<div id=\\\"m_-6398787583689965704gmail-:19z\\\">\n<div id=\\\"m_-6398787583689965704gmail-:19y\\\">\n<div dir=\\\"ltr\\\">\n<div>\n<p dir=\\\"ltr\\\"><span style=\\\"font-size: xx-large;\\\">Le 37\u1d49 gouvernement d\u2019Isra\u00ebl investi ce matin<\/span><\/p>\n<p dir=\\\"ltr\\\">Le Premier ministre entrant Benjamin Netanyahou a pr\u00e9sent\u00e9 mercredi ses accords de coalition \u00e0 la Knesset avant la prestation de serment du gouvernement jeudi. Le dirigeant de ce futur gouvernement a commenc\u00e9 \u00e0 annoncer \u00e0 ses coll\u00e8gues membres du Likoud quels seront leurs r\u00f4les dans le nouveau gouvernement et la coalition.<\/p>\n<h2 dir=\\\"ltr\\\">Les laur\u00e9ats et les d\u00e9\u00e7us des nominations<\/h2>\n<p dir=\\\"ltr\\\">Netanyahou a convoqu\u00e9 les membres du Likoud un par un \u00e0 une r\u00e9union personnelle au cours de laquelle il a annonc\u00e9 \u00e0 chacun ses\u00a0positions.<\/p>\n<p dir=\\\"ltr\\\">Yoav Gallant est officiellement le prochain ministre de la D\u00e9fense.<\/p>\n<p>Nir Barkat sera ministre de l\\&rsquo;\u00c9conomie.<\/p>\n<p style=\\\"text-align: center;\\\"><img class=\\\"alignnone size-medium wp-image-59097\\\" src=\\\"https:\/\/israelmagazine.co.il\/wp-content\/uploads\/2022\/12\/Mon-projet-2022-12-29T095039.221-240x300.jpg\\\" alt=\\\"\\\" width=\\\"240\\\" height=\\\"300\\\" \/><\/p>\n<p>Amichai Chikli a \u00e9t\u00e9 nomm\u00e9 ministre de l\\&rsquo;Egalit\u00e9 sociale et de la Diaspora.<\/p>\n<p dir=\\\"ltr\\\">Parmi les autres nominations officielles figurent Haim Katz au poste de ministre du tourisme,<\/p>\n<p dir=\\\"ltr\\\">Yoav Kisch au poste de ministre de l\\&rsquo;\u00c9ducation,<\/p>\n<p dir=\\\"ltr\\\">Avi Dichter au poste de ministre de l\\&rsquo;Agriculture et du d\u00e9veloppement rural, Shlomo Karhi au poste de ministre des communications,<\/p>\n<p dir=\\\"ltr\\\">Miri Regev au poste de ministre des Transports,<\/p>\n<p dir=\\\"ltr\\\">Idit Silman au poste de ministre de la protection de l\\&rsquo;environnement,<\/p>\n<p dir=\\\"ltr\\\">Miki Zohar au poste de ministre de la Culture et sports,<\/p>\n<p dir=\\\"ltr\\\">Ofir Akunis en tant que ministre des Sciences et de la technologie,<\/p>\n<p dir=\\\"ltr\\\">Amir Ohana en tant que pr\u00e9sident de la Knesset en attendant l\\&rsquo;approbation du pl\u00e9num jeudi,<\/p>\n<p dir=\\\"ltr\\\">Ofir Katz est nomm\u00e9 en tant que coordinateur de la coalition<\/p>\n<p dir=\\\"ltr\\\">Yuli Edelstein sera pr\u00e9sident de la Commission des affaires \u00e9trang\u00e8res et de la d\u00e9fense de la Knesset, en attendant l\\&rsquo;approbation lors d\\&rsquo;une r\u00e9union du Likoud.<\/p>\n<h2 dir=\\\"ltr\\\">Une premi\u00e8re r\u00e9union du Likoud qui tombe bien tard<\/h2>\n<p dir=\\\"ltr\\\">Les nominations sont intervenues apr\u00e8s que le Likoud a remis tous les accords de coalition au secr\u00e9tariat de la Knesset \u00e0 11 heures pr\u00e9cises, car la loi exige qu\\&rsquo;ils soient d\u00e9pos\u00e9s au moins 24 heures avant la prestation de serment du gouvernement. Une session pl\u00e9ni\u00e8re sp\u00e9ciale de la Knesset aura lieu jeudi \u00e0 partir de 11 heures, au cours duquel la Knesset votera pour ratifier le nouveau gouvernement \u2013 le 37e d\\&rsquo;Isra\u00ebl.<\/p>\n<p dir=\\\"ltr\\\">Netanyahou a r\u00e9uni son parti pour la premi\u00e8re fois depuis les \u00e9lections du 1er novembre. Il a remerci\u00e9 le parti pour ses \\\u00a0\u00bbefforts conjoints \u00e9tendus\\\u00a0\u00bb, ajoutant qu\\&rsquo;il \u00e9tait en train d\\&rsquo;\u00e9tablir \\\u00a0\u00bbun gouvernement stable pour un mandat complet, de tous les citoyens d\\&rsquo;Isra\u00ebl\\\u00a0\u00bb.<\/p>\n<h2 dir=\\\"ltr\\\">Eclats de voix entre proches<\/h2>\n<p dir=\\\"ltr\\\">Les d\u00e9put\u00e9s David Amsalem, David Bitan et Danny Danon auraient critiqu\u00e9 Netanyahou lors de la r\u00e9union pour ne pas avoir convoqu\u00e9 le parti pendant toute la dur\u00e9e des n\u00e9gociations de coalition.<\/p>\n<p dir=\\\"ltr\\\">Amsalem se serait m\u00eame emport\u00e9 contre Netanyahou et aurait accus\u00e9 le d\u00e9put\u00e9 Yariv Levin de \u00ab faire ce qu\\&rsquo;il voulait \u00bb, a rapport\u00e9 la Douzi\u00e8me cha\u00eene.<\/p>\n<p dir=\\\"ltr\\\">Danon s\\&rsquo;est prononc\u00e9 publiquement contre Netanyahou plus tard mercredi, affirmant \u00e0 la fois sur la radio de l\\&rsquo;arm\u00e9e et sur la radio KAN qu\\&rsquo;il m\u00e9ritait d\\&rsquo;occuper un poste minist\u00e9riel de haut niveau, et en exprimant sa d\u00e9ception face au processus de n\u00e9gociation.<\/p>\n<h2 dir=\\\"ltr\\\"><\/h2>\n<p dir=\\\"ltr\\\">Le d\u00e9put\u00e9 Israel Katz se serait vu proposer de servir en deuxi\u00e8me position dans une rotation en tant que ministre des Affaires \u00e9trang\u00e8res et aurait refus\u00e9 l\\&rsquo;offre. Edelstein aurait \u00e9galement \u00e9t\u00e9 m\u00e9content de sa nomination \u00e0 la Commission des affaires \u00e9trang\u00e8res, disant \u00e0 Netanyahou qu\\&rsquo;il accepterait le poste si ses coll\u00e8gues membres du Likoud le choisissaient, mais pas parce que Netanyahou le lui a conc\u00e9d\u00e9.<\/p>\n<p dir=\\\"ltr\\\">Katz s\\&rsquo;attendait apparemment \u00e0 \u00eatre choisi en premier dans une rotation, et a m\u00eame \u00e9crit sur Twitter mardi soir que les r\u00f4les \u00e9taient \u00e0 distribuer par Netanyahou et qu\\&rsquo;il respecterait tout ce qui lui serait donn\u00e9.<\/p>\n<p dir=\\\"ltr\\\">Le m\u00e9contentement de Katz, Edelstein, Amsalem, Bitan et Danon pourrait cr\u00e9er des probl\u00e8mes \u00e0 Netanyahou plus tard. Il reste \u00e0 voir comment ces tensions affecteront son mandat.<\/p>\n<h2 dir=\\\"ltr\\\">Comment r\u00e9agiront les ultras \u00e0 la nomination d\\&rsquo;Ohana ?<\/h2>\n<p dir=\\\"ltr\\\">La nomination d\\&rsquo;Ohana comme porte-parole de l\u2019Assembl\u00e9e \u00e9tait notable parce qu\\&rsquo;il est gay, et la nouvelle coalition comprend un certain nombre de politiciens qui s\\&rsquo;opposent avec v\u00e9h\u00e9mence aux droits des homosexuels, notamment Avi Maoz de Noam et Bezalel Smotrich du Parti sioniste religieux.<\/p>\n<p dir=\\\"ltr\\\">Les membres ultra-orthodoxes de la Knesset ont m\u00eame quitt\u00e9 la prestation de serment d\\&rsquo;Ohana lorsqu\\&rsquo;il est devenu d\u00e9put\u00e9 en 2015 pour cette raison.<\/p>\n<p dir=\\\"ltr\\\">Le pr\u00e9sident de la Knesset est consid\u00e9r\u00e9 comme le \u00ab citoyen n\u00b0 3 \u00bb apr\u00e8s le pr\u00e9sident et le premier ministre, et sert de pr\u00e9sident suppl\u00e9ant lorsque le chef de l\\&rsquo;\u00c9tat en exercice n\\&rsquo;est pas en service.<\/p>\n<p dir=\\\"ltr\\\">Le porte-parole de l\u2019Assembl\u00e9e contr\u00f4le \u00e9galement le rythme du passage de la l\u00e9gislation \u00e0 la Knesset et peut grandement influencer les projets de loi qui sont adopt\u00e9s et ceux qui ne le sont pas.<\/p>\n<h2 dir=\\\"ltr\\\">Signatures d\\&rsquo;accords tardives<\/h2>\n<p dir=\\\"ltr\\\">Toutes les parties, \u00e0 l\\&rsquo;exception de la faction hassidique de Yahadout HaTorah, Agudat Yisrael, ont attendu mercredi matin pour signer les accords finaux, bien que Netanyahou ait annonc\u00e9 une semaine plus t\u00f4t au pr\u00e9sident Isaac Herzog qu\\&rsquo;il avait r\u00e9ussi \u00e0 former un gouvernement.<\/p>\n<p dir=\\\"ltr\\\">Agudat Yisrael et la faction lituanienne Degel Hatorah de l\\&rsquo;UTJ ont sign\u00e9 le m\u00eame document \u2013 mettant fin \u00e0 une crise qui s\\&rsquo;est d\u00e9velopp\u00e9e mercredi soir dernier lorsque le pr\u00e9sident de Degel Hatorah, Moshe Gafni, a refus\u00e9 de signer l\\&rsquo;accord \u00e0 la derni\u00e8re minute.<\/p>\n<p dir=\\\"ltr\\\">Le changement d\\&rsquo;avis de Gafni aurait \u00e9t\u00e9 d\u00fb au fait qu\\&rsquo;il avait re\u00e7u la directive de ne pas reculer devant une demande faite \u00e0 Degel Hatorah d\\&rsquo;avoir son propre conseil rabbinique sur les t\u00e9l\u00e9phones portables \u00ab casher \u00bb, ce qui serait l\u00e9g\u00e8rement plus indulgent que le conseil actuel.<\/p>\n<p dir=\\\"ltr\\\">Degel Hatorah et Agudat Yisrael auraient d\u00e9cid\u00e9 de reporter la question jusqu\\&rsquo;\u00e0 ce que la loi annulant la r\u00e9forme des t\u00e9l\u00e9phones portables casher du ministre sortant des Communications Yoaz Hendel passe sa premi\u00e8re lecture \u00e0 la Knesset.<\/p>\n<p dir=\\\"ltr\\\">L\\&rsquo;objectif de la r\u00e9forme \u00e9tait d\\&#8217;emp\u00eacher le conseil rabbinique de contr\u00f4ler quels num\u00e9ros de t\u00e9l\u00e9phone portable seraient uniquement consid\u00e9r\u00e9s comme des t\u00e9l\u00e9phones portables casher, bloquant ainsi la capacit\u00e9 du conseil de surveiller qui utilise et qui n\\&rsquo;utilise pas un t\u00e9l\u00e9phone casher.<\/p>\n<h2 dir=\\\"ltr\\\"><span style=\\\"font-size: large;\\\">Quels postes les d\u00e9put\u00e9s de l\\&rsquo;UTJ recevront-ils dans la nouvelle coalition ?<\/span><\/h2>\n<p dir=\\\"ltr\\\">Le chef de l\\&rsquo;UTJ Yitzhak Goldknopf (Agudat Yisrael) recevra le poste de ministre du Logement et son num\u00e9ro 2, Moshe Gafni (Degel HaTorah), dirigera la Commission des finances. Plus bas dans la liste, Uri Maklev recevra le poste de vice-ministre au minist\u00e8re de l\\&rsquo;\u00c9galit\u00e9 sociale et des Retrait\u00e9s? responsable du d\u00e9veloppement haredi, et vice-ministre au minist\u00e8re des Transports, responsable du \u00ab transport haredi \u00bb. Meir Porush dirigera le minist\u00e8re des Affaires de J\u00e9rusalem, qui sera s\u00e9par\u00e9 du minist\u00e8re du Patrimoine.<\/p>\n<p dir=\\\"ltr\\\">Yakov Asher dirigera la Commission de l\\&rsquo;int\u00e9rieur et Yisrael Eichler dirigera la Commission du travail et des affaires sociales.<\/p>\n<p dir=\\\"ltr\\\">Enfin, Yitzhak Pindrus sera \u00e0 la t\u00eate de la commission d\\&rsquo;enqu\u00eate publique et Yaakov Tessler sera vice-ministre, tr\u00e8s probablement au minist\u00e8re du Travail, des Affaires sociales et des Services sociaux.<\/p>\n<p dir=\\\"ltr\\\">Le Likoud a annonc\u00e9 mercredi matin que pour la premi\u00e8re fois depuis des ann\u00e9es, il n\\&rsquo;y avait pas de \\\u00a0\u00bbfonds de coalition\\\u00a0\u00bb inclus dans les accords. Il s\\&rsquo;agit de fonds destin\u00e9s \u00e0 \u00eatre utilis\u00e9s par les parties \u00e0 leurs propres fins.<\/p>\n<h2 dir=\\\"ltr\\\"><span style=\\\"font-size: large;\\\">Le Shas publie la liste des postes qu\\&rsquo;il occupera<\/span><\/h2>\n<p dir=\\\"ltr\\\">Le Shas a publi\u00e9 une liste des postes que ses d\u00e9put\u00e9s occuperont dans la nouvelle coalition, en commen\u00e7ant par le chef du Shas, Arye Deri, qui occupera les fonctions de ministre de l\\&rsquo;Int\u00e9rieur et de ministre de la Sant\u00e9, avant de devenir ministre des Finances dans deux ans.<\/p>\n<p dir=\\\"ltr\\\">A sa suite, Ya\\&rsquo;acov Margi, qui occupera le poste de ministre du Travail, des Affaires sociales et des Services sociaux dans le cadre d\\&rsquo;un accord de rotation avec Yoav Ben-Tzur, qui prendra la rel\u00e8ve apr\u00e8s deux ans d\u2019exercice.<\/p>\n<p dir=\\\"ltr\\\">Michael Malkieli sera ministre au sein du minist\u00e8re des Services religieux et Haim Biton sera ministre au minist\u00e8re de l\\&rsquo;\u00c9ducation. Moshe Arbel occupera les postes de vice-ministre de la Sant\u00e9 et de vice-ministre de l\\&rsquo;Int\u00e9rieur.<\/p>\n<p dir=\\\"ltr\\\">Yinon Azoulay sera pr\u00e9sident du Shas \u00e0 la Knesset et membre de la commission des finances. Apr\u00e8s deux ans, il prendra la pr\u00e9sidence de la commission de la Knesset.<\/p>\n<p dir=\\\"ltr\\\">Moshe Abutboul assumera le r\u00f4le de vice-ministre de l\\&rsquo;agriculture et du d\u00e9veloppement rural, et Uriel Busso si\u00e9gera \u00e0 la commission de la sant\u00e9 et vice-pr\u00e9sident de la commission de la Knesset.<\/p>\n<p dir=\\\"ltr\\\">Enfin, Yosef Taibe sera le pr\u00e9sident du comit\u00e9 de l\\&rsquo;\u00e9ducation.<\/p>\n<h2 dir=\\\"ltr\\\"><span style=\\\"font-size: large;\\\">Le Parti sioniste religieux remporte des postes convoit\u00e9s<\/span><\/h2>\n<p dir=\\\"ltr\\\">Le RZP a re\u00e7u plusieurs places convoit\u00e9es dans la nouvelle coalition, y compris le poste de ministre des Finances, qui sera occup\u00e9 par le chef du parti Betzalel Smotrich pendant les deux premi\u00e8res ann\u00e9es du mandat du gouvernement.<\/p>\n<p dir=\\\"ltr\\\">Apr\u00e8s deux ans, Smotrich tournera avec Deri, recevant \u00e0 la place les r\u00f4les de ministre de la Sant\u00e9 et de ministre de l\\&rsquo;Int\u00e9rieur.<\/p>\n<p dir=\\\"ltr\\\">Orit Struck servira dans le r\u00f4le nouvellement cr\u00e9\u00e9 de ministre des missions nationales, et Simcha Rothman sera pr\u00e9sident des comit\u00e9s de la constitution et de la religion.<\/p>\n<p dir=\\\"ltr\\\">Michal Waldiger occupera le poste de vice-ministre des Finances avec un accent sur le bien-\u00eatre et la sant\u00e9. De plus, Ohad Tal sera pr\u00e9sident du Comit\u00e9 national des projets d\\&rsquo;infrastructure et des r\u00e9formes.<\/p>\n<p dir=\\\"ltr\\\">Enfin, Moshe Solomon sera vice-pr\u00e9sident de la Knesset, membre de la commission des affaires \u00e9trang\u00e8res et de la d\u00e9fense et membre de la commission des finances.<\/p>\n<\/div>\n<\/div>\n<div>\n<p><strong>La suite de l\u2019article se trouve dans le prochain num\u00e9ro d\u2019Isra\u00ebl Magazine<\/strong><\/p>\n<p><strong>D\u00e9couvrez un exemplaire du magazine gratuitement et cliquez ensuite sur le rebord droit<\/strong><\/p>\n<p><a href=\\\"https:\/\/online.fliphtml5.com\/rjspi\/ypmm\/#p=1\\\"><strong>https:\/\/online.fliphtml5.com\/rjspi\/ypmm\/#p=1<\/strong><\/a><\/p>\n<p><strong>Votre magazine est livr\u00e9 chez vous en toute confidentialit\u00e9<br \/>\nS\u2019abonner au magazine par t\u00e9l\u00e9phone ou par whats app 00972 (0) 54 254 45 20 ou au 01 86 98 27 27<\/strong><\/p>\n<p><strong>Par email\u00a0\u00a0<\/strong><a href=\\\"mailto:Andredarmon21@gmail.com\\\"><strong>Andredarmon21@gmail.com<\/strong><\/a><strong>\u00a0 pay pal<\/strong><\/p>\n<p><strong>Ou directement sur le site<\/strong><\/p>\n<p><a href=\\\"https:\/\/israelmagazine.co.il\/sabonner-au-magazine\/\\\"><strong>https:\/\/israelmagazine.co.il\/sabonner-au-magazine\/<\/strong><\/a><\/p>\n<p><strong>Loi du Retour ou qui est Juif ?Ou encore S\u2019abonner au magazine livr\u00e9 chez vous en toute confidentialit\u00e9. Remplir le formulaire<\/strong><\/p>\n<p><a href=\\\"https:\/\/docs.google.com\/forms\/d\/e\/1FAIpQLSfPYJfb8KjEya-X17w0DGPAuBlCGvqVUdh_Is8EL810Lxw82A\/viewform?entry.1189475001=Recipient_Email\\\"><strong>https:\/\/docs.google.com\/forms\/d\/e\/1FAIpQLSfPYJfb8KjEya-X17w0DGPAuBlCGvqVUdh_Is8EL810Lxw82A\/viewform?entry.1189475001=Recipient_Email<\/strong><\/a><\/p>\n<p><strong><u>\u00a0<\/u><\/strong><\/p>\n<p><strong><u>\u00a0<\/u><\/strong><\/p>\n<\/div>\n<div><\/div>\n<\/div>\n<\/div>\n<div><\/div>\n<\/div>\n<\/div>\n<div><\/div>\n<\/div>\n<div>\n<div>\n<div><\/div>\n<\/div>\n<\/div>\n","protected":false},"excerpt":{"rendered":"<p>Le 37\u1d49 gouvernement d\u2019Isra\u00ebl investi ce matin Le Premier ministre entrant Benjamin Netanyahou a pr\u00e9sent\u00e9 mercredi ses accords de coalition \u00e0 la Knesset avant la prestation de serment du gouvernement jeudi. Le dirigeant de ce futur gouvernement a commenc\u00e9 \u00e0 annoncer \u00e0 ses coll\u00e8gues membres du Likoud quels seront leurs r\u00f4les dans le nouveau gouvernement &hellip;<\/p>\n<p class=\"read-more\"> <a class=\"\" href=\"https:\/\/israelmagazine.net\/?p=59094\"> <span class=\"screen-reader-text\">Le 37\u1d49 gouvernement d\u2019Isra\u00ebl investi ce matin<\/span> Lire la suite \u00bb<\/a><\/p>\n","protected":false},"author":4,"featured_media":59095,"comment_status":"open","ping_status":"open","sticky":false,"template":"","format":"standard","meta":{"site-sidebar-layout":"default","site-content-layout":"default","ast-global-header-display":"","ast-main-header-display":"","ast-hfb-above-header-display":"","ast-hfb-below-header-display":"","ast-hfb-mobile-header-display":"","site-post-title":"","ast-breadcrumbs-content":"","ast-featured-img":"","footer-sml-layout":"","theme-transparent-header-meta":"","adv-header-id-meta":"","stick-header-meta":"","header-above-stick-meta":"","header-main-stick-meta":"","header-below-stick-meta":""},"categories":[84,1621,1612,1617,1671,1611,1191,1618,1619,1615,1713,3180,1624],"tags":[1739,1474,1700,1636,1761],"sujet":[],"_links":{"self":[{"href":"https:\/\/israelmagazine.net\/index.php?rest_route=\/wp\/v2\/posts\/59094"}],"collection":[{"href":"https:\/\/israelmagazine.net\/index.php?rest_route=\/wp\/v2\/posts"}],"about":[{"href":"https:\/\/israelmagazine.net\/index.php?rest_route=\/wp\/v2\/types\/post"}],"author":[{"embeddable":true,"href":"https:\/\/israelmagazine.net\/index.php?rest_route=\/wp\/v2\/users\/4"}],"replies":[{"embeddable":true,"href":"https:\/\/israelmagazine.net\/index.php?rest_route=%2Fwp%2Fv2%2Fcomments&post=59094"}],"version-history":[{"count":0,"href":"https:\/\/israelmagazine.net\/index.php?rest_route=\/wp\/v2\/posts\/59094\/revisions"}],"wp:featuredmedia":[{"embeddable":true,"href":"https:\/\/israelmagazine.net\/index.php?rest_route=\/"}],"wp:attachment":[{"href":"https:\/\/israelmagazine.net\/index.php?rest_route=%2Fwp%2Fv2%2Fmedia&parent=59094"}],"wp:term":[{"taxonomy":"category","embeddable":true,"href":"https:\/\/israelmagazine.net\/index.php?rest_route=%2Fwp%2Fv2%2Fcategories&post=59094"},{"taxonomy":"post_tag","embeddable":true,"href":"https:\/\/israelmagazine.net\/index.php?rest_route=%2Fwp%2Fv2%2Ftags&post=59094"},{"taxonomy":"sujet","embeddable":true,"href":"https:\/\/israelmagazine.net\/index.php?rest_route=%2Fwp%2Fv2%2Fsujet&post=59094"}],"curies":[{"name":"wp","href":"https:\/\/api.w.org\/{rel}","templated":true}]}}