{"id":59112,"date":"2022-12-30T09:59:50","date_gmt":"2022-12-30T07:59:50","guid":{"rendered":"https:\/\/israelmagazine.net\/?p=59112"},"modified":"2022-12-30T09:59:50","modified_gmt":"2022-12-30T07:59:50","slug":"se-moquer-un-peu-du-monde-michele-mazel","status":"publish","type":"post","link":"https:\/\/israelmagazine.net\/?p=59112","title":{"rendered":"Se moquer \u2013 un peu \u2013 du \u00a0 \u00a0Monde \u00a0Mich\u00e8le Mazel"},"content":{"rendered":"<h1>Se moquer \u2013 un peu \u2013 du \u00a0 \u00a0Monde, Mich\u00e8le Mazel<\/h1>\n<p><img class=\\\"alignnone size-medium wp-image-59116\\\" src=\\\"https:\/\/israelmagazine.co.il\/wp-content\/uploads\/2022\/12\/Mon-projet-2022-12-30T095906.359-300x157.jpg\\\" alt=\\\"\\\" width=\\\"300\\\" height=\\\"157\\\" \/><\/p>\n<p>Semaine apr\u00e8s semaine, le grand quotidien que fut Le Monde poursuit ce qui ressemble fort \u00e0 une croisade contre Isra\u00ebl.<\/p>\n<p>Le moindre incident susceptible d\u2019\u00eatre utilis\u00e9 pour le pr\u00e9senter sous un \u00e9clairage d\u00e9favorable est mont\u00e9 en \u00e9pingle. Il est vrai que ce genre d\u2019articles attire la meute de trolls et autres \u00ab\u00a0bots\u00a0\u00bb acharn\u00e9s \u00e0 d\u00e9l\u00e9gitimer l\u2019\u00c9tat juif et \u00e0 encourager ceux qui appellent sa disparition et pourquoi pas son remplacement par un califat ou autre entit\u00e9 islamique. Le probl\u00e8me est que les feux de l\u2019actualit\u00e9 obligent parfois le quotidien \u00e0 \u00e9voquer ce qui se passe de nos jours encore dans d\u2019autres contr\u00e9es du Moyen-Orient.<\/p>\n<p>&nbsp;<\/p>\n<h2>Les Fr\u00e8res Musulmans en anodine \\\u00a0\u00bbconfr\u00e9rie religieuse\\\u00a0\u00bb<\/h2>\n<p>C\u2019est ainsi qu\u2019il rapporte le 27 d\u00e9cembre le scandale qui secoue le royaume du sultan Erdogan. \u00ab \u00ab En Turquie, le mariage forc\u00e9 d\u2019une fillette de 6 ans relance la pol\u00e9mique sur les confr\u00e9ries religieuses. Les r\u00e9v\u00e9lations du quotidien d\u2019opposition \u00ab Birg\u00fcn \u00bb interrogent sur l\u2019impunit\u00e9 dont b\u00e9n\u00e9ficient les confr\u00e9ries religieuses proches du pouvoir. \u00bb\u00a0 Confr\u00e9ries religieuses\u2026<\/p>\n<p>Le Monde s\u2019en voudrait de pr\u00e9ciser \u00ab\u00a0Islamiques.\u00a0\u00bb Il faut dire que ce qui est arriv\u00e9 \u00e0 cette petite pas encore sortie de l\u2019enfance fait fr\u00e9mir\u00a0 Ecoutons-la\u00a0:\u00a0\u00ab<em>\u00a0Kadir a caress\u00e9 mon corps\u00a0<\/em>(\u2026).<em>\u00a0J\u2019ai pleur\u00e9 et Kadir a dit que nous \u00e9tions mari\u00e9s&#8230; Il a dit que nous \u00e9tions mari\u00e9s comme mes parents l\u2019\u00e9taient. Il a dit\u00a0: \u201cTu es ma femme, je suis ton mari. Les gens mari\u00e9s jouent \u00e0 de tels jeux, mais ce jeu n\u2019est r\u00e9v\u00e9l\u00e9 \u00e0\u00a0personne. Ecoute, ton p\u00e8re et ta m\u00e8re ne le disent \u00e0 personne\u201d, a-t-il dit. Mon p\u00e8re et ma m\u00e8re appelaient Kadir \u201cmon gendre\u201d\u00a0\u00bb\u00a0<\/em><\/p>\n<h2>Y a-t-il un lien entre l\u00e9galit\u00e9 et morale en Islam ?<\/h2>\n<p>Et le quotidien de pr\u00e9ciser entre parenth\u00e8ses<em>\u00a0\u00ab bien<\/em>\u00a0qu\u2019ill\u00e9gaux, les mariages de mineures n\u2019ont pas compl\u00e8tement disparu en Turquie. \u00bb \u00a0Cette fois, il n\u2019\u00e9tait pas question d\u2019Isra\u00ebl, mais les trolls mentionn\u00e9s pr\u00e9c\u00e9demment n\u2019allaient pas laisser passer sans r\u00e9agir les commentaires condamnant ces pratiques pourtant scandaleuses et susceptibles de porter atteinte \u00e0 l\u2019Islam. Alors, ils ont attaqu\u00e9 sur deux fronts\u00a0: \u00ab\u00a0La p\u00e9dophilie est courante aussi chez les pr\u00eatres et cur\u00e9s catholiques\u00a0\u00bb \u00e9crit l\u2019un d\u2019eux, comme s\u2019il y avait l\u00e0 une circonstance att\u00e9nuante.<\/p>\n<p>Pourtant, on ne voit pas tr\u00e8s bien le rapport. Un autre cherche \u00e0 ratisser plus large\u00a0: \u00ab\u00a0C\\&rsquo;est vrai que dans les pays membres de l\\&rsquo;UE comme la France et la Belgique, il n\\&rsquo;y a aucun p\u00e9docriminel\u00a0[sic], c\\&rsquo;est bien connu.\u00a0\u00bb<\/p>\n<h2>David ne fut pas intime avec Abishag, la Sunamite<\/h2>\n<p>Faudrait-il comprendre que puisque le ph\u00e9nom\u00e8ne ne concerne pas uniquement ces fameuses confr\u00e9ries islamiques et qu\u2019il y a des p\u00e9dophiles partout, pourquoi en faire une histoire\u00a0? Ou bien faire remarquer que les mariages de mineures sont interdits dans les pays membres de l\u2019Union europ\u00e9enne\u00a0?<\/p>\n<p>L\u2019un des trolls les plus acharn\u00e9s contre Isra\u00ebl va chercher, lui, \u00e0 impliquer les Juifs \u00ab Et bien s\u00fbr, vous ne mentionnez pas la Sunamite et le roi David \u00bb s\u2019indigne-t-il. \u00ab C\\&rsquo;est marrant que vous ayez oubli\u00e9 de citer comme r\u00e9f\u00e9rence la Sunamite. \u00bb<\/p>\n<p>Une meilleure lecture du livre des Rois aurait appris aux uns et aux autres que le vieux roi n\u2019a pas \u00ab\u00a0connu bibliquement\u00a0\u00bb la jeune fille\u00a0<strong>nubile<\/strong>\u00a0introduite dans son lit pour le r\u00e9chauffer.<\/p>\n<p><strong>La suite de l\u2019article se trouve dans le prochain num\u00e9ro d\u2019Isra\u00ebl Magazine<\/strong><\/p>\n<p><strong>D\u00e9couvrez un exemplaire du magazine gratuitement et cliquez ensuite sur le rebord droit<\/strong><\/p>\n<p><a href=\\\"https:\/\/online.fliphtml5.com\/rjspi\/ypmm\/#p=1\\\"><strong>https:\/\/online.fliphtml5.com\/rjspi\/ypmm\/#p=1<\/strong><\/a><\/p>\n<p><strong>Votre magazine est livr\u00e9 chez vous en toute confidentialit\u00e9<br \/>\nS\u2019abonner au magazine par t\u00e9l\u00e9phone ou par whats app 00972 (0) 54 254 45 20 ou au 01 86 98 27 27<\/strong><\/p>\n<p><strong>Par email\u00a0\u00a0<\/strong><a href=\\\"mailto:Andredarmon21@gmail.com\\\"><strong>Andredarmon21@gmail.com<\/strong><\/a><strong>\u00a0 pay pal<\/strong><\/p>\n<p><strong>Ou directement sur le site<\/strong><\/p>\n<p><a href=\\\"https:\/\/israelmagazine.co.il\/sabonner-au-magazine\/\\\"><strong>https:\/\/israelmagazine.co.il\/sabonner-au-magazine\/<\/strong><\/a><\/p>\n<p><strong>Loi du Retour ou qui est Juif ?Ou encore S\u2019abonner au magazine livr\u00e9 chez vous en toute confidentialit\u00e9. Remplir le formulaire<\/strong><\/p>\n<p><a href=\\\"https:\/\/docs.google.com\/forms\/d\/e\/1FAIpQLSfPYJfb8KjEya-X17w0DGPAuBlCGvqVUdh_Is8EL810Lxw82A\/viewform?entry.1189475001=Recipient_Email\\\"><strong>https:\/\/docs.google.com\/forms\/d\/e\/1FAIpQLSfPYJfb8KjEya-X17w0DGPAuBlCGvqVUdh_Is8EL810Lxw82A\/viewform?entry.1189475001=Recipient_Email<\/strong><\/a><\/p>\n","protected":false},"excerpt":{"rendered":"<p>Se moquer \u2013 un peu \u2013 du \u00a0 \u00a0Monde, Mich\u00e8le Mazel Semaine apr\u00e8s semaine, le grand quotidien que fut Le Monde poursuit ce qui ressemble fort \u00e0 une croisade contre Isra\u00ebl. Le moindre incident susceptible d\u2019\u00eatre utilis\u00e9 pour le pr\u00e9senter sous un \u00e9clairage d\u00e9favorable est mont\u00e9 en \u00e9pingle. Il est vrai que ce genre d\u2019articles &hellip;<\/p>\n<p class=\"read-more\"> <a class=\"\" href=\"https:\/\/israelmagazine.net\/?p=59112\"> <span class=\"screen-reader-text\">Se moquer \u2013 un peu \u2013 du \u00a0 \u00a0Monde \u00a0Mich\u00e8le Mazel<\/span> Lire la suite \u00bb<\/a><\/p>\n","protected":false},"author":4,"featured_media":59113,"comment_status":"open","ping_status":"open","sticky":false,"template":"","format":"standard","meta":{"site-sidebar-layout":"default","site-content-layout":"default","ast-global-header-display":"","ast-main-header-display":"","ast-hfb-above-header-display":"","ast-hfb-below-header-display":"","ast-hfb-mobile-header-display":"","site-post-title":"","ast-breadcrumbs-content":"","ast-featured-img":"","footer-sml-layout":"","theme-transparent-header-meta":"","adv-header-id-meta":"","stick-header-meta":"","header-above-stick-meta":"","header-main-stick-meta":"","header-below-stick-meta":""},"categories":[1621,841],"tags":[1001],"sujet":[],"_links":{"self":[{"href":"https:\/\/israelmagazine.net\/index.php?rest_route=\/wp\/v2\/posts\/59112"}],"collection":[{"href":"https:\/\/israelmagazine.net\/index.php?rest_route=\/wp\/v2\/posts"}],"about":[{"href":"https:\/\/israelmagazine.net\/index.php?rest_route=\/wp\/v2\/types\/post"}],"author":[{"embeddable":true,"href":"https:\/\/israelmagazine.net\/index.php?rest_route=\/wp\/v2\/users\/4"}],"replies":[{"embeddable":true,"href":"https:\/\/israelmagazine.net\/index.php?rest_route=%2Fwp%2Fv2%2Fcomments&post=59112"}],"version-history":[{"count":0,"href":"https:\/\/israelmagazine.net\/index.php?rest_route=\/wp\/v2\/posts\/59112\/revisions"}],"wp:featuredmedia":[{"embeddable":true,"href":"https:\/\/israelmagazine.net\/index.php?rest_route=\/"}],"wp:attachment":[{"href":"https:\/\/israelmagazine.net\/index.php?rest_route=%2Fwp%2Fv2%2Fmedia&parent=59112"}],"wp:term":[{"taxonomy":"category","embeddable":true,"href":"https:\/\/israelmagazine.net\/index.php?rest_route=%2Fwp%2Fv2%2Fcategories&post=59112"},{"taxonomy":"post_tag","embeddable":true,"href":"https:\/\/israelmagazine.net\/index.php?rest_route=%2Fwp%2Fv2%2Ftags&post=59112"},{"taxonomy":"sujet","embeddable":true,"href":"https:\/\/israelmagazine.net\/index.php?rest_route=%2Fwp%2Fv2%2Fsujet&post=59112"}],"curies":[{"name":"wp","href":"https:\/\/api.w.org\/{rel}","templated":true}]}}