{"id":59120,"date":"2022-12-30T10:33:50","date_gmt":"2022-12-30T08:33:50","guid":{"rendered":"https:\/\/israelmagazine.net\/?p=59120"},"modified":"2022-12-30T10:33:50","modified_gmt":"2022-12-30T08:33:50","slug":"nomination-de-ron-dermer-au-ministere-des-affaires-strategiques","status":"publish","type":"post","link":"https:\/\/israelmagazine.net\/?p=59120","title":{"rendered":"Nomination de Ron Dermer au\u00a0minist\u00e8re\u00a0des Affaires strat\u00e9giques"},"content":{"rendered":"<h1><img class=\\\"alignnone size-medium wp-image-59126\\\" src=\\\"https:\/\/israelmagazine.co.il\/wp-content\/uploads\/2022\/12\/Mon-projet-2022-12-30T103544.267-300x157.jpg\\\" alt=\\\"\\\" width=\\\"300\\\" height=\\\"157\\\" \/><\/h1>\n<h1><strong>Nomination de Ron Dermer au\u00a0<\/strong><strong>minist\u00e8re<\/strong><strong>\u00a0des Affaires strat\u00e9giques<\/strong><\/h1>\n<p style=\\\"font-weight: 400;\\\"><em>\u00a0<\/em><\/p>\n<p style=\\\"font-weight: 400;\\\">Le nouveau gouvernement isra\u00e9lien, dirig\u00e9 par le Premier ministre Benjamin Netanyahou, a pr\u00eat\u00e9 serment jeudi avec les d\u00e9put\u00e9s Itamar Ben-Gvir et Bezalel Smotrich, en charge respectivement des minist\u00e8res de la S\u00e9curit\u00e9 nationale et des Finances et l\\&rsquo;ancien ambassadeur aux \u00c9tats-Unis, Ron Dermer, nomm\u00e9 ministre des Affaires strat\u00e9giques.<\/p>\n<p style=\\\"font-weight: 400;\\\">\u00a0Dermer serait l\\&rsquo;homme de confiance de Netanyahou aupr\u00e8s de l\\&rsquo;administration Biden et il sera \u00e9galement charg\u00e9 de faire\u00a0<strong><em>entrer l\\&rsquo;Arabie saoudite dans les accords d\\&rsquo;Abraham<\/em><\/strong>, l\\&rsquo;accord de 2020 qui a normalis\u00e9 les relations entre Isra\u00ebl et plusieurs \u00c9tats arabes. Il si\u00e9gera au Cabinet de s\u00e9curit\u00e9 isra\u00e9lien, qui prend les d\u00e9cisions en mati\u00e8re de D\u00e9fense et de politique \u00e9trang\u00e8re.\u00a0Dermer, qui a \u00e9t\u00e9 ambassadeur aux \u00c9tats-Unis de 2013 \u00e0 2021, aurait \u00e9t\u00e9 consid\u00e9r\u00e9 comme possible ministre des Affaires \u00e9trang\u00e8res, un poste qui est all\u00e9 au d\u00e9put\u00e9 du Likoud, Eli Cohen.<\/p>\n<h2>Agent de liaison aupr\u00e8s de l\\&rsquo;administration et de MbS<\/h2>\n<p>Le pr\u00e9sident Biden a souhait\u00e9 la bienvenue au nouveau gouvernement tout en faisant allusion \u00e0 des divergences potentielles sur sa politique envers les Palestiniens.<\/p>\n<p style=\\\"font-weight: 400;\\\">\\\u00a0\u00bbJe suis impatient de travailler avec le Premier ministre Netanyahou, qui est mon ami depuis des d\u00e9cennies, pour relever conjointement les nombreux d\u00e9fis et opportunit\u00e9s auxquels Isra\u00ebl et la r\u00e9gion du Moyen-Orient sont confront\u00e9s, y compris les menaces de l\\&rsquo;Iran\\\u00a0\u00bb, a d\u00e9clar\u00e9 Biden dans un communiqu\u00e9.\u00a0\\\u00a0\u00bbEt comme nous l\\&rsquo;avons fait tout au long de mon administration, les \u00c9tats-Unis continueront de soutenir la solution \u00e0 deux \u00c9tats et de s\\&rsquo;opposer aux politiques qui mettent en danger sa viabilit\u00e9 ou contredisent nos int\u00e9r\u00eats et valeurs mutuels.\\\u00a0\u00bb<\/p>\n<h2>Entre Accord d\\&rsquo;Abraham et Souverainet\u00e9 en Jud\u00e9e-Samarie, mon c\u0153ur balance<\/h2>\n<p style=\\\"font-weight: 400;\\\">\u00a0Netanyahou\u00a0a annonc\u00e9\u00a0mercredi que le nouveau gouvernement d\u00e9velopperait des implantations dans \\\u00a0\u00bbtoutes les parties de la terre d\\&rsquo;Isra\u00ebl\\\u00a0\u00bb, y compris en\u00a0Jud\u00e9e Samarie, et que les Juifs ont un droit \\\u00a0\u00bbexclusif\\\u00a0\u00bb sur toutes les zones de la terre d\\&rsquo;Isra\u00ebl.<\/p>\n<p style=\\\"font-weight: 400;\\\">En tant qu\\&rsquo;ambassadeur aux \u00c9tats-Unis,\u00a0Dermer \u00e9tait connu pour avoir eu une relation difficile avec l\\&rsquo;administration Obama avant de nouer des liens plus chaleureux avec l\\&rsquo;ancien pr\u00e9sident Trump.\u00a0Le New Yorker\u00a0a rapport\u00e9\u00a0en 2018 que les tensions entre Dermer et la Conseill\u00e8re \u00e0 la s\u00e9curit\u00e9 nationale de l\\&rsquo;\u00e9poque, Susan Rice, \u00e9taient si \u00e9lev\u00e9es que les deux ne se rencontreraient pas seuls.\u00a0Dermer et Netanyahou ont \u00e9galement\u00a0accus\u00e9 l\\&rsquo;administration Obama\u00a0d\\&rsquo;avoir orchestr\u00e9 la r\u00e9solution 2334 contre toute Implantation juive en Jud\u00e9e, 2016 au Conseil de s\u00e9curit\u00e9 de l\\&rsquo;ONU, une affirmation d\u00e9mentie par l\\&rsquo;administration Obama.<\/p>\n<p style=\\\"font-weight: 400;\\\">Alors que Dermer et l\\&rsquo;administration Trump se sont affront\u00e9s sur le projet d\\&rsquo;annexion par Isra\u00ebl de certaines parties de la\u00a0Jud\u00e9e Samarie, la r\u00e9alisation d\\&rsquo;objectifs de longue date comme le d\u00e9placement de l\\&rsquo;ambassade am\u00e9ricaine \u00e0 J\u00e9rusalem et les accords d\\&rsquo;Abraham ont marqu\u00e9 un point culminant dans les r\u00e9centes relations am\u00e9ricano-isra\u00e9liennes.\u00a0Dermer a dirig\u00e9 la partie isra\u00e9lienne des n\u00e9gociations avec les \u00c9tats-Unis et les \u00c9mirats arabes unis sur l\\&rsquo;accord de 2020, que Bahre\u00efn et le Maroc ont finalement rejoints.\u00a0Le Soudan a \u00e9galement sign\u00e9 les accords, mais a suspendu la voie de la normalisation \u00e0 la suite d\\&rsquo;un coup d\\&rsquo;\u00c9tat militaire en 2021.<\/p>\n<h2>La guerre juridique contre BDS, en partage avec Chikli ?<\/h2>\n<p style=\\\"font-weight: 400;\\\">\u00a0On ne sait pas si Dermer a l\\&rsquo;intention de maintenir l\\&rsquo;une des missions pr\u00e9c\u00e9dentes du bureau des Affaires strat\u00e9giques, qui au fil des ans ont inclus la lutte contre le\u00a0<strong><em>mouvement Boycott, D\u00e9sinvestissement et Sanctions (BDS) contre Isra\u00ebl<\/em><\/strong>\u00a0et la lutte contre la menace iranienne.\u00a0Le nouveau gouvernement a \u00e9galement re\u00e7u les f\u00e9licitations du pr\u00e9sident russe Vladimir Poutine et du pr\u00e9sident ukrainien Volodymyr Zelensky.<\/p>\n<p style=\\\"font-weight: 400;\\\">\u00a0\\\u00a0\u00bbJe confirme que l\\&rsquo;Ukraine est pr\u00eate \u00e0 une coop\u00e9ration \u00e9troite pour renforcer nos liens et relever les d\u00e9fis communs, parvenir \u00e0 la prosp\u00e9rit\u00e9 et \u00e0 la victoire sur les forces du mal\\\u00a0\u00bb, a \u00e9crit Zelensky sur Twitter.<\/p>\n<h2>Un pas vers Zelensky sans s\\&rsquo;\u00e9loigner de Poutine ?<\/h2>\n<p style=\\\"font-weight: 400;\\\">Netanyahou s\\&rsquo;est rendu en Russie plus de fois que n\\&rsquo;importe quel pays \u00e0 l\\&rsquo;exception des \u00c9tats-Unis, et en 2019, il a vant\u00e9 sa relation avec Poutine sur une affiche de campagne \u00e0 plusieurs \u00e9tages accroch\u00e9e au si\u00e8ge du Likoud.\u00a0\u00a0Cependant, depuis le lancement de la nouvelle invasion de l\\&rsquo;Ukraine par la Russie en f\u00e9vrier, Isra\u00ebl a subi des pressions de la part des \u00c9tats-Unis et de l\\&rsquo;Ukraine pour soutenir Kiev avec plus de force.\u00a0En octobre, l\\&rsquo;ancien ministre de la D\u00e9fense, Benny Gantz,\u00a0a propos\u00e9 \u00e0 l\\&rsquo;Ukraine des syst\u00e8mes de d\u00e9fense a\u00e9rienne\u00a0, mais pas d\\&rsquo;armes.<\/p>\n<p style=\\\"font-weight: 400;\\\">\u00a0\u00a0S\\&rsquo;exprimant lors d\\&rsquo;un\u00a0\u00e9v\u00e9nement du New York Times\u00a0le 1er d\u00e9cembre, Netanyahou a d\u00e9clar\u00e9 que lorsque Zelensky l\\&rsquo;a appel\u00e9 pour le f\u00e9liciter de sa victoire \u00e9lectorale et lui a demand\u00e9 des armes isra\u00e9liennes, Netanyahou a dit \u00e0 Zelensky : \u00ab Je vous recontacterai\\\u00a0\u00bb.<\/p>\n<p><strong>La suite de l\u2019article se trouve dans le prochain num\u00e9ro d\u2019Isra\u00ebl Magazine<\/strong><\/p>\n<p><strong>D\u00e9couvrez un exemplaire du magazine gratuitement et cliquez ensuite sur le rebord droit<\/strong><\/p>\n<p><a href=\\\"https:\/\/online.fliphtml5.com\/rjspi\/ypmm\/#p=1\\\"><strong>https:\/\/online.fliphtml5.com\/rjspi\/ypmm\/#p=1<\/strong><\/a><\/p>\n<p><strong>Votre magazine est livr\u00e9 chez vous en toute confidentialit\u00e9<br \/>\nS\u2019abonner au magazine par t\u00e9l\u00e9phone ou par whats app 00972 (0) 54 254 45 20 ou au 01 86 98 27 27<\/strong><\/p>\n<p><strong>Par email\u00a0\u00a0<\/strong><a href=\\\"mailto:Andredarmon21@gmail.com\\\"><strong>Andredarmon21@gmail.com<\/strong><\/a><strong>\u00a0 pay pal<\/strong><\/p>\n<p><strong>Ou directement sur le site<\/strong><\/p>\n<p><a href=\\\"https:\/\/israelmagazine.co.il\/sabonner-au-magazine\/\\\"><strong>https:\/\/israelmagazine.co.il\/sabonner-au-magazine\/<\/strong><\/a><\/p>\n<p><strong>Loi du Retour ou qui est Juif ?Ou encore S\u2019abonner au magazine livr\u00e9 chez vous en toute confidentialit\u00e9. Remplir le formulaire<\/strong><\/p>\n<p><a href=\\\"https:\/\/docs.google.com\/forms\/d\/e\/1FAIpQLSfPYJfb8KjEya-X17w0DGPAuBlCGvqVUdh_Is8EL810Lxw82A\/viewform?entry.1189475001=Recipient_Email\\\"><strong>https:\/\/docs.google.com\/forms\/d\/e\/1FAIpQLSfPYJfb8KjEya-X17w0DGPAuBlCGvqVUdh_Is8EL810Lxw82A\/viewform?entry.1189475001=Recipient_Email<\/strong><\/a><\/p>\n","protected":false},"excerpt":{"rendered":"<p>Nomination de Ron Dermer au\u00a0minist\u00e8re\u00a0des Affaires strat\u00e9giques \u00a0 Le nouveau gouvernement isra\u00e9lien, dirig\u00e9 par le Premier ministre Benjamin Netanyahou, a pr\u00eat\u00e9 serment jeudi avec les d\u00e9put\u00e9s Itamar Ben-Gvir et Bezalel Smotrich, en charge respectivement des minist\u00e8res de la S\u00e9curit\u00e9 nationale et des Finances et l\\&rsquo;ancien ambassadeur aux \u00c9tats-Unis, Ron Dermer, nomm\u00e9 ministre des Affaires strat\u00e9giques. &hellip;<\/p>\n<p class=\"read-more\"> <a class=\"\" href=\"https:\/\/israelmagazine.net\/?p=59120\"> <span class=\"screen-reader-text\">Nomination de Ron Dermer au\u00a0minist\u00e8re\u00a0des Affaires strat\u00e9giques<\/span> Lire la suite \u00bb<\/a><\/p>\n","protected":false},"author":4,"featured_media":59123,"comment_status":"open","ping_status":"open","sticky":false,"template":"","format":"standard","meta":{"site-sidebar-layout":"default","site-content-layout":"default","ast-global-header-display":"","ast-main-header-display":"","ast-hfb-above-header-display":"","ast-hfb-below-header-display":"","ast-hfb-mobile-header-display":"","site-post-title":"","ast-breadcrumbs-content":"","ast-featured-img":"","footer-sml-layout":"","theme-transparent-header-meta":"","adv-header-id-meta":"","stick-header-meta":"","header-above-stick-meta":"","header-main-stick-meta":"","header-below-stick-meta":""},"categories":[84,1621,814,1612,1617,1679,3146,822,1614,1191,1615,3162],"tags":[],"sujet":[],"_links":{"self":[{"href":"https:\/\/israelmagazine.net\/index.php?rest_route=\/wp\/v2\/posts\/59120"}],"collection":[{"href":"https:\/\/israelmagazine.net\/index.php?rest_route=\/wp\/v2\/posts"}],"about":[{"href":"https:\/\/israelmagazine.net\/index.php?rest_route=\/wp\/v2\/types\/post"}],"author":[{"embeddable":true,"href":"https:\/\/israelmagazine.net\/index.php?rest_route=\/wp\/v2\/users\/4"}],"replies":[{"embeddable":true,"href":"https:\/\/israelmagazine.net\/index.php?rest_route=%2Fwp%2Fv2%2Fcomments&post=59120"}],"version-history":[{"count":0,"href":"https:\/\/israelmagazine.net\/index.php?rest_route=\/wp\/v2\/posts\/59120\/revisions"}],"wp:featuredmedia":[{"embeddable":true,"href":"https:\/\/israelmagazine.net\/index.php?rest_route=\/"}],"wp:attachment":[{"href":"https:\/\/israelmagazine.net\/index.php?rest_route=%2Fwp%2Fv2%2Fmedia&parent=59120"}],"wp:term":[{"taxonomy":"category","embeddable":true,"href":"https:\/\/israelmagazine.net\/index.php?rest_route=%2Fwp%2Fv2%2Fcategories&post=59120"},{"taxonomy":"post_tag","embeddable":true,"href":"https:\/\/israelmagazine.net\/index.php?rest_route=%2Fwp%2Fv2%2Ftags&post=59120"},{"taxonomy":"sujet","embeddable":true,"href":"https:\/\/israelmagazine.net\/index.php?rest_route=%2Fwp%2Fv2%2Fsujet&post=59120"}],"curies":[{"name":"wp","href":"https:\/\/api.w.org\/{rel}","templated":true}]}}