{"id":59138,"date":"2022-12-31T18:36:30","date_gmt":"2022-12-31T16:36:30","guid":{"rendered":"https:\/\/israelmagazine.net\/?p=59138"},"modified":"2022-12-31T18:36:30","modified_gmt":"2022-12-31T16:36:30","slug":"amichai-chikli-fera-de-la-lutte-contre-lantisemitisme-et-bds-ses-priorites-en-tant-que-ministre-de-la-diaspora","status":"publish","type":"post","link":"https:\/\/israelmagazine.net\/?p=59138","title":{"rendered":"Amicha\u00ef Chikli fera de la lutte contre l\u2019antis\u00e9mitisme et BDS ses priorit\u00e9s, en tant que ministre de la Diaspora"},"content":{"rendered":"<h1 dir=\\\"ltr\\\"><img class=\\\"alignnone size-medium wp-image-59143\\\" src=\\\"https:\/\/israelmagazine.co.il\/wp-content\/uploads\/2022\/12\/Mon-projet-2022-12-31T183817.450-300x157.jpg\\\" alt=\\\"\\\" width=\\\"300\\\" height=\\\"157\\\" \/><\/h1>\n<h1 class=\\\"gmail_attr\\\" dir=\\\"ltr\\\">Amicha\u00ef Chikli fera de la lutte contre l\u2019antis\u00e9mitisme et BDS ses priorit\u00e9s, en tant que ministre de la Diaspora<\/h1>\n<div dir=\\\"ltr\\\">\n<p dir=\\\"ltr\\\">Amicha\u00ef Chikli a d\u00e9clar\u00e9 que \\\u00a0\u00bbchaque nouveau ministre met l\\&rsquo;accent sur certains points cruciaux de sa politique. Je mettrai l\u2019accent sur la protection des communaut\u00e9s juives contre l\\&rsquo;antis\u00e9mitisme et aussi sur la lutte contre le mouvement BDS\\\u00a0\u00bb. \\\u00a0\u00bbEn tant que ministre, je me concentrerai moins sur les luttes des femmes du mur et de la r\u00e9forme [juives] au Kotel\\\u00a0\u00bb, a d\u00e9clar\u00e9 jeudi le nouveau ministre des Affaires de la diaspora et de l\\&rsquo;\u00e9galit\u00e9 sociale, Amichai Chikli.<\/p>\n<h2 dir=\\\"ltr\\\">Des th\u00e9matiques partag\u00e9es avec d\\&rsquo;autres minist\u00e8res<\/h2>\n<p>Amicha\u00ef\u00a0Chikli, membre du Likoud, a partag\u00e9 qu\\&rsquo;il avait insist\u00e9 sur le mandat qui consistera \u00e0 repr\u00e9senter le gouvernement isra\u00e9lien dans les domaines de la lutte contre l\\&rsquo;antis\u00e9mitisme et le mouvement Boycott, D\u00e9sinvestissement et Sanctions (BDS), dans le cadre du r\u00f4le qu\\&rsquo;il endosse, m\u00eame si ces sujets ne font pas toujours partie du minist\u00e8re (la question du BDS d\u00e9pend du minist\u00e8re des Affaires strat\u00e9giques, dirig\u00e9 par Ron Dermer).<\/p>\n<p>Interrog\u00e9 sur la mani\u00e8re dont il va g\u00e9rer la situation compliqu\u00e9e avec les Juifs progressistes de la diaspora et leur lutte pour des pri\u00e8res \u00e9galitaires au Kotel,\u00a0Amicha\u00ef\u00a0Chikli a d\u00e9clar\u00e9 que \\\u00a0\u00bbchaque nouveau ministre met l\\&rsquo;accent sur certaines priorit\u00e9s. Je mettrai l\u2019accent sur la protection des communaut\u00e9s juives contre l\\&rsquo;antis\u00e9mitisme et aussi la lutte contre le mouvement BDS.\\\u00a0\u00bb<\/p>\n<h2>Raffermir l\\&rsquo;identit\u00e9 juive de diaspora<\/h2>\n<p>Il a ajout\u00e9 qu\\&rsquo;il avait l\\&rsquo;intention d\\&rsquo;investir dans \u00ab le renforcement de l\\&rsquo;identit\u00e9 juive et l\\&rsquo;enseignement de l\\&rsquo;h\u00e9breu aux Juifs de la diaspora \u00bb.\u00a0Amicha\u00ef\u00a0Chikli a d\u00e9clar\u00e9 que \\\u00a0\u00bbl\\&rsquo;\u00e9ducation juive dans des pays comme les \u00c9tats-Unis est l\\&rsquo;une des d\u00e9penses les plus importantes dont les parents juifs doivent s\\&rsquo;acquitter en diaspora. En cons\u00e9quence, beaucoup [s\\&rsquo;en d\u00e9tournent et] envoient leurs enfants \u00e0 l\\&rsquo;\u00e9cole publique\\\u00a0\u00bb.<\/p>\n<h2 dir=\\\"ltr\\\"><span style=\\\"font-size: large;\\\">Isra\u00ebl doit rendre (ce que la diaspora lui a donn\u00e9)- Chikli<\/span><\/h2>\n<p dir=\\\"ltr\\\">Amicha\u00ef\u00a0Chikli a d\u00e9clar\u00e9 qu\\&rsquo;apr\u00e8s des d\u00e9cennies de soutien des Juifs de la diaspora, Isra\u00ebl doit redonner en leur sens : \u00ab Les Juifs de la diaspora ont collect\u00e9 des fonds pour Isra\u00ebl depuis notre cr\u00e9ation, qu\\&rsquo;il s\\&rsquo;agisse de financer des avions ou d\\&rsquo;autres types d\\&rsquo;assistance. C\\&rsquo;est maintenant \u00e0 notre tour d\\&rsquo;aider les Communaut\u00e9s juives aux \u00c9tats-Unis et d\\&rsquo;autres communaut\u00e9s juives de la diaspora.\u00a0Amicha\u00ef\u00a0Chikli a ajout\u00e9 que les luttes au Kotel ne sont pas nouvelles et \\\u00a0\u00bbne s\\&rsquo;arr\u00eateront pas sous ce gouvernement\\\u00a0\u00bb. Il a conclu en d\u00e9clarant que \\\u00a0\u00bbnous essaierons de maintenir le statuquo\\\u00a0\u00bb en ce qui concerne la religion et a rappel\u00e9 que \\\u00a0\u00bbma devise est :\\\u00a0\u00bb Ne pas nuire \\\u00a0\u00bb\\\u00a0\u00bb.<\/p>\n<p><strong>La suite de l\u2019article se trouve dans le prochain num\u00e9ro d\u2019Isra\u00ebl Magazine<\/strong><\/p>\n<p><strong>D\u00e9couvrez un exemplaire du magazine gratuitement et cliquez ensuite sur le rebord droit<\/strong><\/p>\n<p><a href=\\\"https:\/\/online.fliphtml5.com\/rjspi\/ypmm\/#p=1\\\"><strong>https:\/\/online.fliphtml5.com\/rjspi\/ypmm\/#p=1<\/strong><\/a><\/p>\n<p><strong>Votre magazine est livr\u00e9 chez vous en toute confidentialit\u00e9<br \/>\nS\u2019abonner au magazine par t\u00e9l\u00e9phone ou par whats app 00972 (0) 54 254 45 20 ou au 01 86 98 27 27<\/strong><\/p>\n<p><strong>Par email\u00a0\u00a0<\/strong><a href=\\\"mailto:Andredarmon21@gmail.com\\\"><strong>Andredarmon21@gmail.com<\/strong><\/a><strong>\u00a0 pay pal<\/strong><\/p>\n<p><strong>Ou directement sur le site<\/strong><\/p>\n<p><a href=\\\"https:\/\/israelmagazine.co.il\/sabonner-au-magazine\/\\\"><strong>https:\/\/israelmagazine.co.il\/sabonner-au-magazine\/<\/strong><\/a><\/p>\n<p><strong>Loi du Retour ou qui est Juif ?Ou encore S\u2019abonner au magazine livr\u00e9 chez vous en toute confidentialit\u00e9. Remplir le formulaire<\/strong><\/p>\n<p><a href=\\\"https:\/\/docs.google.com\/forms\/d\/e\/1FAIpQLSfPYJfb8KjEya-X17w0DGPAuBlCGvqVUdh_Is8EL810Lxw82A\/viewform?entry.1189475001=Recipient_Email\\\"><strong>https:\/\/docs.google.com\/forms\/d\/e\/1FAIpQLSfPYJfb8KjEya-X17w0DGPAuBlCGvqVUdh_Is8EL810Lxw82A\/viewform?entry.1189475001=Recipient_Email<\/strong><\/a><\/p>\n<\/div>\n","protected":false},"excerpt":{"rendered":"<p>Amicha\u00ef Chikli fera de la lutte contre l\u2019antis\u00e9mitisme et BDS ses priorit\u00e9s, en tant que ministre de la Diaspora Amicha\u00ef Chikli a d\u00e9clar\u00e9 que \\\u00a0\u00bbchaque nouveau ministre met l\\&rsquo;accent sur certains points cruciaux de sa politique. Je mettrai l\u2019accent sur la protection des communaut\u00e9s juives contre l\\&rsquo;antis\u00e9mitisme et aussi sur la lutte contre le mouvement &hellip;<\/p>\n<p class=\"read-more\"> <a class=\"\" href=\"https:\/\/israelmagazine.net\/?p=59138\"> <span class=\"screen-reader-text\">Amicha\u00ef Chikli fera de la lutte contre l\u2019antis\u00e9mitisme et BDS ses priorit\u00e9s, en tant que ministre de la Diaspora<\/span> Lire la suite \u00bb<\/a><\/p>\n","protected":false},"author":4,"featured_media":59139,"comment_status":"open","ping_status":"open","sticky":false,"template":"","format":"standard","meta":{"site-sidebar-layout":"default","site-content-layout":"default","ast-global-header-display":"","ast-main-header-display":"","ast-hfb-above-header-display":"","ast-hfb-below-header-display":"","ast-hfb-mobile-header-display":"","site-post-title":"","ast-breadcrumbs-content":"","ast-featured-img":"","footer-sml-layout":"","theme-transparent-header-meta":"","adv-header-id-meta":"","stick-header-meta":"","header-above-stick-meta":"","header-main-stick-meta":"","header-below-stick-meta":""},"categories":[84,1621,1671,1679,2283,841,1191,2837],"tags":[1001,1474,937,1636],"sujet":[],"_links":{"self":[{"href":"https:\/\/israelmagazine.net\/index.php?rest_route=\/wp\/v2\/posts\/59138"}],"collection":[{"href":"https:\/\/israelmagazine.net\/index.php?rest_route=\/wp\/v2\/posts"}],"about":[{"href":"https:\/\/israelmagazine.net\/index.php?rest_route=\/wp\/v2\/types\/post"}],"author":[{"embeddable":true,"href":"https:\/\/israelmagazine.net\/index.php?rest_route=\/wp\/v2\/users\/4"}],"replies":[{"embeddable":true,"href":"https:\/\/israelmagazine.net\/index.php?rest_route=%2Fwp%2Fv2%2Fcomments&post=59138"}],"version-history":[{"count":0,"href":"https:\/\/israelmagazine.net\/index.php?rest_route=\/wp\/v2\/posts\/59138\/revisions"}],"wp:featuredmedia":[{"embeddable":true,"href":"https:\/\/israelmagazine.net\/index.php?rest_route=\/"}],"wp:attachment":[{"href":"https:\/\/israelmagazine.net\/index.php?rest_route=%2Fwp%2Fv2%2Fmedia&parent=59138"}],"wp:term":[{"taxonomy":"category","embeddable":true,"href":"https:\/\/israelmagazine.net\/index.php?rest_route=%2Fwp%2Fv2%2Fcategories&post=59138"},{"taxonomy":"post_tag","embeddable":true,"href":"https:\/\/israelmagazine.net\/index.php?rest_route=%2Fwp%2Fv2%2Ftags&post=59138"},{"taxonomy":"sujet","embeddable":true,"href":"https:\/\/israelmagazine.net\/index.php?rest_route=%2Fwp%2Fv2%2Fsujet&post=59138"}],"curies":[{"name":"wp","href":"https:\/\/api.w.org\/{rel}","templated":true}]}}