{"id":59146,"date":"2022-12-31T19:01:56","date_gmt":"2022-12-31T17:01:56","guid":{"rendered":"https:\/\/israelmagazine.net\/?p=59146"},"modified":"2022-12-31T19:01:56","modified_gmt":"2022-12-31T17:01:56","slug":"remous-autour-des-accords-de-la-coalition-netanyahou","status":"publish","type":"post","link":"https:\/\/israelmagazine.net\/?p=59146","title":{"rendered":"Remous autour des Accords de la coalition Netanyahou"},"content":{"rendered":"<h1><\/h1>\n<h1 style=\\\"font-weight: 400;\\\"><strong><em>\u00a0\u00a0\u00a0<img class=\\\"alignnone size-medium wp-image-59150\\\" src=\\\"https:\/\/israelmagazine.co.il\/wp-content\/uploads\/2022\/12\/06fed4e14581ed9697a679becac005961-300x200.jpg\\\" alt=\\\"\\\" width=\\\"300\\\" height=\\\"200\\\" \/><\/em><\/strong><\/h1>\n<h1 style=\\\"font-weight: 400;\\\"><strong><em>Remous autour des Accords de la coalition Netanyahou<\/em><\/strong><\/h1>\n<p style=\\\"font-weight: 400;\\\"><strong><em>RICHARD DARMON<\/em><\/strong><\/p>\n<p style=\\\"font-weight: 400;\\\"><strong>\u00a0<\/strong><\/p>\n<p style=\\\"font-weight: 400;\\\"><strong>La col\u00e8re gronde dans la nouvelle opposition men\u00e9e par le centre et la gauche mais aussi dans une partie des m\u00e9dias dit \u00ab\u00a0lib\u00e9raux\u00a0\u00bb\u00a0! En effet, certains amendements \u00ab\u00a0personnels\u00a0\u00bb aux lois en vigueur en Isra\u00ebl ont d\u00fb \u00eatre adopt\u00e9s par la Knesset \u2013 fait sans pr\u00e9c\u00e9dent\u00a0\u2013 avant m\u00eame\u00a0<span aria-haspopup=\\\"true\\\">l\u2019investiture<\/span>, le 29 d\u00e9cembre, du 6<sup>i\u00e8me<\/sup>\u00a0gouvernement Netanyahou pour permettre la participation en son sein de cinq partis religieux aux c\u00f4t\u00e9s du Likoud. Mais aussi parce que\u00a0<span aria-haspopup=\\\"true\\\">ces<\/span>\u00a0amendements,\u00a0<span aria-haspopup=\\\"true\\\">d\u2019apr\u00e8s<\/span>\u00a0ceux qui les critiquent, pourraient attenter \u00e0 certaines libert\u00e9s individuelles\u2026<\/strong><\/p>\n<p style=\\\"font-weight: 400;\\\"><strong>\u00a0<\/strong><\/p>\n<ul>\n<li style=\\\"font-weight: 400;\\\"><strong>Les deux victoires d\u2019Itamar Ben-Gvir (Otzma\u00a0<span aria-haspopup=\\\"true\\\">Y\u00e9houdit<\/span>)<\/strong><\/li>\n<\/ul>\n<p style=\\\"font-weight: 400;\\\">Avant m\u00eame de devenir ministre de la S\u00e9curit\u00e9 nationale, Ben Gvir a obtenu de Netanyahou puis de la Knesset deux changements\u00a0<span aria-haspopup=\\\"true\\\">qu\u2019il<\/span>\u00a0avait pr\u00e9sent\u00e9s comme des conditions sine-qua-non \u00e0 son entr\u00e9e dans le nouveau cabinet Bibi.<\/p>\n<p style=\\\"font-weight: 400;\\\">D\u2019abord la suppression\u00a0<span aria-haspopup=\\\"true\\\">d\u2019une<\/span>\u00a0partie de la Clause 7A de la Loi fondamentale sur la Knesset interdisant jusque-l\u00e0 \u00e0\u00a0<em>\u00ab\u00a0tout citoyen qui inciterait au racisme\u00a0\u00bb<\/em>\u00a0de briguer un si\u00e8ge au Parlement. Et ce, notamment pour permettre \u00e0 plusieurs membres de son parti, jusque-l\u00e0 \u00e9cart\u00e9s des scrutins nationaux par la Cour supr\u00eame, de participer aux prochaines \u00e9lections l\u00e9gislatives. Seule reste donc en vigueur la partie de cette clause excluant des listes \u00e9lectorales\u00a0<em>\u00ab\u00a0tout citoyen qui n\u2019accepterait pas la d\u00e9finition d\u2019Isra\u00ebl comme Etat juif et d\u00e9mocratique\u00a0\u00bb\u00a0:<\/em>\u00a0une formulation qui vise \u00e9videmment certains politiciens arabes isra\u00e9liens tr\u00e8s antisionistes\u2026<\/p>\n<p style=\\\"font-weight: 400;\\\">Par ailleurs, Ben Gvir a obtenu que le commandement de certaines unit\u00e9s de la police \u2013 dont, entre autres, la Police des Fronti\u00e8res &#8211;<\/p>\n<p><strong>La suite de l\u2019article se trouve dans le prochain num\u00e9ro d\u2019Isra\u00ebl Magazine<\/strong><\/p>\n<p><strong>D\u00e9couvrez un exemplaire du magazine gratuitement et cliquez ensuite sur le rebord droit<\/strong><\/p>\n<p><a href=\\\"https:\/\/online.fliphtml5.com\/rjspi\/ypmm\/#p=1\\\"><strong>https:\/\/online.fliphtml5.com\/rjspi\/ypmm\/#p=1<\/strong><\/a><\/p>\n<p><strong>Votre magazine est livr\u00e9 chez vous en toute confidentialit\u00e9<br \/>\nS\u2019abonner au magazine par t\u00e9l\u00e9phone ou par whats app 00972 (0) 54 254 45 20 ou au 01 86 98 27 27<\/strong><\/p>\n<p><strong>Par email\u00a0\u00a0<\/strong><a href=\\\"mailto:Andredarmon21@gmail.com\\\"><strong>Andredarmon21@gmail.com<\/strong><\/a><strong>\u00a0 pay pal<\/strong><\/p>\n<p><strong>Ou directement sur le site<\/strong><\/p>\n<p><a href=\\\"https:\/\/israelmagazine.co.il\/sabonner-au-magazine\/\\\"><strong>https:\/\/israelmagazine.co.il\/sabonner-au-magazine\/<\/strong><\/a><\/p>\n<p><strong>Loi du Retour ou qui est Juif ?Ou encore S\u2019abonner au magazine livr\u00e9 chez vous en toute confidentialit\u00e9. Remplir le formulaire<\/strong><\/p>\n<p><a href=\\\"https:\/\/docs.google.com\/forms\/d\/e\/1FAIpQLSfPYJfb8KjEya-X17w0DGPAuBlCGvqVUdh_Is8EL810Lxw82A\/viewform?entry.1189475001=Recipient_Email\\\"><strong>https:\/\/docs.google.com\/forms\/d\/e\/1FAIpQLSfPYJfb8KjEya-X17w0DGPAuBlCGvqVUdh_Is8EL810Lxw82A\/viewform?entry.1189475001=Recipient_Email<\/strong><\/a><\/p>\n","protected":false},"excerpt":{"rendered":"<p>\u00a0\u00a0\u00a0 Remous autour des Accords de la coalition Netanyahou RICHARD DARMON \u00a0 La col\u00e8re gronde dans la nouvelle opposition men\u00e9e par le centre et la gauche mais aussi dans une partie des m\u00e9dias dit \u00ab\u00a0lib\u00e9raux\u00a0\u00bb\u00a0! En effet, certains amendements \u00ab\u00a0personnels\u00a0\u00bb aux lois en vigueur en Isra\u00ebl ont d\u00fb \u00eatre adopt\u00e9s par la Knesset \u2013 fait &hellip;<\/p>\n<p class=\"read-more\"> <a class=\"\" href=\"https:\/\/israelmagazine.net\/?p=59146\"> <span class=\"screen-reader-text\">Remous autour des Accords de la coalition Netanyahou<\/span> Lire la suite \u00bb<\/a><\/p>\n","protected":false},"author":4,"featured_media":59147,"comment_status":"open","ping_status":"open","sticky":false,"template":"","format":"standard","meta":{"site-sidebar-layout":"default","site-content-layout":"default","ast-global-header-display":"","ast-main-header-display":"","ast-hfb-above-header-display":"","ast-hfb-below-header-display":"","ast-hfb-mobile-header-display":"","site-post-title":"","ast-breadcrumbs-content":"","ast-featured-img":"","footer-sml-layout":"","theme-transparent-header-meta":"","adv-header-id-meta":"","stick-header-meta":"","header-above-stick-meta":"","header-main-stick-meta":"","header-below-stick-meta":""},"categories":[84,1621,1612,1617,1611,1673,1191,1615],"tags":[],"sujet":[],"_links":{"self":[{"href":"https:\/\/israelmagazine.net\/index.php?rest_route=\/wp\/v2\/posts\/59146"}],"collection":[{"href":"https:\/\/israelmagazine.net\/index.php?rest_route=\/wp\/v2\/posts"}],"about":[{"href":"https:\/\/israelmagazine.net\/index.php?rest_route=\/wp\/v2\/types\/post"}],"author":[{"embeddable":true,"href":"https:\/\/israelmagazine.net\/index.php?rest_route=\/wp\/v2\/users\/4"}],"replies":[{"embeddable":true,"href":"https:\/\/israelmagazine.net\/index.php?rest_route=%2Fwp%2Fv2%2Fcomments&post=59146"}],"version-history":[{"count":0,"href":"https:\/\/israelmagazine.net\/index.php?rest_route=\/wp\/v2\/posts\/59146\/revisions"}],"wp:featuredmedia":[{"embeddable":true,"href":"https:\/\/israelmagazine.net\/index.php?rest_route=\/"}],"wp:attachment":[{"href":"https:\/\/israelmagazine.net\/index.php?rest_route=%2Fwp%2Fv2%2Fmedia&parent=59146"}],"wp:term":[{"taxonomy":"category","embeddable":true,"href":"https:\/\/israelmagazine.net\/index.php?rest_route=%2Fwp%2Fv2%2Fcategories&post=59146"},{"taxonomy":"post_tag","embeddable":true,"href":"https:\/\/israelmagazine.net\/index.php?rest_route=%2Fwp%2Fv2%2Ftags&post=59146"},{"taxonomy":"sujet","embeddable":true,"href":"https:\/\/israelmagazine.net\/index.php?rest_route=%2Fwp%2Fv2%2Fsujet&post=59146"}],"curies":[{"name":"wp","href":"https:\/\/api.w.org\/{rel}","templated":true}]}}