{"id":59152,"date":"2022-12-31T19:37:10","date_gmt":"2022-12-31T17:37:10","guid":{"rendered":"https:\/\/israelmagazine.net\/?p=59152"},"modified":"2022-12-31T19:37:10","modified_gmt":"2022-12-31T17:37:10","slug":"deux-soldats-druzes-accuses-davoir-lance-un-engin-explosif-improvise-sur-une-maison-arabe-pour-venger-tiran-fero","status":"publish","type":"post","link":"https:\/\/israelmagazine.net\/?p=59152","title":{"rendered":"Deux soldats druzes accus\u00e9s\u00a0d\u2019avoir\u00a0lanc\u00e9 un engin explosif improvis\u00e9 sur une maison arabe pour venger\u00a0Tiran Fero"},"content":{"rendered":"<p dir=\\\"ltr\\\"><img class=\\\"alignnone size-medium wp-image-59159\\\" src=\\\"https:\/\/israelmagazine.co.il\/wp-content\/uploads\/2022\/12\/Mon-projet-2022-12-31T194057.467-300x157.jpg\\\" alt=\\\"\\\" width=\\\"300\\\" height=\\\"157\\\" \/><\/p>\n<p dir=\\\"ltr\\\"><span style=\\\"font-size: xx-large;\\\">Deux soldats druzes accus\u00e9s\u00a0<span id=\\\"m_4302189838874772767:11x.4\\\" role=\\\"menuitem\\\" aria-haspopup=\\\"true\\\">d\u2019avoir<\/span>\u00a0lanc\u00e9 un engin explosif improvis\u00e9 sur une maison arabe pour venger\u00a0Tiran Fero<\/span><\/p>\n<p dir=\\\"ltr\\\">Le parquet militaire a d\u00e9pos\u00e9 de graves accusations contre deux soldats druzes, accus\u00e9s\u00a0<span id=\\\"m_4302189838874772767:11x.5\\\" role=\\\"menuitem\\\" aria-haspopup=\\\"true\\\">d\u2019avoir<\/span>\u00a0lanc\u00e9 un engin explosif improvis\u00e9 sur une maison arabe \u00e0 Al-Fordis dans le secteur de la division militaire du Goush Etzion.\u00a0Le Tribunal accuse les soldats\u00a0<span id=\\\"m_4302189838874772767:11x.6\\\" role=\\\"menuitem\\\" aria-haspopup=\\\"true\\\">d\u2019avoir<\/span>\u00a0fait usage\u00a0<span id=\\\"m_4302189838874772767:11x.7\\\" role=\\\"menuitem\\\" aria-haspopup=\\\"true\\\">d\u2019une<\/span>\u00a0arme, de dommages intentionnels aggrav\u00e9s, et de dommages par malveillance dans le cadre de l\\&rsquo;enqu\u00eate. La police militaire a arr\u00eat\u00e9 ces soldats. Lors du d\u00e9p\u00f4t de l\\&rsquo;acte d\\&rsquo;accusation, le parquet militaire a demand\u00e9 au tribunal de l\\&rsquo;arm\u00e9e d\\&rsquo;ordonner la d\u00e9tention des soldats jusqu\\&rsquo;\u00e0 la fin de la proc\u00e9dure judiciaire dans leur affaire. \u00c0 ce stade, avec l\\&rsquo;accord de la D\u00e9fense, la d\u00e9tention des deux pr\u00e9venus a \u00e9t\u00e9 prolong\u00e9e jusqu\\&rsquo;au 19 janvier 2023, date \u00e0 laquelle une audience sur la requ\u00eate du parquet devrait avoir lieu.<\/p>\n<p>Selon les actes d\\&rsquo;accusation d\u00e9pos\u00e9s, les pr\u00e9venus ont fabriqu\u00e9, avec un troisi\u00e8me soldat, un engin explosif improvis\u00e9, et l\\&rsquo;ont jet\u00e9 \u00e0 l\u2019int\u00e9rieur\u00a0<span id=\\\"m_4302189838874772767:11x.8\\\" role=\\\"menuitem\\\" aria-haspopup=\\\"true\\\">d\u2019une<\/span>\u00a0maison \u00e0 Al-Fordis, dans le quartier de la division \\\u00a0\u00bbEtzion\\\u00a0\u00bb, alors qu\\&rsquo;elle \u00e9tait habit\u00e9e par plusieurs personnes. Leur intention \u00e9tait de provoquer un incendie dans la maison, pour se venger de l\\&rsquo;enl\u00e8vement du corps du jeune Isra\u00e9lien, originaire de Daliyat al-<span id=\\\"m_4302189838874772767:11x.9\\\" role=\\\"menuitem\\\" aria-haspopup=\\\"true\\\">Carmel<\/span>, Tiran Fero \u00e0 J\u00e9nine. De plus, les pr\u00e9venus ont jet\u00e9 des pierres sur la m\u00eame maison plusieurs jours avant, au lendemain de l\\&rsquo;enl\u00e8vement du corps. Un acte d\\&rsquo;accusation dans l\\&rsquo;affaire du troisi\u00e8me soldat sera d\u00e9pos\u00e9 dans les prochains jours.<\/p>\n<p dir=\\\"ltr\\\">La communaut\u00e9 druze et tout Isra\u00ebl dans son ensemble\u00a0<span id=\\\"m_4302189838874772767:11x.11\\\" role=\\\"menuitem\\\" aria-haspopup=\\\"true\\\">se sont\u00a0<\/span>montr\u00e9e r\u00e9vuls\u00e9es par ce kidnapping, en pressant les Palestiniens de rendre le corps de leur ami ou parent, au risque que les Druzes op\u00e8rent une descente arm\u00e9e dans J\u00e9nine. Entre autres, des Druzes du village de Yarka, pr\u00e8s de Carmiel, ont enlev\u00e9 un Palestinien avant de le rel\u00e2cher et des manifestations ont\u00a0<span id=\\\"m_4302189838874772767:11x.12\\\" role=\\\"menuitem\\\" aria-haspopup=\\\"true\\\">eu<\/span>\u00a0lieu dans la ville d\\&rsquo;origine de Tiran.<\/p>\n<p><strong>La suite de l\u2019article se trouve dans le prochain num\u00e9ro d\u2019Isra\u00ebl Magazine<\/strong><\/p>\n<p><strong>D\u00e9couvrez un exemplaire du magazine gratuitement et cliquez ensuite sur le rebord droit<\/strong><\/p>\n<p><a href=\\\"https:\/\/online.fliphtml5.com\/rjspi\/ypmm\/#p=1\\\"><strong>https:\/\/online.fliphtml5.com\/rjspi\/ypmm\/#p=1<\/strong><\/a><\/p>\n<p><strong>Votre magazine est livr\u00e9 chez vous en toute confidentialit\u00e9<br \/>\nS\u2019abonner au magazine par t\u00e9l\u00e9phone ou par whats app 00972 (0) 54 254 45 20 ou au 01 86 98 27 27<\/strong><\/p>\n<p><strong>Par email\u00a0\u00a0<\/strong><a href=\\\"mailto:Andredarmon21@gmail.com\\\"><strong>Andredarmon21@gmail.com<\/strong><\/a><strong>\u00a0 pay pal<\/strong><\/p>\n<p><strong>Ou directement sur le site<\/strong><\/p>\n<p><a href=\\\"https:\/\/israelmagazine.co.il\/sabonner-au-magazine\/\\\"><strong>https:\/\/israelmagazine.co.il\/sabonner-au-magazine\/<\/strong><\/a><\/p>\n<p><strong>Loi du Retour ou qui est Juif ?Ou encore S\u2019abonner au magazine livr\u00e9 chez vous en toute confidentialit\u00e9. Remplir le formulaire<\/strong><\/p>\n<p><a href=\\\"https:\/\/docs.google.com\/forms\/d\/e\/1FAIpQLSfPYJfb8KjEya-X17w0DGPAuBlCGvqVUdh_Is8EL810Lxw82A\/viewform?entry.1189475001=Recipient_Email\\\"><strong>https:\/\/docs.google.com\/forms\/d\/e\/1FAIpQLSfPYJfb8KjEya-X17w0DGPAuBlCGvqVUdh_Is8EL810Lxw82A\/viewform?entry.1189475001=Recipient_Email<\/strong><\/a><\/p>\n","protected":false},"excerpt":{"rendered":"<p>Deux soldats druzes accus\u00e9s\u00a0d\u2019avoir\u00a0lanc\u00e9 un engin explosif improvis\u00e9 sur une maison arabe pour venger\u00a0Tiran Fero Le parquet militaire a d\u00e9pos\u00e9 de graves accusations contre deux soldats druzes, accus\u00e9s\u00a0d\u2019avoir\u00a0lanc\u00e9 un engin explosif improvis\u00e9 sur une maison arabe \u00e0 Al-Fordis dans le secteur de la division militaire du Goush Etzion.\u00a0Le Tribunal accuse les soldats\u00a0d\u2019avoir\u00a0fait usage\u00a0d\u2019une\u00a0arme, de dommages &hellip;<\/p>\n<p class=\"read-more\"> <a class=\"\" href=\"https:\/\/israelmagazine.net\/?p=59152\"> <span class=\"screen-reader-text\">Deux soldats druzes accus\u00e9s\u00a0d\u2019avoir\u00a0lanc\u00e9 un engin explosif improvis\u00e9 sur une maison arabe pour venger\u00a0Tiran Fero<\/span> Lire la suite \u00bb<\/a><\/p>\n","protected":false},"author":4,"featured_media":59161,"comment_status":"open","ping_status":"open","sticky":false,"template":"","format":"standard","meta":{"site-sidebar-layout":"default","site-content-layout":"default","ast-global-header-display":"","ast-main-header-display":"","ast-hfb-above-header-display":"","ast-hfb-below-header-display":"","ast-hfb-mobile-header-display":"","site-post-title":"","ast-breadcrumbs-content":"","ast-featured-img":"","footer-sml-layout":"","theme-transparent-header-meta":"","adv-header-id-meta":"","stick-header-meta":"","header-above-stick-meta":"","header-main-stick-meta":"","header-below-stick-meta":""},"categories":[84,1621,1387,814,1614,1624,1616],"tags":[383,821,742],"sujet":[],"_links":{"self":[{"href":"https:\/\/israelmagazine.net\/index.php?rest_route=\/wp\/v2\/posts\/59152"}],"collection":[{"href":"https:\/\/israelmagazine.net\/index.php?rest_route=\/wp\/v2\/posts"}],"about":[{"href":"https:\/\/israelmagazine.net\/index.php?rest_route=\/wp\/v2\/types\/post"}],"author":[{"embeddable":true,"href":"https:\/\/israelmagazine.net\/index.php?rest_route=\/wp\/v2\/users\/4"}],"replies":[{"embeddable":true,"href":"https:\/\/israelmagazine.net\/index.php?rest_route=%2Fwp%2Fv2%2Fcomments&post=59152"}],"version-history":[{"count":0,"href":"https:\/\/israelmagazine.net\/index.php?rest_route=\/wp\/v2\/posts\/59152\/revisions"}],"wp:featuredmedia":[{"embeddable":true,"href":"https:\/\/israelmagazine.net\/index.php?rest_route=\/"}],"wp:attachment":[{"href":"https:\/\/israelmagazine.net\/index.php?rest_route=%2Fwp%2Fv2%2Fmedia&parent=59152"}],"wp:term":[{"taxonomy":"category","embeddable":true,"href":"https:\/\/israelmagazine.net\/index.php?rest_route=%2Fwp%2Fv2%2Fcategories&post=59152"},{"taxonomy":"post_tag","embeddable":true,"href":"https:\/\/israelmagazine.net\/index.php?rest_route=%2Fwp%2Fv2%2Ftags&post=59152"},{"taxonomy":"sujet","embeddable":true,"href":"https:\/\/israelmagazine.net\/index.php?rest_route=%2Fwp%2Fv2%2Fsujet&post=59152"}],"curies":[{"name":"wp","href":"https:\/\/api.w.org\/{rel}","templated":true}]}}