{"id":59247,"date":"2023-01-06T15:18:05","date_gmt":"2023-01-06T13:18:05","guid":{"rendered":"https:\/\/israelmagazine.net\/?p=59247"},"modified":"2023-01-06T15:18:05","modified_gmt":"2023-01-06T13:18:05","slug":"que-vaut-la-condamnation-de-ben-gvir-au-conseil-de-securite-de-lonu","status":"publish","type":"post","link":"https:\/\/israelmagazine.net\/?p=59247","title":{"rendered":"Que vaut la condamnation de Ben Gvir au Conseil de S\u00e9curit\u00e9 de l\u2019ONU\u00a0?"},"content":{"rendered":"<h1><img class=\\\"alignnone size-medium wp-image-59252\\\" src=\\\"https:\/\/israelmagazine.co.il\/wp-content\/uploads\/2023\/01\/UU2FOTRKZFADNDIQ6XJ5KVNSGY1-300x169.jpg\\\" alt=\\\"\\\" width=\\\"300\\\" height=\\\"169\\\" \/><\/h1>\n<h1>Que vaut la condamnation de Ben Gvir au Conseil de S\u00e9curit\u00e9 de l\u2019ONU\u00a0?<\/h1>\n<h2>Marc Brzustowski<\/h2>\n<p style=\\\"font-weight: 400;\\\">Gilad Erdan, au nom d\u2019Isra\u00ebl, a prononc\u00e9 un r\u00e9quisitoire cinglant contre l\u2019expression de haine de Riyad Mansour, repr\u00e9sentant palestinien, devant le Conseil de s\u00e9curit\u00e9. Il remplit avec constance et brio ce r\u00f4le \u00ab\u00a0d\u00e9sesp\u00e9r\u00e9\u00a0\u00bb, dans la foul\u00e9e de ses pr\u00e9d\u00e9cesseurs, Danny Danon et Ron Prosor. Les d\u00e9l\u00e9gu\u00e9s isra\u00e9liens accomplissent une performance, aussi importante, dans la symbolique, que d\u00e9fendre une fronti\u00e8re sur le Golan. M\u00eame quand on est intimement persuad\u00e9 que \u00ab\u00a0cela ne sert \u00e0 rien\u00a0\u00bb.<\/p>\n<h2>L\\&rsquo;AP au bord du chaos<\/h2>\n<p>Lorsque Mansour d\u00e9clare\u00a0: \u00ab\u00a0Si l\u2019ONU n\u2019arr\u00eate pas Ben Gvir et Netanyahou sur le Mont du Temple, notre peuple le fera\u00a0\u00bb, il incite \u00e0 la haine, mais dissimule bien mal l\u2019enlisement dans lequel se trouve le Fatah de Mahmoud Abbas, sur le terrain. L\u2019Autorit\u00e9 Palestinienne n\u2019a plus qu\u2019une fonction. Faire vibrer une fiction\u00a0: repr\u00e9senter un \u00ab\u00a0quasi-Etat\u00a0\u00bb, qui n\u2019existe que dans le regard des autres.<\/p>\n<p style=\\\"font-weight: 400;\\\">Les Forces de s\u00e9curit\u00e9 palestiniennes n\u2019osent pas affronter les gangs arm\u00e9s qui tiennent la rue et provoquent Tsahal. Elles ne pourront jamais restituer un ordre viable, n\u00e9cessaire \u00e0 la construction d\u2019un Etat. Aussi, de quel \u00ab\u00a0peuple\u00a0\u00bb Mansour parle-t-il\u00a0? Abbas n\u2019est au pouvoir depuis la mort d\u2019Arafat que parce qu\u2019il a reconnu que la Seconde Intifada arm\u00e9e \u00e9tait un \u00e9chec.<\/p>\n<h2>La guerre juridique, substitut \u00e0 l\\&rsquo;Intifada<\/h2>\n<p style=\\\"font-weight: 400;\\\">\u00c0 contre-pied, il a pr\u00e9conis\u00e9, d\u00e8s 2005, une \u00ab\u00a0guerre juridique\u00a0\u00bb internationale, avec l\u2019aide et le soutien de puissances \u00e9mergentes comme le Br\u00e9sil de Lula. La Chine, la Russie, le Venezuela, ne sont pas loin derri\u00e8re. Ce club de r\u00e9gimes autoritaires est d\u00e9j\u00e0 engag\u00e9 dans d\u2019autres confits bien plus dangereux\u00a0: Ukraine, Ta\u00efwan, insurrections narcotrafiquantes en Am\u00e9rique du Sud ou en Syrie\u2026<\/p>\n<p>La vague actuelle d\u2019attentats et d\u2019attaques arm\u00e9es est-elle une r\u00e9miniscence d\u2019Intifada\u00a0? Les cellules comme la \u00ab\u00a0Fosse aux Lions\u00a0\u00bb sont \u00e0 mi-chemin du gang criminel et du groupe terroriste. Ils sont soutenus par Gaza et l\u2019Iran, mais restent des \u00ab\u00a0amateurs\u00a0\u00bb, compar\u00e9s aux milices du Hamas, du Jihad Islamique et du Hezbollah. Les coups qu\u2019ils portent sont sanglants, mais impuissants \u00e0 entra\u00eener un \u00ab\u00a0peuple\u00a0\u00bb, contrairement aux all\u00e9gations de Mansour.<\/p>\n<h2>Gaza et Ramallah, deux entit\u00e9s sans culture commune<\/h2>\n<p>C\u2019est une diff\u00e9rence majeure avec l\u2019organisation souterraine men\u00e9e de \u00ab\u00a0main de ma\u00eetre\u00a0\u00bb par Marwan Barghouti, dans les ann\u00e9es 2000, en tant qu\u2019agent de liaison de Yasser Arafat. Barghouti avait pour mission de maintenir le contact avec le Hamas et de le garder sous la tutelle de Ramallah. La fracture a lieu en juin 2007, lorsque le Hamas destitue l\u2019AP dans la Bande de Gaza, en massacrant all\u00e8grement des centaines d\u2019hommes du Fatah. Amn\u00e9sie internationale.<\/p>\n<h2><strong>Les divisions claniques sont telles que la coh\u00e9sion demeure hors de port\u00e9e.<\/strong><\/h2>\n<p>Les mises en sc\u00e8ne \u00e0 grand renfort de d\u00e9clarations fracassantes \u00e0 la tribune de l\u2019ONU font office de c\u00e9r\u00e9monial du souvenir. Mais, l\u2019extraordinaire se trouve dans l\u2019attitude des Nations, tr\u00e8s inqui\u00e8tes de maintenir un \u00ab\u00a0statuquo\u00a0\u00bb\u00a0: cela revient \u00e0 dire que le monde se complait en \u00e9tat d\u2019\u00e9chec et n\u2019a surtout pas l\u2019intention de trouver un nouvel \u00e9quilibre pour consolider la situation, en analysant les causes du conflit.<\/p>\n<h2>Subreptice p\u00e8lerinage<\/h2>\n<p>Itamar Ben Gvir a pass\u00e9 13 minutes au total \u00e0 esquisser un tour de l\u2019esplanade du Mont du Temple, au petit matin, sans avoir pr\u00e9venu personne, avec un accompagnement r\u00e9siduel. Comme sur la pointe des pieds.<\/p>\n<p style=\\\"text-align: center;\\\"><img class=\\\"alignnone size-medium wp-image-59255\\\" src=\\\"https:\/\/israelmagazine.co.il\/wp-content\/uploads\/2023\/01\/H27OTINY4ZRJNDLUD6QNEPA7PM1-300x200.jpg\\\" alt=\\\"\\\" width=\\\"300\\\" height=\\\"200\\\" \/><\/p>\n<p style=\\\"text-align: center;\\\"><em>Reem Al Hashimy, Ministre d\\&rsquo;Etat des EAUpour la Coop\u00e9ration Internationale\u00a0<\/em><\/p>\n<p>On est chagrin\u00e9 d\u2019apprendre que le Conseil de s\u00e9curit\u00e9 se r\u00e9unissait \u00e0 la demande des \u00c9mirats Arabes Unis, un alli\u00e9 dans les Accords d\u2019Abraham. Or, les EAU repr\u00e9sentent la Ligue Arabe au conseil et ne pouvaient pas \u00ab\u00a0faire moins\u00a0\u00bb que de signifier une posture symbolique du monde arabe dans son ensemble. \u00c0 terme, cela veut aussi dire qu\u2019ils contribuent \u00e0 maintenir le calme.<\/p>\n<h2>Sur un air bien connu<\/h2>\n<p>La th\u00e9\u00e2tralit\u00e9 de la situation ne prend sens que parce que les \u00c9tats-Unis doivent rappeler leur \u00ab\u00a0attachement \u00e0 la solution \u00e0 deux \u00c9tats\u00a0\u00bb, \u00e0 laquelle quelques v\u00e9t\u00e9rans veulent encore croire. Ils doivent marquer leur diff\u00e9rence avec un gouvernement Netanyahou qui penche \u00e0 droite comme jamais. Au-del\u00e0, c\u2019est une sorte de petite musique ritualis\u00e9e qu\u2019on ne peut s\u2019emp\u00eacher de fredonner, parce qu\u2019on vous l\u2019a mise dans la t\u00eate.<\/p>\n<h2>L\\&rsquo;ONU croit-elle avoir raison de 20 si\u00e8cles d\\&rsquo;esp\u00e9rance ?<\/h2>\n<p>Le mythe de la dangerosit\u00e9 d\u2019ordre mondial du Mont du Temple est-il en train de s\u2019estomper ? Hormis le Hamas \u00e0 Gaza lan\u00e7ant 7 missiles en direction de J\u00e9rusalem en mai 2021 pour soutenir la propagande de l\u2019Iran, qui veut croire qu\u20191, 4 milliard de musulmans vont se soulever \u00e0 l\u2019appel du muezzin Abbas pour repousser les Juifs jusqu\u2019\u00e0 la mer\u00a0?<\/p>\n<p>Ben Gvir, comme d\u2019autres politiques avant lui, endosse le costume de canari dans la mine un peu en avance sur Pourim. Il serait irresponsable de s\u2019exclamer \u00ab\u00a0c\u2019est sans danger\u00a0\u00bb, comme le dentiste de Marathon Man. Mais Isra\u00ebl ne cessera pas de proclamer qu\u2019il est de retour \u00e0 Sion, dans sa capitale, m\u00eame si cela froisse les musulmans radicaux qui s\u2019accrochent aux symboles de leur br\u00e8ve domination par la razzia, entre le 7\u1d49 et le 14\u1d49 si\u00e8cle. La nostalgie du califat d\u00e9montre r\u00e9guli\u00e8rement son inanit\u00e9.<\/p>\n<p><strong>La suite de l\u2019article se trouve dans le prochain num\u00e9ro d\u2019Isra\u00ebl Magazine<\/strong><\/p>\n<p><strong>D\u00e9couvrez un exemplaire du magazine gratuitement et cliquez ensuite sur le rebord droit<\/strong><\/p>\n<p><a href=\\\"https:\/\/online.fliphtml5.com\/rjspi\/ypmm\/#p=1\\\"><strong>https:\/\/online.fliphtml5.com\/rjspi\/ypmm\/#p=1<\/strong><\/a><\/p>\n<p><strong>Votre magazine est livr\u00e9 chez vous en toute confidentialit\u00e9<br \/>\nS\u2019abonner au magazine par t\u00e9l\u00e9phone ou par whats app 00972 (0) 54 254 45 20 ou au 01 86 98 27 27<\/strong><\/p>\n<p><strong>Par email\u00a0\u00a0<\/strong><a href=\\\"mailto:Andredarmon21@gmail.com\\\"><strong>Andredarmon21@gmail.com<\/strong><\/a><strong>\u00a0 pay pal<\/strong><\/p>\n<p><strong>Ou directement sur le site<\/strong><\/p>\n<p><a href=\\\"https:\/\/israelmagazine.co.il\/sabonner-au-magazine\/\\\"><strong>https:\/\/israelmagazine.co.il\/sabonner-au-magazine\/<\/strong><\/a><\/p>\n<p><strong>Loi du Retour ou qui est Juif ?Ou encore S\u2019abonner au magazine livr\u00e9 chez vous en toute confidentialit\u00e9. Remplir le formulaire<\/strong><\/p>\n<p><a href=\\\"https:\/\/docs.google.com\/forms\/d\/e\/1FAIpQLSfPYJfb8KjEya-X17w0DGPAuBlCGvqVUdh_Is8EL810Lxw82A\/viewform?entry.1189475001=Recipient_Email\\\"><strong>https:\/\/docs.google.com\/forms\/d\/e\/1FAIpQLSfPYJfb8KjEya-X17w0DGPAuBlCGvqVUdh_Is8EL810Lxw82A\/viewform?entry.1189475001=Recipient_Email<\/strong><\/a><\/p>\n<p><strong><u>\u00a0<\/u><\/strong><\/p>\n","protected":false},"excerpt":{"rendered":"<p>Que vaut la condamnation de Ben Gvir au Conseil de S\u00e9curit\u00e9 de l\u2019ONU\u00a0? Marc Brzustowski Gilad Erdan, au nom d\u2019Isra\u00ebl, a prononc\u00e9 un r\u00e9quisitoire cinglant contre l\u2019expression de haine de Riyad Mansour, repr\u00e9sentant palestinien, devant le Conseil de s\u00e9curit\u00e9. Il remplit avec constance et brio ce r\u00f4le \u00ab\u00a0d\u00e9sesp\u00e9r\u00e9\u00a0\u00bb, dans la foul\u00e9e de ses pr\u00e9d\u00e9cesseurs, Danny &hellip;<\/p>\n<p class=\"read-more\"> <a class=\"\" href=\"https:\/\/israelmagazine.net\/?p=59247\"> <span class=\"screen-reader-text\">Que vaut la condamnation de Ben Gvir au Conseil de S\u00e9curit\u00e9 de l\u2019ONU\u00a0?<\/span> Lire la suite \u00bb<\/a><\/p>\n","protected":false},"author":4,"featured_media":59248,"comment_status":"open","ping_status":"open","sticky":false,"template":"","format":"standard","meta":{"site-sidebar-layout":"default","site-content-layout":"default","ast-global-header-display":"","ast-main-header-display":"","ast-hfb-above-header-display":"","ast-hfb-below-header-display":"","ast-hfb-mobile-header-display":"","site-post-title":"","ast-breadcrumbs-content":"","ast-featured-img":"","footer-sml-layout":"","theme-transparent-header-meta":"","adv-header-id-meta":"","stick-header-meta":"","header-above-stick-meta":"","header-main-stick-meta":"","header-below-stick-meta":""},"categories":[84,1621,814,1612,841,1622,1674,1191],"tags":[1739,2569,877,1761,821],"sujet":[],"_links":{"self":[{"href":"https:\/\/israelmagazine.net\/index.php?rest_route=\/wp\/v2\/posts\/59247"}],"collection":[{"href":"https:\/\/israelmagazine.net\/index.php?rest_route=\/wp\/v2\/posts"}],"about":[{"href":"https:\/\/israelmagazine.net\/index.php?rest_route=\/wp\/v2\/types\/post"}],"author":[{"embeddable":true,"href":"https:\/\/israelmagazine.net\/index.php?rest_route=\/wp\/v2\/users\/4"}],"replies":[{"embeddable":true,"href":"https:\/\/israelmagazine.net\/index.php?rest_route=%2Fwp%2Fv2%2Fcomments&post=59247"}],"version-history":[{"count":0,"href":"https:\/\/israelmagazine.net\/index.php?rest_route=\/wp\/v2\/posts\/59247\/revisions"}],"wp:featuredmedia":[{"embeddable":true,"href":"https:\/\/israelmagazine.net\/index.php?rest_route=\/"}],"wp:attachment":[{"href":"https:\/\/israelmagazine.net\/index.php?rest_route=%2Fwp%2Fv2%2Fmedia&parent=59247"}],"wp:term":[{"taxonomy":"category","embeddable":true,"href":"https:\/\/israelmagazine.net\/index.php?rest_route=%2Fwp%2Fv2%2Fcategories&post=59247"},{"taxonomy":"post_tag","embeddable":true,"href":"https:\/\/israelmagazine.net\/index.php?rest_route=%2Fwp%2Fv2%2Ftags&post=59247"},{"taxonomy":"sujet","embeddable":true,"href":"https:\/\/israelmagazine.net\/index.php?rest_route=%2Fwp%2Fv2%2Fsujet&post=59247"}],"curies":[{"name":"wp","href":"https:\/\/api.w.org\/{rel}","templated":true}]}}