{"id":59257,"date":"2023-01-06T15:58:43","date_gmt":"2023-01-06T13:58:43","guid":{"rendered":"https:\/\/israelmagazine.net\/?p=59257"},"modified":"2023-01-06T15:58:43","modified_gmt":"2023-01-06T13:58:43","slug":"autobus-en-flammes-un-terroriste-palestinien-raconte-michele-mazel","status":"publish","type":"post","link":"https:\/\/israelmagazine.net\/?p=59257","title":{"rendered":"Autobus en flammes\u00a0:\u00a0 un terroriste palestinien raconte, \u00a0Mich\u00e8le Mazel"},"content":{"rendered":"<h1><img class=\\\"alignnone size-medium wp-image-59262\\\" src=\\\"https:\/\/israelmagazine.co.il\/wp-content\/uploads\/2023\/01\/Sederavond20Netanya2020021-300x168.webp\\\" alt=\\\"\\\" width=\\\"300\\\" height=\\\"168\\\" \/><\/h1>\n<h1>Autobus en flammes\u00a0:\u00a0 un terroriste palestinien raconte<\/h1>\n<h2>\u00a0Mich\u00e8le Mazel<\/h2>\n<p>&nbsp;<\/p>\n<p>Ne l\u2019oublions pas, les Palestiniens ont aussi leurs h\u00e9ros, m\u00eame si ces derniers n\u2019ont pas toujours l\u2019occasion de faire entendre leur voix. S\u2019agissant d\u2019attentats suicide, l\u2019h\u00e9ro\u00efque combattant de la libert\u00e9 disparait avec ses victimes \u2013 civiles le plus souvent, choisies au hasard dans un endroit bond\u00e9 \u2013 pendant le Seder de P\u00e2que \u00e0 l\u2019h\u00f4tel Park de Nataniya ou \u00e0 l\u2019heure du d\u00e9jeuner, au caf\u00e9 Maxim de Ha\u00effa par exemple.<\/p>\n<h2>46 vies de prison pour \u00e9crire<\/h2>\n<p>D\u2019o\u00f9 l\u2019importance du livre que vient de publier Hassan Salameh. Intitul\u00e9 \u00ab\u00a0Autobus en flammes\u00a0\u00bb il a \u00e9t\u00e9 pr\u00e9sent\u00e9 \u00e0 Gaza ce jeudi 5 janvier par Azzedine El Qassam, la branche arm\u00e9e du mouvement terroriste Hamas, en pr\u00e9sence de centaines de ses partisans dont les principaux leaders.<\/p>\n<p>Monsieur Salameh, lui, n\u2019y \u00e9tait pas\u00a0; il purge, en effet, un total de 46 condamnations \u00e0 vie dans les ge\u00f4les isra\u00e9liennes pour avoir planifi\u00e9 et commandit\u00e9 trois attaques terroristes ayant fait 46 victimes et de nombreux bless\u00e9s. Des crimes qui auraient entrain\u00e9 autant de condamnations \u00e0 mort avec ou sans proc\u00e8s, rapidement mises \u00e0 ex\u00e9cution en Iran, en Turquie ou en Arabie saoudite par exemple.<\/p>\n<h2>Le petit paradis des prisons isra\u00e9liennes<\/h2>\n<p>En Isra\u00ebl, la peine de mort n\u2019a \u00e9t\u00e9 appliqu\u00e9e qu\u2019une fois, s\u2019agissant d\u2019Adolf Eichmann, ma\u00eetre d\u2019\u0153uvre de la solution finale.\u00a0 D\u2019o\u00f9 le nombre \u00e9lev\u00e9 de terroristes dans les prisons de haute s\u00e9curit\u00e9 d\u2019Isra\u00ebl. Et les efforts incessants du Hamas pour acqu\u00e9rir des otages afin d\u2019obtenir leur remise en libert\u00e9.<\/p>\n<p><strong>En attendant, les prisonniers b\u00e9n\u00e9ficient de conditions exorbitantes \u2013 rente vers\u00e9e par l\u2019Autorit\u00e9 palestinienne, possibilit\u00e9 de faire des \u00e9tudes universitaires, visites.\u00a0 Ce qui a permis notamment \u00e0 Salameh de r\u00e9diger \u00ab\u00a0Autobus en flammes\u00a0\u00bb et d\u2019en faire parvenir le manuscrit.<\/strong><\/p>\n<h2>Exaltation du meurtre de masse<\/h2>\n<p>Dans un message envoy\u00e9 de sa prison \u00e0 l\u2019occasion du lancement de ce t\u00e9moignage, il d\u00e9clare, notamment, que les attentats\u00a0dont il endosse la responsabilit\u00e9\u00a0\u00ab\u00a0resteront immortels dans l\u2019histoire et raconteront aux g\u00e9n\u00e9rations palestiniennes l\u2019histoire d\u2019une volont\u00e9 qui transcende l\u2019impossible, accomplit des miracles et expose la fragilit\u00e9 de l\u2019entit\u00e9 sioniste au monde entier.\u00a0\u00bb<\/p>\n<h2>Karim Youn\u00e8s : le d\u00e9tail qui tue<\/h2>\n<p>Le hasard du calendrier fait qu\u2019au m\u00eame moment, un autre prisonnier \u00e9tait remis en libert\u00e9. Karim Younes, reconnu coupable d\u2019avoir kidnapp\u00e9 et assassin\u00e9 le soldat Avraham Bromberg en 1983, n\u2019avait pas, lui, re\u00e7u une condamnation \u00e0 vie. S\u2019il vient de passer quarante ans derri\u00e8re les barreaux, il est sorti libre et a re\u00e7u un accueil triomphal dans sa ville natale, d\u00e9clarant qu\u2019il serait pr\u00eat \u00e0 faire davantage encore pour la Palestine. Ce qui lui a valu, sans doute, un coup de t\u00e9l\u00e9phone de f\u00e9licitations du pr\u00e9sident de l\u2019Autorit\u00e9 palestinienne Mahmoud Abbas, qui lui a assur\u00e9 que jamais les dirigeants de Ramallah n\u2019abandonneraient ou ne feraient de concessions concernant \u00ab\u00a0leurs fr\u00e8res\u00a0\u00bb, qu\u2019ils aient pass\u00e9 40 ans comme lui ou 40 secondes dans les prisons de \u00ab\u00a0l\u2019Occupation.\u00a0\u00bb<\/p>\n<p>Petit d\u00e9tail\u00a0: Si Hassan Salameh est originaire de Khan Yunis dans la Bande de Gaza, Monsieur Younes, lui, est citoyen isra\u00e9lien. Il est retourn\u00e9 chez lui \u00e0 Arara, petite ville de vingt mille habitants pr\u00e8s de Ha\u00effa et donc \u00e0 l\u2019int\u00e9rieur d\u2019Isra\u00ebl dans ses fronti\u00e8res internationalement reconnues.<\/p>\n<p><strong>La suite de l\u2019article se trouve dans le prochain num\u00e9ro d\u2019Isra\u00ebl Magazine<\/strong><\/p>\n<p><strong>D\u00e9couvrez un exemplaire du magazine gratuitement et cliquez ensuite sur le rebord droit<\/strong><\/p>\n<p><a href=\\\"https:\/\/online.fliphtml5.com\/rjspi\/ypmm\/#p=1\\\"><strong>https:\/\/online.fliphtml5.com\/rjspi\/ypmm\/#p=1<\/strong><\/a><\/p>\n<p><strong>Votre magazine est livr\u00e9 chez vous en toute confidentialit\u00e9<br \/>\nS\u2019abonner au magazine par t\u00e9l\u00e9phone ou par whats app 00972 (0) 54 254 45 20 ou au 01 86 98 27 27<\/strong><\/p>\n<p><strong>Par email\u00a0\u00a0<\/strong><a href=\\\"mailto:Andredarmon21@gmail.com\\\"><strong>Andredarmon21@gmail.com<\/strong><\/a><strong>\u00a0 pay pal<\/strong><\/p>\n<p><strong>Ou directement sur le site<\/strong><\/p>\n<p><a href=\\\"https:\/\/israelmagazine.co.il\/sabonner-au-magazine\/\\\"><strong>https:\/\/israelmagazine.co.il\/sabonner-au-magazine\/<\/strong><\/a><\/p>\n<p><strong>Loi du Retour ou qui est Juif ?Ou encore S\u2019abonner au magazine livr\u00e9 chez vous en toute confidentialit\u00e9. Remplir le formulaire<\/strong><\/p>\n<p><a href=\\\"https:\/\/docs.google.com\/forms\/d\/e\/1FAIpQLSfPYJfb8KjEya-X17w0DGPAuBlCGvqVUdh_Is8EL810Lxw82A\/viewform?entry.1189475001=Recipient_Email\\\"><strong>https:\/\/docs.google.com\/forms\/d\/e\/1FAIpQLSfPYJfb8KjEya-X17w0DGPAuBlCGvqVUdh_Is8EL810Lxw82A\/viewform?entry.1189475001=Recipient_Email<\/strong><\/a><\/p>\n<p><strong><u>\u00a0<\/u><\/strong><\/p>\n","protected":false},"excerpt":{"rendered":"<p>Autobus en flammes\u00a0:\u00a0 un terroriste palestinien raconte \u00a0Mich\u00e8le Mazel &nbsp; Ne l\u2019oublions pas, les Palestiniens ont aussi leurs h\u00e9ros, m\u00eame si ces derniers n\u2019ont pas toujours l\u2019occasion de faire entendre leur voix. S\u2019agissant d\u2019attentats suicide, l\u2019h\u00e9ro\u00efque combattant de la libert\u00e9 disparait avec ses victimes \u2013 civiles le plus souvent, choisies au hasard dans un endroit &hellip;<\/p>\n<p class=\"read-more\"> <a class=\"\" href=\"https:\/\/israelmagazine.net\/?p=59257\"> <span class=\"screen-reader-text\">Autobus en flammes\u00a0:\u00a0 un terroriste palestinien raconte, \u00a0Mich\u00e8le Mazel<\/span> Lire la suite \u00bb<\/a><\/p>\n","protected":false},"author":4,"featured_media":59258,"comment_status":"open","ping_status":"open","sticky":false,"template":"","format":"standard","meta":{"site-sidebar-layout":"default","site-content-layout":"default","ast-global-header-display":"","ast-main-header-display":"","ast-hfb-above-header-display":"","ast-hfb-below-header-display":"","ast-hfb-mobile-header-display":"","site-post-title":"","ast-breadcrumbs-content":"","ast-featured-img":"","footer-sml-layout":"","theme-transparent-header-meta":"","adv-header-id-meta":"","stick-header-meta":"","header-above-stick-meta":"","header-main-stick-meta":"","header-below-stick-meta":""},"categories":[41],"tags":[],"sujet":[],"_links":{"self":[{"href":"https:\/\/israelmagazine.net\/index.php?rest_route=\/wp\/v2\/posts\/59257"}],"collection":[{"href":"https:\/\/israelmagazine.net\/index.php?rest_route=\/wp\/v2\/posts"}],"about":[{"href":"https:\/\/israelmagazine.net\/index.php?rest_route=\/wp\/v2\/types\/post"}],"author":[{"embeddable":true,"href":"https:\/\/israelmagazine.net\/index.php?rest_route=\/wp\/v2\/users\/4"}],"replies":[{"embeddable":true,"href":"https:\/\/israelmagazine.net\/index.php?rest_route=%2Fwp%2Fv2%2Fcomments&post=59257"}],"version-history":[{"count":0,"href":"https:\/\/israelmagazine.net\/index.php?rest_route=\/wp\/v2\/posts\/59257\/revisions"}],"wp:featuredmedia":[{"embeddable":true,"href":"https:\/\/israelmagazine.net\/index.php?rest_route=\/"}],"wp:attachment":[{"href":"https:\/\/israelmagazine.net\/index.php?rest_route=%2Fwp%2Fv2%2Fmedia&parent=59257"}],"wp:term":[{"taxonomy":"category","embeddable":true,"href":"https:\/\/israelmagazine.net\/index.php?rest_route=%2Fwp%2Fv2%2Fcategories&post=59257"},{"taxonomy":"post_tag","embeddable":true,"href":"https:\/\/israelmagazine.net\/index.php?rest_route=%2Fwp%2Fv2%2Ftags&post=59257"},{"taxonomy":"sujet","embeddable":true,"href":"https:\/\/israelmagazine.net\/index.php?rest_route=%2Fwp%2Fv2%2Fsujet&post=59257"}],"curies":[{"name":"wp","href":"https:\/\/api.w.org\/{rel}","templated":true}]}}