{"id":59283,"date":"2023-01-09T17:20:33","date_gmt":"2023-01-09T15:20:33","guid":{"rendered":"https:\/\/israelmagazine.net\/?p=59283"},"modified":"2023-01-09T17:20:33","modified_gmt":"2023-01-09T15:20:33","slug":"yariv-levin-rendre-le-pouvoir-au-peuple-disrael","status":"publish","type":"post","link":"https:\/\/israelmagazine.net\/?p=59283","title":{"rendered":"Yariv Levin: \u00ab\u00a0rendre le pouvoir au peuple d\u2019Isra\u00ebl\u00a0\u00bb"},"content":{"rendered":"<h4><img class=\\\"alignnone size-medium wp-image-59288\\\" src=\\\"https:\/\/israelmagazine.co.il\/wp-content\/uploads\/2023\/01\/10465878641-300x300.jpg\\\" alt=\\\"\\\" width=\\\"300\\\" height=\\\"300\\\" \/><\/h4>\n<h4><strong>Il y a 11 ans d\u00e9j\u00e0, le jeune loup d\\&rsquo;alors, Yariv Levin s\\&rsquo;\u00e9tait confi\u00e9 \u00e0 Isra\u00ebl Magazine et avait trac\u00e9 les grandes lignes de sa r\u00e9volution juridique actuelle (2023)<\/strong><\/h4>\n<h1><strong><em>Rencontres isra\u00e9liennes<\/em><\/strong><\/h1>\n<h1><strong>Yariv Levin: \u00ab\u00a0rendre le pouvoir au peuple d\u2019Isra\u00ebl\u00a0\u00bb<\/strong><\/h1>\n<h2><strong>Pierre Itshak Lur\u00e7at<\/strong><\/h2>\n<p>&nbsp;<\/p>\n<p><strong>Par une froide journ\u00e9e de janvier, je me suis rendu \u00e0 la Knesset pour rencontrer Yariv Levin, repr\u00e9sentant de la \u00ab\u00a0jeune garde\u00a0\u00bb du Likoud qui a fait parler de lui r\u00e9cemment en proposant plusieurs textes de lois sur des questions sensibles, comme l\u2019\u00e9lection des juges \u00e0 la Cour supr\u00eame ou la lutte contre le boycott d\u2019Isra\u00ebl. Malgr\u00e9 son image de d\u00e9put\u00e9 tr\u00e8s combattif et activiste, c\u2019est un homme affable, au discours pos\u00e9 et r\u00e9fl\u00e9chi. Il se pr\u00e9sente comme le \u00ab\u00a0l\u00e9gislateur le plus actif\u00a0\u00bb au sein du Likoud \u2013 ayant initi\u00e9 ou particip\u00e9 \u00e0 la r\u00e9daction de nombreuses propositions de lois sur des sujets aussi importants que la protection du patrimoine foncier, les conditions de d\u00e9tention trop faciles faites aux terroristes ou la suppression des droits sociaux de l\u2019ex-d\u00e9put\u00e9 f\u00e9lon Azmi Bishara. Rencontre avec un homme politique qui veut donner, enfin, le pouvoir r\u00e9el \u2013 et pas seulement la majorit\u00e9 \u00e0 la Knesset \u2013 \u00e0 la droite isra\u00e9lienne.<\/strong><\/p>\n<h2>Tout droit d\u00e9barqu\u00e9 des r\u00e9cits de l\\&rsquo;Altalena<\/h2>\n<p>Yariv Levin me re\u00e7oit dans son bureau de pr\u00e9sident de la \u00ab\u00a0Commission de la Knesset\u00a0\u00bb. C\u2019est un d\u00e9put\u00e9 relativement jeune (il a 43 ans) issu d\u2019une famille politiquement engag\u00e9e\u00a0: les parents de sa m\u00e8re faisaient partie de l\u2019Irgoun, et l\u2019oncle de celle-ci, Eliahou Lenkin, \u00e9tait le commandant de l\u2019Altalena, le fameux bateau affr\u00e9t\u00e9 par l\u2019Irgoun qui fut bombard\u00e9, avec sa pr\u00e9cieuse cargaison d\u2019armes destin\u00e9es aux combattants de la guerre d\u2019Ind\u00e9pendance et des dizaines de Juifs \u00e0 bord \u2013 dont plusieurs survivants de la Shoah \u2013 sur l\u2019ordre du commandant du Palma\u2019h, un certain Itshak Rabin\u2026 Le \u00ab\u00a0Sandak\u00a0\u00bb lors de la circoncision de Yariv Levin n\u2019\u00e9tait autre que Menahem Begin, \u00e0 l\u2019\u00e9poque chef de l\u2019opposition et futur Premier ministre.<\/p>\n<p>&nbsp;<\/p>\n<p><strong>La suite de l\u2019article se trouve dans le prochain num\u00e9ro d\u2019Isra\u00ebl Magazine<\/strong><\/p>\n<p><strong>D\u00e9couvrez un exemplaire du magazine gratuitement et cliquez ensuite sur le rebord droit<\/strong><\/p>\n<p><a href=\\\"https:\/\/online.fliphtml5.com\/rjspi\/ypmm\/#p=1\\\"><strong>https:\/\/online.fliphtml5.com\/rjspi\/ypmm\/#p=1<\/strong><\/a><\/p>\n<p><strong>Votre magazine est livr\u00e9 chez vous en toute confidentialit\u00e9<br \/>\nS\u2019abonner au magazine par t\u00e9l\u00e9phone ou par whats app 00972 (0) 54 254 45 20 ou au 01 86 98 27 27<\/strong><\/p>\n<p><strong>Par email\u00a0\u00a0<\/strong><a href=\\\"mailto:Andredarmon21@gmail.com\\\"><strong>Andredarmon21@gmail.com<\/strong><\/a><strong>\u00a0 pay pal<\/strong><\/p>\n<p><strong>Ou directement sur le site<\/strong><\/p>\n<p><a href=\\\"https:\/\/israelmagazine.co.il\/sabonner-au-magazine\/\\\"><strong>https:\/\/israelmagazine.co.il\/sabonner-au-magazine\/<\/strong><\/a><\/p>\n<p><strong>Loi du Retour ou qui est Juif ?Ou encore S\u2019abonner au magazine livr\u00e9 chez vous en toute confidentialit\u00e9. Remplir le formulaire<\/strong><\/p>\n<p><a href=\\\"https:\/\/docs.google.com\/forms\/d\/e\/1FAIpQLSfPYJfb8KjEya-X17w0DGPAuBlCGvqVUdh_Is8EL810Lxw82A\/viewform?entry.1189475001=Recipient_Email\\\"><strong>https:\/\/docs.google.com\/forms\/d\/e\/1FAIpQLSfPYJfb8KjEya-X17w0DGPAuBlCGvqVUdh_Is8EL810Lxw82A\/viewform?entry.1189475001=Recipient_Email<\/strong><\/a><\/p>\n","protected":false},"excerpt":{"rendered":"<p>Il y a 11 ans d\u00e9j\u00e0, le jeune loup d\\&rsquo;alors, Yariv Levin s\\&rsquo;\u00e9tait confi\u00e9 \u00e0 Isra\u00ebl Magazine et avait trac\u00e9 les grandes lignes de sa r\u00e9volution juridique actuelle (2023) Rencontres isra\u00e9liennes Yariv Levin: \u00ab\u00a0rendre le pouvoir au peuple d\u2019Isra\u00ebl\u00a0\u00bb Pierre Itshak Lur\u00e7at &nbsp; Par une froide journ\u00e9e de janvier, je me suis rendu \u00e0 la &hellip;<\/p>\n<p class=\"read-more\"> <a class=\"\" href=\"https:\/\/israelmagazine.net\/?p=59283\"> <span class=\"screen-reader-text\">Yariv Levin: \u00ab\u00a0rendre le pouvoir au peuple d\u2019Isra\u00ebl\u00a0\u00bb<\/span> Lire la suite \u00bb<\/a><\/p>\n","protected":false},"author":4,"featured_media":59285,"comment_status":"open","ping_status":"open","sticky":false,"template":"","format":"standard","meta":{"site-sidebar-layout":"default","site-content-layout":"default","ast-global-header-display":"","ast-main-header-display":"","ast-hfb-above-header-display":"","ast-hfb-below-header-display":"","ast-hfb-mobile-header-display":"","site-post-title":"","ast-breadcrumbs-content":"","ast-featured-img":"","footer-sml-layout":"","theme-transparent-header-meta":"","adv-header-id-meta":"","stick-header-meta":"","header-above-stick-meta":"","header-main-stick-meta":"","header-below-stick-meta":""},"categories":[84,1621,814,1191],"tags":[1739,1474,2013,1628,937,383,1105,1989,1839,1761],"sujet":[],"_links":{"self":[{"href":"https:\/\/israelmagazine.net\/index.php?rest_route=\/wp\/v2\/posts\/59283"}],"collection":[{"href":"https:\/\/israelmagazine.net\/index.php?rest_route=\/wp\/v2\/posts"}],"about":[{"href":"https:\/\/israelmagazine.net\/index.php?rest_route=\/wp\/v2\/types\/post"}],"author":[{"embeddable":true,"href":"https:\/\/israelmagazine.net\/index.php?rest_route=\/wp\/v2\/users\/4"}],"replies":[{"embeddable":true,"href":"https:\/\/israelmagazine.net\/index.php?rest_route=%2Fwp%2Fv2%2Fcomments&post=59283"}],"version-history":[{"count":0,"href":"https:\/\/israelmagazine.net\/index.php?rest_route=\/wp\/v2\/posts\/59283\/revisions"}],"wp:featuredmedia":[{"embeddable":true,"href":"https:\/\/israelmagazine.net\/index.php?rest_route=\/"}],"wp:attachment":[{"href":"https:\/\/israelmagazine.net\/index.php?rest_route=%2Fwp%2Fv2%2Fmedia&parent=59283"}],"wp:term":[{"taxonomy":"category","embeddable":true,"href":"https:\/\/israelmagazine.net\/index.php?rest_route=%2Fwp%2Fv2%2Fcategories&post=59283"},{"taxonomy":"post_tag","embeddable":true,"href":"https:\/\/israelmagazine.net\/index.php?rest_route=%2Fwp%2Fv2%2Ftags&post=59283"},{"taxonomy":"sujet","embeddable":true,"href":"https:\/\/israelmagazine.net\/index.php?rest_route=%2Fwp%2Fv2%2Fsujet&post=59283"}],"curies":[{"name":"wp","href":"https:\/\/api.w.org\/{rel}","templated":true}]}}