{"id":59298,"date":"2023-01-10T14:42:38","date_gmt":"2023-01-10T12:42:38","guid":{"rendered":"https:\/\/israelmagazine.net\/?p=59298"},"modified":"2023-01-10T14:42:38","modified_gmt":"2023-01-10T12:42:38","slug":"je-demande-pardon-dieudonne","status":"publish","type":"post","link":"https:\/\/israelmagazine.net\/?p=59298","title":{"rendered":"Je demande pardon. Dieudonn\u00e9"},"content":{"rendered":"<img class=\\\"size-medium wp-image-59299\\\" src=\\\"https:\/\/israelmagazine.co.il\/wp-content\/uploads\/2023\/01\/title-1433231267-300x150.jpg\\\" alt=\\\"Dieudonn\u00e9 \\\" width=\\\"300\\\" height=\\\"150\\\" \/>\n<p>A sa demande et \u00e0 celle de Francis Lalanne, un ami d\u2019Isra\u00ebl,\u00a0 il \u00e9tait envisag\u00e9 une rencontre avec Dieudonne \u00e0 Paris ce jour. Apres r\u00e9flexion, j\u2019ai pr\u00e9f\u00e9r\u00e9 que l\u2019humoriste \u00e9crive ce qu\u2019il avait \u00e0 dire \u00e0 ceux qu\u2019il avait tant maltrait\u00e9s, les Juifs, et auxquels il voulait demander pardon. Je vous laisse simplement juges, vous, lecteurs.<\/p>\n<p>Lettre ouverte de Monsieur Dieudonn\u00e9 MBALA MBALA \u00e0 Andr\u00e9 Darmon et \u00e0 Isra\u00ebl Magazine<\/p>\n<h3><strong>Je demande pardon.<\/strong><\/h3>\n<p>Cela fait plusieurs d\u00e9cennies que je ne m\\&rsquo;\u00e9tais exprim\u00e9 dans un m\u00e9dia officiel, et je ne pensais plus le refaire un jour, mais c\\&rsquo;est ainsi, le temps passe et il est n\\&rsquo;\u00e9pargne aucune de mes certitudes. Cela fait 35ans que j\\&rsquo;exerce la profession d\\&rsquo;humoriste.<\/p>\n<p>Bien plus qu\\&rsquo;un m\u00e9tier, cette fonction fut pour moi une v\u00e9ritable passion, un sacerdoce pour lesquels j\\&rsquo;ai consacr\u00e9 l\\&rsquo;essentiel de mon existence et de mon \u00e9nergie, au d\u00e9triment souvent de mon entourage le plus proche, et notamment de mes sept enfants, que je n\\&rsquo;ai quasiment pas vus grandir.<\/p>\n<p>Je saisis l\\&rsquo;occasion qui m\\&rsquo;est donn\u00e9e ici pour leur demander pardon et de leur redire \u00e0 quel point je les aime. Je tiens \u00e9galement \u00e0 demander pardon \u00e0 toutes celles et ceux que j\\&rsquo;ai pu heurter, choquer, blesser au travers de certaines de mes gesticulations artistiques. Je pense notamment \u00e0 mes compatriotes de la communaut\u00e9 juive, avec lesquels je reconnais humblement m\\&rsquo;\u00eatre laiss\u00e9 aller au jeu de la surench\u00e8re.<\/p>\n<h3>C\\&rsquo;est vrai, j\\&rsquo;ai parfois \u00e9t\u00e9 trop loin et fais preuves d\\&rsquo;outrances, de provocations d\u00e9plac\u00e9es.<\/h3>\n<p>Pour toutes ces fautes et exc\u00e8s, je demande pardon. Mon ambition \u00e9tait de faire rire tout le monde, et la communaut\u00e9 juive fait partie de mon monde<\/p>\n<p>Je n\\&rsquo;ai pas r\u00e9ussi \u00e0 la faire rire, et je le regrette. Bref, mon \u00e2ge, ma sant\u00e9 m\\&rsquo;invitent aujourd\\&rsquo;hui \u00e0 pr\u00e9parer ma retraite au Cameroun, sur la terre de mes anc\u00eatres. Aussi, j\\&rsquo;aspire \u00e0 quitter la sc\u00e8ne en paix : en paix avec moi-m\u00eame, en paix avec les autres, dans un respect r\u00e9ciproque et sinc\u00e8re. Je veux apporter ma pierre \u00e0 l\\&rsquo;\u00e9difice de la r\u00e9conciliation dans un contexte de tensions g\u00e9n\u00e9rales exacerb\u00e9es.<\/p>\n<p>Plus que jamais, je suis persuad\u00e9 que le rire et la d\u00e9rision auront un r\u00f4le \u00e0 jouer dans la restauration du lien de la fraternit\u00e9 qui s\\&rsquo;est rompu. Je suis un \u00eatre imparfait mais sinc\u00e8re qui cherche \u00e0 r\u00e9parer ses erreurs et ses fautes.<\/p>\n<p>Merci du fond du c\u0153ur d\\&rsquo;avoir bien voulu me lire et d\\&rsquo;avoir accept\u00e9 de me publier. Entendons nous bien,\u00a0 je ne me cherche aucune excuse, aucune circonstance att\u00e9nuante car nul n\\&rsquo;en a lorsqu\\&rsquo;il peut constater qu\\&rsquo;il a nui \u00e0 son prochain , je demande tout simplement pardon pour le mal que j\\&rsquo;ai pu faire m\u00eame sans le vouloir.<\/p>\n<p>Dieudonn\u00e9 MBALA MBALA<\/p>\n<p>&nbsp;<\/p>\n","protected":false},"excerpt":{"rendered":"<p>A sa demande et \u00e0 celle de Francis Lalanne, un ami d\u2019Isra\u00ebl,\u00a0 il \u00e9tait envisag\u00e9 une rencontre avec Dieudonne \u00e0 Paris ce jour. Apres r\u00e9flexion, j\u2019ai pr\u00e9f\u00e9r\u00e9 que l\u2019humoriste \u00e9crive ce qu\u2019il avait \u00e0 dire \u00e0 ceux qu\u2019il avait tant maltrait\u00e9s, les Juifs, et auxquels il voulait demander pardon. Je vous laisse simplement juges, vous, &hellip;<\/p>\n<p class=\"read-more\"> <a class=\"\" href=\"https:\/\/israelmagazine.net\/?p=59298\"> <span class=\"screen-reader-text\">Je demande pardon. Dieudonn\u00e9<\/span> Lire la suite \u00bb<\/a><\/p>\n","protected":false},"author":4,"featured_media":59299,"comment_status":"open","ping_status":"open","sticky":false,"template":"","format":"standard","meta":{"site-sidebar-layout":"default","site-content-layout":"default","ast-global-header-display":"","ast-main-header-display":"","ast-hfb-above-header-display":"","ast-hfb-below-header-display":"","ast-hfb-mobile-header-display":"","site-post-title":"","ast-breadcrumbs-content":"","ast-featured-img":"","footer-sml-layout":"","theme-transparent-header-meta":"","adv-header-id-meta":"","stick-header-meta":"","header-above-stick-meta":"","header-main-stick-meta":"","header-below-stick-meta":""},"categories":[84,1621,1821,814,1767,1613,811,1615],"tags":[1063,825,1739,3182,815,937,383],"sujet":[],"_links":{"self":[{"href":"https:\/\/israelmagazine.net\/index.php?rest_route=\/wp\/v2\/posts\/59298"}],"collection":[{"href":"https:\/\/israelmagazine.net\/index.php?rest_route=\/wp\/v2\/posts"}],"about":[{"href":"https:\/\/israelmagazine.net\/index.php?rest_route=\/wp\/v2\/types\/post"}],"author":[{"embeddable":true,"href":"https:\/\/israelmagazine.net\/index.php?rest_route=\/wp\/v2\/users\/4"}],"replies":[{"embeddable":true,"href":"https:\/\/israelmagazine.net\/index.php?rest_route=%2Fwp%2Fv2%2Fcomments&post=59298"}],"version-history":[{"count":0,"href":"https:\/\/israelmagazine.net\/index.php?rest_route=\/wp\/v2\/posts\/59298\/revisions"}],"wp:featuredmedia":[{"embeddable":true,"href":"https:\/\/israelmagazine.net\/index.php?rest_route=\/"}],"wp:attachment":[{"href":"https:\/\/israelmagazine.net\/index.php?rest_route=%2Fwp%2Fv2%2Fmedia&parent=59298"}],"wp:term":[{"taxonomy":"category","embeddable":true,"href":"https:\/\/israelmagazine.net\/index.php?rest_route=%2Fwp%2Fv2%2Fcategories&post=59298"},{"taxonomy":"post_tag","embeddable":true,"href":"https:\/\/israelmagazine.net\/index.php?rest_route=%2Fwp%2Fv2%2Ftags&post=59298"},{"taxonomy":"sujet","embeddable":true,"href":"https:\/\/israelmagazine.net\/index.php?rest_route=%2Fwp%2Fv2%2Fsujet&post=59298"}],"curies":[{"name":"wp","href":"https:\/\/api.w.org\/{rel}","templated":true}]}}