{"id":59302,"date":"2023-01-11T07:16:14","date_gmt":"2023-01-11T05:16:14","guid":{"rendered":"https:\/\/israelmagazine.net\/?p=59302"},"modified":"2023-01-11T07:16:14","modified_gmt":"2023-01-11T05:16:14","slug":"dieudonne-demande-pardon-a-la-communaute-juive-dans-un-journal-franco-israelien","status":"publish","type":"post","link":"https:\/\/israelmagazine.net\/?p=59302","title":{"rendered":"Dieudonn\u00e9 demande pardon \u00e0 \u00abla communaut\u00e9 juive\u00bb dans un journal franco-isra\u00e9lien"},"content":{"rendered":"<p><a href=\"https:\/\/twitter.com\/i\/status\/1612901404804259849\">https:\/\/twitter.com\/i\/status\/1612901404804259849<\/a><\/p>\n<h1>Dieudonn\u00e9 demande pardon \u00e0 \u00abla communaut\u00e9 juive\u00bb dans un journal franco-isra\u00e9lien<\/h1>\n<h3>Le Parisien, matin du mardi 10 janvier<br \/>\nPar Geoffroy Tomasovitch<\/h3>\n<p>&nbsp;<\/p>\n<p>Dans Isra\u00ebl Magazine, l\u2019humoriste controvers\u00e9 et multicondamn\u00e9 demande pardon aux personnes qu\u2019il a bless\u00e9es, notamment ses \u00ab compatriotes de la communaut\u00e9 juive\u00bb. Selon le patron de ce journal, l\u2019avenir dira si Dieudonn\u00e9 \u00e9tait sinc\u00e8re.<\/p>\n<img class=\\\"size-medium wp-image-59304\\\" src=\\\"https:\/\/israelmagazine.co.il\/wp-content\/uploads\/2023\/01\/TJ2HNC6OGFFSTIKVTH3TZJYK3I1-300x187.jpg\\\" alt=\\\"\\\" width=\\\"300\\\" height=\\\"187\\\" \/>\n<p>C\u2019est une d\u00e9marche pour le moins inattendue. Et les fid\u00e8les lecteurs du journal franco-isra\u00e9lien Isra\u00ebl Magazine ont d\u00fb \u00eatre les premiers surpris en d\u00e9couvrant la photo de Dieudonn\u00e9, ce mardi 10 janvier, en d\u00e9but d\u2019apr\u00e8s-midi \u00e0 la home du site Internet de ce mensuel class\u00e9 \u00e0 droite cr\u00e9\u00e9 en 1999. Un clich\u00e9 accompagn\u00e9 d\u2019un titre : \u00ab Je demande pardon. Dieudonn\u00e9. \u00bb<\/p>\n<h2>Erreur ? Piratage ? Coup de pub ?<\/h2>\n<p>\u00ab Rien de tout cela. J\u2019ai d\u00e9cid\u00e9, apr\u00e8s relecture bien s\u00fbr, de publier ce texte de Dieudonn\u00e9 qu\u2019au d\u00e9part je devais rencontrer ce soir (ce mardi soir) \u00e0 Paris, avec Francis Lalanne \u00bb, nous confie Andr\u00e9 Darmon, directeur de la r\u00e9daction d\u2019Isra\u00ebl Magazine.<\/p>\n<p>Cet ex-pr\u00e9sident de la communaut\u00e9 francophone d\u2019Isra\u00ebl a donc pr\u00e9f\u00e9r\u00e9 diffuser un message \u00e9crit par l\u2019humoriste controvers\u00e9 condamn\u00e9 d\u2019innombrables fois ces derni\u00e8res ann\u00e9es par la justice, notamment pour injures raciales ou incitation \u00e0 la haine, suite \u00e0 des propos, des passages de sketchs ou des vid\u00e9os, comme la chanson \u00ab Shoa nanas \u00bb, jug\u00e9s antis\u00e9mites.<\/p>\n<h2>Je vous laisse juges, vous, lecteurs<\/h2>\n<p>Andr\u00e9 Darmon s\u2019en explique d\u2019ailleurs \u00e0 l\u2019attention des lecteurs : \u00ab Apr\u00e8s r\u00e9flexion, j\u2019ai pr\u00e9f\u00e9r\u00e9 que l\u2019humoriste \u00e9crive ce qu\u2019il avait \u00e0 dire \u00e0 ceux qu\u2019il avait tant maltrait\u00e9s, les Juifs, et auxquels il voulait demander pardon. Je vous laisse simplement juges, vous, lecteurs. \u00bb Quant \u00e0 Dieudonn\u00e9, contact\u00e9 ce mardi, il nous a d\u00e9clar\u00e9 : \u00ab Je vous confirme que cette tribune dans Isra\u00ebl Magazine vient bien de moi, c\u2019est r\u00e9el, ce n\u2019est pas un fake new. \u00bb<\/p>\n<h2>\u00ab Je reconnais humblement m\u2019\u00eatre laiss\u00e9 aller au jeu de la surench\u00e8re \u00bb<\/h2>\n<p>Intitul\u00e9 \u00ab Lettre ouverte de Monsieur Dieudonn\u00e9 MBALA MBALA \u00e0 Andr\u00e9 Darmon et \u00e0 Isra\u00ebl Magazine \u00bb et titr\u00e9 \u00ab Je demande pardon \u00bb, le texte de Dieudonn\u00e9, transmis au journaliste par Francis Lalanne, est assez court, et peut-\u00eatre plus surprenant, plut\u00f4t sobre.<\/p>\n<p>Rappelant sa passion pour son m\u00e9tier d\u2019humoriste \u2014 \u00ab un sacerdoce \u00bb qu\u2019il exerce depuis 35 ans \u2014 Dieudonn\u00e9, apr\u00e8s une pens\u00e9e pour ses proches \u00e0 qui il regrette de ne pas avoir consacr\u00e9 assez de temps, s\u2019adresse aux personnes qu\u2019il a meurtries dans ce qu\u2019il appelle un peu \u00e9trangement ses \u00ab gesticulations artistiques \u00bb.<\/p>\n<h2>Gesticulations artistiques<\/h2>\n<p>\u00ab Je tiens \u00e9galement \u00e0 demander pardon \u00e0 toutes celles et ceux que j\u2019ai pu heurter, choquer, blesser au travers de certaines de mes gesticulations artistiques. Je pense notamment \u00e0 mes compatriotes de la communaut\u00e9 juive, avec lesquels je reconnais humblement m\u2019\u00eatre laiss\u00e9 aller au jeu de la surench\u00e8re \u00bb, \u00e9crit-il.<\/p>\n<p>Poursuivant sa d\u00e9marche de repentance pr\u00e9sum\u00e9e, le pol\u00e9miste reconna\u00eet \u00eatre parfois all\u00e9 trop loin et avoir fait preuve d\u2019outrances, de provocations d\u00e9plac\u00e9es. \u00ab Pour toutes ces fautes et exc\u00e8s, je demande pardon. Mon ambition \u00e9tait de faire rire tout le monde, et la communaut\u00e9 juive fait partie de mon monde \u00bb, ajoute-t-il sans toutefois citer pr\u00e9cis\u00e9ment quel sketch, vid\u00e9o, propos ou actes il regrette.<\/p>\n<h2>La restauration du lien<\/h2>\n<p>Apr\u00e8s avoir indiqu\u00e9 son souhait de quitter la sc\u00e8ne \u00ab en paix \u00bb avec lui-m\u00eame, et soulign\u00e9 l\u2019importance du r\u00f4le du rire et de la d\u00e9rision dans \u00ab la restauration du lien qui s\u2019est rompu \u00bb, l\u2019humoriste qui avait fait monter sur la sc\u00e8ne du Z\u00e9nith en 2008 le n\u00e9gationniste Robert Faurisson (Il a \u00e9t\u00e9 condamn\u00e9 pour injure raciste suite \u00e0 des propos tenus lors de ce spectacle) s\u2019adresse \u00e0 nouveau \u00e0 celles et ceux qu\u2019il a profond\u00e9ment offens\u00e9s et pr\u00e9vient : \u00ab Entendons-nous bien, je ne cherche aucune excuse, aucune circonstance att\u00e9nuante car nul n\u2019en a lorsqu\u2019il peut constater qu\u2019il a nui \u00e0 son prochain, je demande tout simplement pardon pour le mal que j\u2019ai pu faire m\u00eame sans le vouloir. \u00bb<\/p>\n<h2>\u00ab Le temps nous dira si Dieudonn\u00e9 \u00e9tait sinc\u00e8re \u00bb<\/h2>\n<p>Pourquoi avoir publi\u00e9 ce texte ? \u00ab J\u2019ai \u00e9t\u00e9 sollicit\u00e9 par Francis Lalanne, qui est un ami. La d\u00e9marche qu\u2019il m\u2019a pr\u00e9sent\u00e9e ressemblait \u00e0 une v\u00e9ritable volont\u00e9 de faire contrition. J\u2019ai trouv\u00e9 pr\u00e9matur\u00e9 de rencontrer Dieudonn\u00e9, avec qui j\u2019ai eu maille \u00e0 partir dans le pass\u00e9. J\u2019ai donc opt\u00e9 pour une d\u00e9claration que j\u2019ai soumise \u00e0 nos lecteurs. Je ne suis ni juge, ni commissaire, \u00e0 eux de juger \u00bb, d\u00e9roule Andr\u00e9 Darmon qui rappelle que son journal d\u00e9fend les valeurs de l\u2019\u00c9tat d\u2019Isra\u00ebl, le sionisme et le juda\u00efsme, \u00ab m\u00eame si je ne suis pas religieux \u00bb, pr\u00e9cise le directeur de la r\u00e9daction.<\/p>\n<p>Justement, ne craint-il pas un torrent de r\u00e9actions indign\u00e9es ou de critiques en donnant la parole au pol\u00e9miste et multir\u00e9cidiviste, banni des plateformes en ligne \u00e0 l\u2019\u00e9t\u00e9 2020 ? \u00ab Je ne dois rien \u00e0 personne, ni \u00e0 Dieudonn\u00e9, ni \u00e0 quiconque. Je suis un homme libre \u00bb, insiste Andr\u00e9 Darmon en confiant avoir avant parution \u00ab sond\u00e9 le texte \u00bb de l\u2019humoriste. Son opinion ? \u00ab Cela para\u00eet sinc\u00e8re \u00bb, estime-t-il sans autre certitude. \u00ab Sur un plan spirituel, il faut donner sa chance \u00e0 quelqu\u2019un qui veut se repentir. Mais surtout, le temps nous dira si Dieudonn\u00e9 \u00e9tait sinc\u00e8re. Tout d\u00e9pend d\u00e9sormais de lui \u00bb, souligne le patron d\u2019Isra\u00ebl Magazine l\u00e0 o\u00f9 de nombreux lecteurs verront sans doute une \u00e9ni\u00e8me provocation de l\u2019humoriste.<\/p>\n<h2>Le r\u00f4le de l\\&rsquo;avocat Emmanuel Ludot<\/h2>\n<p>\u00c0 l\u2019origine de ce projet de repentance autoproclam\u00e9, on trouve l\u2019avocat Emmanuel Ludot. \u00ab C\u2019est une \u00e9tape, car il y en aura d\u2019autres, dont le but recherch\u00e9 est un pardon sans concession \u00bb, assure ce mardi Me Emmanuel Ludot, avocat de Dieudonn\u00e9 qui cite entre autres un projet de fonder une association \u00e0 la m\u00e9moire de tous les peuples martyris\u00e9s auquel Dieudonn\u00e9 aimerait associer le partenaire et complice de ses d\u00e9buts sur sc\u00e8ne, \u00c9lie Semoun.<\/p>\n<p>Par ailleurs, sur le front judiciaire, Me Ludot affirme qu\u2019il a pour mission de \u00ab v\u00e9rifier que toutes les condamnations de Dieudonn\u00e9 ont \u00e9t\u00e9 ex\u00e9cut\u00e9es et les peines d\u2019amende pay\u00e9es, et qu\u2019elles le seront si ce n\u2019est pas le cas \u00bb. L\u00e0 encore, l\u2019avenir confirmera l\u2019authenticit\u00e9 ou non de la d\u00e9marche de l\u2019artiste.<\/p>\n<p><a href=\\\"https:\/\/www.leparisien.fr\/faits-divers\/dieudonne-demande-pardon-a-la-communaute-juive-dans-un-journal-franco-israelien-10-01-2023-UJMIIVOED5AFLKYI7AI6CB2JPQ.php\\\">https:\/\/www.leparisien.fr\/faits-divers\/dieudonne-demande-pardon-a-la-communaute-juive-dans-un-journal-franco-israelien-10-01-2023-UJMIIVOED5AFLKYI7AI6CB2JPQ.php<\/a><\/p>\n<p>&nbsp;<\/p>\n<p>&nbsp;<\/p>\n","protected":false},"excerpt":{"rendered":"<p>Dieudonn\u00e9 demande pardon \u00e0 \u00abla communaut\u00e9 juive\u00bb dans un journal franco-isra\u00e9lien Le Parisien, matin du mardi 10 janvier Par Geoffroy Tomasovitch &nbsp; Dans Isra\u00ebl Magazine, l\u2019humoriste controvers\u00e9 et multicondamn\u00e9 demande pardon aux personnes qu\u2019il a bless\u00e9es, notamment ses \u00ab compatriotes de la communaut\u00e9 juive\u00bb. Selon le patron de ce journal, l\u2019avenir dira si Dieudonn\u00e9 \u00e9tait &hellip;<\/p>\n<p class=\"read-more\"> <a class=\"\" href=\"https:\/\/israelmagazine.net\/?p=59302\"> <span class=\"screen-reader-text\">Dieudonn\u00e9 demande pardon \u00e0 \u00abla communaut\u00e9 juive\u00bb dans un journal franco-isra\u00e9lien<\/span> Lire la suite \u00bb<\/a><\/p>\n","protected":false},"author":4,"featured_media":59303,"comment_status":"open","ping_status":"open","sticky":false,"template":"","format":"standard","meta":{"site-sidebar-layout":"default","site-content-layout":"default","ast-global-header-display":"","ast-main-header-display":"","ast-hfb-above-header-display":"","ast-hfb-below-header-display":"","ast-hfb-mobile-header-display":"","site-post-title":"","ast-breadcrumbs-content":"","ast-featured-img":"","footer-sml-layout":"","theme-transparent-header-meta":"","adv-header-id-meta":"","stick-header-meta":"","header-above-stick-meta":"","header-main-stick-meta":"","header-below-stick-meta":""},"categories":[84,1621,1630,814,1671,3146,841,822,1674,1623,1191,811],"tags":[1063,1001,955,815],"sujet":[],"_links":{"self":[{"href":"https:\/\/israelmagazine.net\/index.php?rest_route=\/wp\/v2\/posts\/59302"}],"collection":[{"href":"https:\/\/israelmagazine.net\/index.php?rest_route=\/wp\/v2\/posts"}],"about":[{"href":"https:\/\/israelmagazine.net\/index.php?rest_route=\/wp\/v2\/types\/post"}],"author":[{"embeddable":true,"href":"https:\/\/israelmagazine.net\/index.php?rest_route=\/wp\/v2\/users\/4"}],"replies":[{"embeddable":true,"href":"https:\/\/israelmagazine.net\/index.php?rest_route=%2Fwp%2Fv2%2Fcomments&post=59302"}],"version-history":[{"count":0,"href":"https:\/\/israelmagazine.net\/index.php?rest_route=\/wp\/v2\/posts\/59302\/revisions"}],"wp:featuredmedia":[{"embeddable":true,"href":"https:\/\/israelmagazine.net\/index.php?rest_route=\/"}],"wp:attachment":[{"href":"https:\/\/israelmagazine.net\/index.php?rest_route=%2Fwp%2Fv2%2Fmedia&parent=59302"}],"wp:term":[{"taxonomy":"category","embeddable":true,"href":"https:\/\/israelmagazine.net\/index.php?rest_route=%2Fwp%2Fv2%2Fcategories&post=59302"},{"taxonomy":"post_tag","embeddable":true,"href":"https:\/\/israelmagazine.net\/index.php?rest_route=%2Fwp%2Fv2%2Ftags&post=59302"},{"taxonomy":"sujet","embeddable":true,"href":"https:\/\/israelmagazine.net\/index.php?rest_route=%2Fwp%2Fv2%2Fsujet&post=59302"}],"curies":[{"name":"wp","href":"https:\/\/api.w.org\/{rel}","templated":true}]}}