{"id":59320,"date":"2023-01-12T04:48:58","date_gmt":"2023-01-12T02:48:58","guid":{"rendered":"https:\/\/israelmagazine.net\/?p=59320"},"modified":"2023-01-12T04:48:58","modified_gmt":"2023-01-12T02:48:58","slug":"affaire-dieudonne-la-lettre-et-linterview-andre-darmon-repond","status":"publish","type":"post","link":"https:\/\/israelmagazine.net\/?p=59320","title":{"rendered":"Affaire Dieudonn\u00e9, la lettre et l\\&rsquo;Interview: Andr\u00e9 Darmon r\u00e9pond"},"content":{"rendered":"<h1><span class=\\\"selectable-text copyable-text\\\">Affaire Dieudonn\u00e9, la lettre et l\\&rsquo;Interview <\/span><span class=\\\"selectable-text copyable-text\\\">\u00e0 <\/span><span class=\\\"selectable-text copyable-text\\\">paraitre:<\/span><\/h1>\n<h4><span class=\\\"selectable-text copyable-text\\\"><br \/>\nAndr\u00e9 Darmon r\u00e9pond devant l\\&rsquo;ampleur, le d\u00e9luge des r\u00e9actions \u00e0 la publication de la lettre de repentance de Dieudonn\u00e9.<\/span><\/h4>\n<p><img class=\\\"alignnone size-medium wp-image-59321\\\" src=\\\"https:\/\/israelmagazine.co.il\/wp-content\/uploads\/2023\/01\/IMG-20221115-WA0130-200x300.jpg\\\" alt=\\\"Andr\u00e9 Darmon\\\" width=\\\"200\\\" height=\\\"300\\\" \/><\/p>\n<h4><span class=\\\"selectable-text copyable-text\\\">J\\&rsquo;ai subi de plein fouet, personnellement, il y a quelques ann\u00e9es, la violence antis\u00e9mite de Dieudonn\u00e9. <\/span><\/h4>\n<h4><span class=\\\"selectable-text copyable-text\\\">Je dis bien personnellement et beaucoup de ceux qui jouent les justiciers, pas trop masqu\u00e9s par ailleurs, \u00e9taient et sont pour certains des abonn\u00e9s et des lecteurs du magazine et ils ne peuvent ignorer la teneur de ce que fut mon combat contre l\\&rsquo;humoriste.<\/span><\/h4>\n<h4><span class=\\\"selectable-text copyable-text\\\"> Je ne parlerai m\u00eame pas du sketch ordurier que Dieudonn\u00e9 m\\&rsquo;avait consacr\u00e9 en r\u00e9action \u00e0 mon action journalistique contre lui. <\/span><\/h4>\n<h4><span class=\\\"selectable-text copyable-text\\\">Outre les longs d\u00e9bats avec Dieudonn\u00e9, les interviews \u00e1 l\\&rsquo;\u00e9poque, les \u00e9ditoriaux dans lesquels\u00a0 je le conspuais et le vouais aux g\u00e9monies, je lui avais fermement refus\u00e9 mon aide pour entrer en Isra\u00ebl, au moment m\u00eame, o\u00f9 il s\\&rsquo;affichait complaisamment avec le pr\u00e9sident iranien g\u00e9nocidaire Ahmadinejad. <\/span><\/h4>\n<h4><span class=\\\"selectable-text copyable-text\\\">Je lui ai rappel\u00e9 a l\\&rsquo;\u00e9poque que sa t\u00eate me rappelait furieusement celle de Fofana, le chef du Gang des barbares, une m\u00e9taphore absolument pas raciste, bien \u00e9videmment, mais qui voulait simplement dire que lui, Dieudonn\u00e9, avec ses d\u00e9lires antis\u00e9mites, avait aliment\u00e9 la haine chez les tueurs d\\&rsquo;Ilan Halimi et certainement arm\u00e9 leurs mains et qu\\&rsquo;il portait la plus lourde des responsabilit\u00e9s dans le martyre d\\&rsquo;Ilan ; de la m\u00eame fa\u00e7on que Charles Enderlin portait (dans un autre d\u00e9bat) la responsabilit\u00e9 (et je lui ai dit aussi cela en face) du meurtre de Daniel Pearl. <\/span><\/h4>\n<h4><span class=\\\"selectable-text copyable-text\\\">Quand Francis Lalanne m\\&rsquo;a contact\u00e9 pour me parler de Dieudonn\u00e9 et afin que je le rencontre, il y a quelques jours, j\\&rsquo;avoue que j\\&rsquo;avais compl\u00e8tement perdu de vue le personnage (que j\\&rsquo;ai d\\&rsquo;ailleurs fini par rencontrer hier, 11 janvier, et interview\u00e9). <\/span><\/h4>\n<h4><span class=\\\"selectable-text copyable-text\\\">En effet, la situation en Isra\u00ebl me paraissait <\/span><span class=\\\"selectable-text copyable-text\\\">et ce, depuis plusieurs ann\u00e9es, <\/span><span class=\\\"selectable-text copyable-text\\\">pr\u00e9occupante \u00e0 tout points de vue mais l\\&rsquo;investiture r\u00e9cente d\\&rsquo;un gouvernement poss\u00e9dant une large majorit\u00e9, m\\&rsquo;avait et, rassur\u00e9, et permis de tendre l\\&rsquo;oreille vers l\\&rsquo;ext\u00e9rieur. <\/span><\/h4>\n<h4><span class=\\\"selectable-text copyable-text\\\">J\\&rsquo;ai dit \u00e0 Francis que je l\\&rsquo;avais \u00e9cout\u00e9 attentivement, mais que je ne voulais pas me pr\u00eater \u00e0 ce jeu, car je n\\&rsquo;\u00e9tais ni juge, ni confesseur. Mais j\\&rsquo;ai pris conscience que finalement je le devenais, de fait, en fermant la porte \u00e0 quelqu\\&rsquo;un qui demandait secours.\u00a0 Je rappellerais surtout, comme je l\\&rsquo;ai expliqu\u00e9 devant les cam\u00e9ras de TPMP que la publication de la lettre \u00e9tait, est, une d\u00e9marche bien plus spirituelle que journalistique.<br \/>\n<\/span><span class=\\\"selectable-text copyable-text\\\">Ce n\\&rsquo;est pas l\\&rsquo;avocat, ni personne (c\\&rsquo;est une lapalissade) qui a d\u00e9cid\u00e9 de publier cette lettre sur le site d\\&rsquo;Isra\u00ebl Magazine et peut-\u00eatre dans quelques jours dans le magazine papier, mais moi seul, \u00e9videmment, \u00e9tant le directeur de la publication. Aussi, je n\\&rsquo;ai de le\u00e7ons \u00e0 recevoir de personne et merci \u00e0 ceux d\\&rsquo;entre vous de m\\&rsquo;avoir rappel\u00e9 le pass\u00e9 sulfureux et n\u00e9gationniste de l\\&rsquo;humoriste, car bien \u00e9videmment pendant ces 20 derni\u00e8res ann\u00e9es, j\\&rsquo;avais \u00e9migr\u00e9 sur Mars. <\/span><\/h4>\n<h4><span class=\\\"selectable-text copyable-text\\\">Je ne suis dupe de rien et les ann\u00e9es qui passent, l\\&rsquo;exp\u00e9rience accumul\u00e9e, mais aussi l\\&rsquo;enseignement de nos maitres m\\&rsquo;ont appris, sans tomber dans l\\&rsquo;ang\u00e9lisme, (cet ang\u00e9lisme confinant \u00e0 la b\u00eatise, qui avait autoris\u00e9 le Crif <\/span><span class=\\\"selectable-text copyable-text\\\">\u00e0 <\/span><span class=\\\"selectable-text copyable-text\\\">accueillir \u00e0 Paris, Abou Mazen, le n\u00e9gationniste et financier de la tuerie de Munich) que les conflits qui ne se soldent pas, finissent par tuer ceux qui les entretiennent. <\/span><\/h4>\n<h4><span class=\\\"selectable-text copyable-text\\\">Non, je ne suis pas dupe que Dieudonn\u00e9 se cherche une porte de sortie ou peut-\u00eatre a contrario une porte d\\&rsquo;entr\u00e9e afin de retrouver ce qui fut nagu\u00e8re son public, dont je faisais partie il y a trente ans. <\/span><\/h4>\n<h4><span class=\\\"selectable-text copyable-text\\\">Isra\u00ebl Magazine n\\&rsquo;\u00e9tait certainement pas le magazine qui poss\u00e9dait le plus de diffusion (malgr\u00e9 nos milliers d\\&rsquo;abonn\u00e9s en France, en Isra\u00ebl et dans le Monde) mais symboliquement (magazine juif et isra\u00e9lien et avec lequel il avait eu maille <\/span><span class=\\\"selectable-text copyable-text\\\">\u00e0 <\/span><span class=\\\"selectable-text copyable-text\\\">partir) il repr\u00e9sentait le mieux pour l\\&rsquo;humoriste sa fa\u00e7on \u00e0 lui de vouloir expier et transmettre ce qu\\&rsquo;il appelle un message de paix (J\\&rsquo;ai bien parl\u00e9 d\\&rsquo;expier et pas simplement de se faire pardonner). C\\&rsquo;est ce que je dis, hier, entre autres, \u00e0 Dieudonn\u00e9, que la meilleure fa\u00e7on d\\&rsquo;expier et de mat\u00e9rialiser sa volont\u00e9, \u00e9tait de faire passer dare-dare un message oppos\u00e9, contraire \u00e0 celui d\u00e9mentiel, qu\\&rsquo;il avait toujours v\u00e9hicul\u00e9 et \u00e0 travers le m\u00eame canal qu\\&rsquo;il avait utilis\u00e9 : ses sketches. <\/span><\/h4>\n<h4><span class=\\\"selectable-text copyable-text\\\">Je lui ai rappel\u00e9 que l\\&rsquo;autre forme parall\u00e8le d\\&rsquo;expiation \u00e9tait de se tourner vers les autres et de consacrer cette fondation qu\\&rsquo;il dit vouloir monter, avec Eli Semoun, <\/span><span class=\\\"selectable-text copyable-text\\\">\u00e0 <\/span><span class=\\\"selectable-text copyable-text\\\">ceux qu\\&rsquo;il a fait souffrir, mais aussi <\/span><span class=\\\"selectable-text copyable-text\\\">\u00e0 <\/span><span class=\\\"selectable-text copyable-text\\\">ses fr\u00e8res noirs, auxquels il n\\&rsquo;a finalement pas fait de bien. <\/span><\/h4>\n<h4><span class=\\\"selectable-text copyable-text\\\">J\\&rsquo;ai insist\u00e9 et lui dit qu\\&rsquo;il lui fallait tr\u00e8s vite porter la bonne parole dans les \u00e9coles fran\u00e7aises, des \u00e9coles qui ont \u00e9t\u00e9 infest\u00e9es par son discours. J\\&rsquo;ai appris de mes 35 ans en Isra\u00ebl qu\\&rsquo;on ne peut faire la paix qu\\&rsquo;avec ses ennemis. J\\&rsquo;ai aussi appris de ma jeunesse parisienne un proverbe : il faut suivre le menteur jusqu\\&rsquo;\u00e0 la porte.<br \/>\n<\/span><span class=\\\"selectable-text copyable-text\\\">Aussi, nous saurons tr\u00e8s vite ce que Dieudonn\u00e9 a dans la t\u00eate, mais aussi dans le ventre.<\/span><\/h4>\n<h4><span class=\\\"selectable-text copyable-text\\\">Un dernier mot. Depuis 17 ans, dans les moments cruciaux de ma vie, qu\\&rsquo;ils soient personnels, professionnels, j\\&rsquo;ai l\\&rsquo;habitude de ne consulter qu\\&rsquo;une seule personne, mon fils Rapha\u00ebl, qui fut soldat de Tsahal et qui nous a quitt\u00e9s tragiquement. De <\/span><span class=\\\"selectable-text copyable-text\\\">l\u00e0\u00a0<\/span><span class=\\\"selectable-text copyable-text\\\">o\u00f9 il est, je lui demande, lui r\u00e9clame mon chemin, et il reste pour moi l\\&rsquo;expression de la sagesse universelle et surtout celle d\\&rsquo;une sagesse spontan\u00e9e, celle qui me guide.\u00a0<\/span><\/h4>\n<p>andredarmon78@gmail.com<\/p>\n","protected":false},"excerpt":{"rendered":"<p>Affaire Dieudonn\u00e9, la lettre et l\\&rsquo;Interview \u00e0 paraitre: Andr\u00e9 Darmon r\u00e9pond devant l\\&rsquo;ampleur, le d\u00e9luge des r\u00e9actions \u00e0 la publication de la lettre de repentance de Dieudonn\u00e9. J\\&rsquo;ai subi de plein fouet, personnellement, il y a quelques ann\u00e9es, la violence antis\u00e9mite de Dieudonn\u00e9. Je dis bien personnellement et beaucoup de ceux qui jouent les justiciers, &hellip;<\/p>\n<p class=\"read-more\"> <a class=\"\" href=\"https:\/\/israelmagazine.net\/?p=59320\"> <span class=\"screen-reader-text\">Affaire Dieudonn\u00e9, la lettre et l\\&rsquo;Interview: Andr\u00e9 Darmon r\u00e9pond<\/span> Lire la suite \u00bb<\/a><\/p>\n","protected":false},"author":4,"featured_media":59321,"comment_status":"open","ping_status":"open","sticky":false,"template":"","format":"standard","meta":{"site-sidebar-layout":"default","site-content-layout":"default","ast-global-header-display":"","ast-main-header-display":"","ast-hfb-above-header-display":"","ast-hfb-below-header-display":"","ast-hfb-mobile-header-display":"","site-post-title":"","ast-breadcrumbs-content":"","ast-featured-img":"","footer-sml-layout":"","theme-transparent-header-meta":"","adv-header-id-meta":"","stick-header-meta":"","header-above-stick-meta":"","header-main-stick-meta":"","header-below-stick-meta":""},"categories":[84,1621,1612,1767,1613,2283,1673,2932,1623],"tags":[],"sujet":[],"_links":{"self":[{"href":"https:\/\/israelmagazine.net\/index.php?rest_route=\/wp\/v2\/posts\/59320"}],"collection":[{"href":"https:\/\/israelmagazine.net\/index.php?rest_route=\/wp\/v2\/posts"}],"about":[{"href":"https:\/\/israelmagazine.net\/index.php?rest_route=\/wp\/v2\/types\/post"}],"author":[{"embeddable":true,"href":"https:\/\/israelmagazine.net\/index.php?rest_route=\/wp\/v2\/users\/4"}],"replies":[{"embeddable":true,"href":"https:\/\/israelmagazine.net\/index.php?rest_route=%2Fwp%2Fv2%2Fcomments&post=59320"}],"version-history":[{"count":0,"href":"https:\/\/israelmagazine.net\/index.php?rest_route=\/wp\/v2\/posts\/59320\/revisions"}],"wp:featuredmedia":[{"embeddable":true,"href":"https:\/\/israelmagazine.net\/index.php?rest_route=\/"}],"wp:attachment":[{"href":"https:\/\/israelmagazine.net\/index.php?rest_route=%2Fwp%2Fv2%2Fmedia&parent=59320"}],"wp:term":[{"taxonomy":"category","embeddable":true,"href":"https:\/\/israelmagazine.net\/index.php?rest_route=%2Fwp%2Fv2%2Fcategories&post=59320"},{"taxonomy":"post_tag","embeddable":true,"href":"https:\/\/israelmagazine.net\/index.php?rest_route=%2Fwp%2Fv2%2Ftags&post=59320"},{"taxonomy":"sujet","embeddable":true,"href":"https:\/\/israelmagazine.net\/index.php?rest_route=%2Fwp%2Fv2%2Fsujet&post=59320"}],"curies":[{"name":"wp","href":"https:\/\/api.w.org\/{rel}","templated":true}]}}