{"id":59323,"date":"2023-01-12T07:54:31","date_gmt":"2023-01-12T05:54:31","guid":{"rendered":"https:\/\/israelmagazine.net\/?p=59323"},"modified":"2023-01-12T07:54:31","modified_gmt":"2023-01-12T05:54:31","slug":"le-ministre-de-lalya-cherche-a-promouvoir-lalya-de-communautes-entieres","status":"publish","type":"post","link":"https:\/\/israelmagazine.net\/?p=59323","title":{"rendered":"Le ministre de l\\&rsquo;Alya cherche \u00e0 promouvoir l\\&rsquo;Alya de communaut\u00e9s enti\u00e8res"},"content":{"rendered":"<p dir=\\\"ltr\\\"><strong><span style=\\\"font-size: xx-large;\\\">Le ministre de l\\&rsquo;Alya cherche \u00e0 promouvoir l\\&rsquo;Alya de communaut\u00e9s enti\u00e8res<\/span><\/strong><\/p>\n<p dir=\\\"ltr\\\">Ofir Sofer, ministre de l\u2019Alya, a rencontr\u00e9 une d\u00e9l\u00e9gation de rabbins orthodoxes d\\&rsquo;Am\u00e9rique du Nord au centre Nefesh B\\&rsquo;Nefesh \u00e0 J\u00e9rusalem.<\/p>\n<p dir=\\\"ltr\\\">Le ministre de l\\&rsquo;Alya et de l\\&rsquo;Int\u00e9gration, Ofir Sofer, a rencontr\u00e9 des rabbins orthodoxes d\\&rsquo;Am\u00e9rique du Nord et leur a demand\u00e9 de l\\&rsquo;aider \u00e0 promouvoir l\\&rsquo;Alya de communaut\u00e9s enti\u00e8res. Les rabbins ont f\u00e9licit\u00e9 Sofer pour son entr\u00e9e en fonction et lui ont dit qu\\&rsquo;ils l\\&rsquo;aideraient \u00e0 relever les d\u00e9fis auxquels il est confront\u00e9 dans le monde de l\\&rsquo;Alya. Les rabbins ont d\u00e9clar\u00e9 que \\\u00a0\u00bble renforcement des communaut\u00e9s d\u2019olim en Isra\u00ebl encouragera les Juifs [am\u00e9ricains] \u00e0 faire leur Aliyah\\\u00a0\u00bb.<\/p>\n<h2 dir=\\\"ltr\\\"><span style=\\\"font-size: large;\\\">Contrer l\\&rsquo;assimilation<\/span><\/h2>\n<p>Les rabbins ont ajout\u00e9 que \\\u00a0\u00bbl\\&rsquo;Aliyah en Isra\u00ebl peut \u00eatre un contre-effet \u00e0 l\\&rsquo;assimilation\\\u00a0\u00bb des Juifs am\u00e9ricains. Sofer a d\u00e9clar\u00e9 aux rabbins qu\\&rsquo;il \u00e9tait \\\u00a0\u00bbheureux de les rencontrer\\\u00a0\u00bb et a ajout\u00e9 qu\\&rsquo;il \u00e9tait encourag\u00e9 \\\u00a0\u00bbd\\&rsquo;entendre parler des d\u00e9fis [de l\\&rsquo;Aliyah], des difficult\u00e9s et des questions qui surgissent de la communaut\u00e9 des olim d\\&rsquo;Am\u00e9rique du Nord\\\u00a0\u00bb.<\/p>\n<p dir=\\\"ltr\\\">Sofer a partag\u00e9 qu\\&rsquo;il soutenait l\\&rsquo;Alya de groupes ou de communaut\u00e9s enti\u00e8res en Isra\u00ebl, qui vivent dans les m\u00eames quartiers ou municipalit\u00e9s. \\\u00a0\u00bb Faire l\\&rsquo;Alyah en tant que groupe facilitera grandement l\\&rsquo;int\u00e9gration des Juifs am\u00e9ricains en Isra\u00ebl.\\\u00a0\u00bb Il a ajout\u00e9 qu\\&rsquo;il \\\u00a0\u00bbadorerait \u00eatre en contact permanent\\\u00a0\u00bb avec les rabbins et a partag\u00e9 qu\\&rsquo;en \\\u00a0\u00bbtravaillant ensemble, nous pourrons faire de bonnes choses pour l\\&rsquo;\u00c9tat d\\&rsquo;Isra\u00ebl\\\u00a0\u00bb.<\/p>\n<p dir=\\\"ltr\\\">Parmi les rabbins pr\u00e9sents \u00e0 la r\u00e9union figuraient les rabbins Aryeh Lebowitz, Eli Belizon, Shmuel Marcus, Issac Rice, Shay Schachter, Daniel Stein, Larry Rothwachs, Yeshai Bane et Efraim Polakoff.<\/p>\n<h2 dir=\\\"ltr\\\"><span style=\\\"font-size: large;\\\">Le budget et les projets de Sofer<\/span><\/h2>\n<p>Tel qu\u2019Isra\u00ebl Magazine l\u2019a d\u00e9j\u00e0 \u00e9voqu\u00e9, Sofer disposera d\\&rsquo;un budget pouvant atteindre 350 millions de shekels par an qui \\\u00a0\u00bbsera allou\u00e9 \u00e0 des programmes visant \u00e0 encourager l\\&rsquo;aliyah de jeunes juifs des \u00c9tats-Unis et de France\\\u00a0\u00bb.<\/p>\n<p dir=\\\"ltr\\\"><b>Cela repr\u00e9sente 1,4 milliard de shekels pendant le mandat suppos\u00e9 de quatre ans du gouvernement du Premier ministre d\u00e9sign\u00e9 Benjamin Netanyahou.<\/b><\/p>\n<p>Sofer a insist\u00e9 sur ce budget puisque son parti, le Parti sioniste religieux (RZP), se concentre sur la promotion de plus d\\&rsquo;Alya des pays occidentaux. La majorit\u00e9 des nouveaux immigrants issus de ces pays sont juifs et form\u00e9s \u00e0 des m\u00e9tiers utiles \u00e0 l\\&rsquo;\u00e9conomie isra\u00e9lienne. Le RZP consid\u00e8re les immigrants de ces communaut\u00e9s en Isra\u00ebl comme des \u00e9lecteurs naturels de leur parti : un grand pourcentage d\\&rsquo;olim de France et des \u00c9tats-Unis sont orthodoxes et politiquement conservateurs.<\/p>\n<p><strong>La suite de l\u2019article se trouve dans le prochain num\u00e9ro d\u2019Isra\u00ebl Magazine<\/strong><\/p>\n<p><strong>D\u00e9couvrez un exemplaire du magazine gratuitement et cliquez ensuite sur le rebord droit<\/strong><\/p>\n<p><a href=\\\"https:\/\/online.fliphtml5.com\/rjspi\/ypmm\/#p=1\\\"><strong>https:\/\/online.fliphtml5.com\/rjspi\/ypmm\/#p=1<\/strong><\/a><\/p>\n<p><strong>Votre magazine est livr\u00e9 chez vous en toute confidentialit\u00e9<br \/>\nS\u2019abonner au magazine par t\u00e9l\u00e9phone ou par whats app 00972 (0) 54 254 45 20 ou au 01 86 98 27 27<\/strong><\/p>\n<p><strong>Par email\u00a0\u00a0<\/strong><a href=\\\"mailto:Andredarmon21@gmail.com\\\"><strong>Andredarmon21@gmail.com<\/strong><\/a><strong>\u00a0 pay pal<\/strong><\/p>\n<p><strong>Ou directement sur le site<\/strong><\/p>\n<p><a href=\\\"https:\/\/israelmagazine.co.il\/sabonner-au-magazine\/\\\"><strong>https:\/\/israelmagazine.co.il\/sabonner-au-magazine\/<\/strong><\/a><\/p>\n<p><strong>Loi du Retour ou qui est Juif ?Ou encore S\u2019abonner au magazine livr\u00e9 chez vous en toute confidentialit\u00e9. Remplir le formulaire<\/strong><\/p>\n<p><a href=\\\"https:\/\/docs.google.com\/forms\/d\/e\/1FAIpQLSfPYJfb8KjEya-X17w0DGPAuBlCGvqVUdh_Is8EL810Lxw82A\/viewform?entry.1189475001=Recipient_Email\\\"><strong>https:\/\/docs.google.com\/forms\/d\/e\/1FAIpQLSfPYJfb8KjEya-X17w0DGPAuBlCGvqVUdh_Is8EL810Lxw82A\/viewform?entry.1189475001=Recipient_Email<\/strong><\/a><\/p>\n","protected":false},"excerpt":{"rendered":"<p>Le ministre de l\\&rsquo;Alya cherche \u00e0 promouvoir l\\&rsquo;Alya de communaut\u00e9s enti\u00e8res Ofir Sofer, ministre de l\u2019Alya, a rencontr\u00e9 une d\u00e9l\u00e9gation de rabbins orthodoxes d\\&rsquo;Am\u00e9rique du Nord au centre Nefesh B\\&rsquo;Nefesh \u00e0 J\u00e9rusalem. Le ministre de l\\&rsquo;Alya et de l\\&rsquo;Int\u00e9gration, Ofir Sofer, a rencontr\u00e9 des rabbins orthodoxes d\\&rsquo;Am\u00e9rique du Nord et leur a demand\u00e9 de l\\&rsquo;aider &hellip;<\/p>\n<p class=\"read-more\"> <a class=\"\" href=\"https:\/\/israelmagazine.net\/?p=59323\"> <span class=\"screen-reader-text\">Le ministre de l\\&rsquo;Alya cherche \u00e0 promouvoir l\\&rsquo;Alya de communaut\u00e9s enti\u00e8res<\/span> Lire la suite \u00bb<\/a><\/p>\n","protected":false},"author":4,"featured_media":59324,"comment_status":"open","ping_status":"open","sticky":false,"template":"","format":"standard","meta":{"site-sidebar-layout":"default","site-content-layout":"default","ast-global-header-display":"","ast-main-header-display":"","ast-hfb-above-header-display":"","ast-hfb-below-header-display":"","ast-hfb-mobile-header-display":"","site-post-title":"","ast-breadcrumbs-content":"","ast-featured-img":"","footer-sml-layout":"","theme-transparent-header-meta":"","adv-header-id-meta":"","stick-header-meta":"","header-above-stick-meta":"","header-main-stick-meta":"","header-below-stick-meta":""},"categories":[84,1621,1642,1622,1673],"tags":[1628,937,1761],"sujet":[],"_links":{"self":[{"href":"https:\/\/israelmagazine.net\/index.php?rest_route=\/wp\/v2\/posts\/59323"}],"collection":[{"href":"https:\/\/israelmagazine.net\/index.php?rest_route=\/wp\/v2\/posts"}],"about":[{"href":"https:\/\/israelmagazine.net\/index.php?rest_route=\/wp\/v2\/types\/post"}],"author":[{"embeddable":true,"href":"https:\/\/israelmagazine.net\/index.php?rest_route=\/wp\/v2\/users\/4"}],"replies":[{"embeddable":true,"href":"https:\/\/israelmagazine.net\/index.php?rest_route=%2Fwp%2Fv2%2Fcomments&post=59323"}],"version-history":[{"count":0,"href":"https:\/\/israelmagazine.net\/index.php?rest_route=\/wp\/v2\/posts\/59323\/revisions"}],"wp:featuredmedia":[{"embeddable":true,"href":"https:\/\/israelmagazine.net\/index.php?rest_route=\/"}],"wp:attachment":[{"href":"https:\/\/israelmagazine.net\/index.php?rest_route=%2Fwp%2Fv2%2Fmedia&parent=59323"}],"wp:term":[{"taxonomy":"category","embeddable":true,"href":"https:\/\/israelmagazine.net\/index.php?rest_route=%2Fwp%2Fv2%2Fcategories&post=59323"},{"taxonomy":"post_tag","embeddable":true,"href":"https:\/\/israelmagazine.net\/index.php?rest_route=%2Fwp%2Fv2%2Ftags&post=59323"},{"taxonomy":"sujet","embeddable":true,"href":"https:\/\/israelmagazine.net\/index.php?rest_route=%2Fwp%2Fv2%2Fsujet&post=59323"}],"curies":[{"name":"wp","href":"https:\/\/api.w.org\/{rel}","templated":true}]}}