{"id":59333,"date":"2023-01-12T22:13:34","date_gmt":"2023-01-12T20:13:34","guid":{"rendered":"https:\/\/israelmagazine.net\/?p=59333"},"modified":"2023-01-12T22:13:34","modified_gmt":"2023-01-12T20:13:34","slug":"terrorisme-en-france-et-en-israel-michele-mazel","status":"publish","type":"post","link":"https:\/\/israelmagazine.net\/?p=59333","title":{"rendered":"Terrorisme en France et en Isra\u00ebl,  Mich\u00e8le Mazel"},"content":{"rendered":"<h1><iframe src=\\\"https:\/\/www.tf1.fr\/player\/ca896c4d-b266-46e9-94c2-de84de1daf85?startAt=0\\\" width=\\\"480\\\" height=\\\"360\\\" frameborder=\\\"0\\\" allowfullscreen=\\\"allowfullscreen\\\"><span data-mce-type=\\\"bookmark\\\" style=\\\"display: inline-block; width: 0px; overflow: hidden; line-height: 0;\\\" class=\\\"mce_SELRES_start\\\">\ufeff<\/span><\/iframe><\/h1>\n<h1>Terrorisme en France et en Isra\u00ebl<\/h1>\n<h2>Mich\u00e8le Mazel<\/h2>\n<p>&nbsp;<\/p>\n<p>Peu avant sept heures du matin, ce mercredi 11 janvier 2023, les usagers se pressent \u00e0 la Gare du Nord \u00e0 Paris.<\/p>\n<p>Tout \u00e0 coup, un homme fonce et attaque les passants \u00e0 l\u2019arme blanche, blessant six personnes dont un policier qui cherche \u00e0 le d\u00e9sarmer.<\/p>\n<h2>OQTF en s\u00e9rie<\/h2>\n<p>Un autre policier fait usage de son arme et neutralise l\u2019assaillant.<\/p>\n<p>Il est\u00a0 \u00a0hospitalis\u00e9 et son pronostic vital engag\u00e9. Il n\u2019a aucun papier sur lui, mais est vite identifi\u00e9 gr\u00e2ce \u00e0 ses empreintes digitales.\u00a0 Il s\u2019agit en effet d\u2019un Libyen en situation irr\u00e9guli\u00e8re qui \u00e9tait sous le coup d\u2019un arr\u00eat\u00e9 d\u2019expulsion et dont l\u2019adresse \u00e9tait connue des services de s\u00e9curit\u00e9.<\/p>\n<p>Seulement, il \u00e9tait toujours libre. Que voulez-vous, explique-t-on au minist\u00e8re de l\u2019Int\u00e9rieur, <em>\u00ab\u200aNous n\\&rsquo;\u00e9loignons pas en Libye. En premier lieu compte tenu de l\\&rsquo;instabilit\u00e9 du pays. En second lieu parce que nous n\\&rsquo;avons pas de canal d\\&rsquo;\u00e9change pour l\\&rsquo;identification des ressortissants.<\/em><em>\u00a0\u00bb<\/em><\/p>\n<p>Bref, la justice avait bien ordonn\u00e9 l\u2019expulsion de cet individu, mais le minist\u00e8re de l\u2019Int\u00e9rieur n\u2019a pas ex\u00e9cut\u00e9 cette d\u00e9cision au motif qu\u2019il aurait les mains li\u00e9es du fait tant de la situation en Libye que du manque d\u2019interlocuteur l\u00e0-bas\u2026<\/p>\n<p>Ce n\u2019est h\u00e9las pas un cas isol\u00e9. Souvenons-nous du p\u00e8re Olivier Maire, sauvagement assassin\u00e9 le 9 ao\u00fbt 2021 alors qu\u2019il officiait dans son \u00e9glise, par un Rwandais, lui aussi sous le coup d\u2019un semblable arr\u00eat, un homme qui de plus avait \u00e9t\u00e9 arr\u00eat\u00e9 pour avoir incendi\u00e9 la cath\u00e9drale de Nantes, mais avait \u00e9t\u00e9 remis en libert\u00e9.<\/p>\n<h2>La scandaleuse affaire Lola<\/h2>\n<p>Plus r\u00e9cemment, en octobre 2022, la petite Lola a \u00e9t\u00e9 tortur\u00e9e et assassin\u00e9e.<\/p>\n<p>Selon la presse d\u2019alors, \u00ab La principale suspecte du crime est une Alg\u00e9rienne de 24 ans, Dahbia B. Interpell\u00e9e au lendemain des faits dans la banlieue parisienne, elle a \u00e9t\u00e9 inculp\u00e9e pour le viol et le meurtre de Lola et plac\u00e9e en d\u00e9tention provisoire, \u00e0 l\u2019isolement, \u00e0 la prison de Fresnes, situ\u00e9e dans la banlieue sud de Paris. Elle se trouvait en France en situation irr\u00e9guli\u00e8re, \u00e9tant sous le coup d\u2019une obligation de quitter le territoire. \u00bb Sinistre ironie, \u00e0 la suite de ce meurtre, la s\u0153ur de la criminelle a \u00e9t\u00e9 \u00a0\u00a0expuls\u00e9e vers l\u2019Alg\u00e9rie deux mois plus tard, car elle se trouvait elle-aussi en situation irr\u00e9guli\u00e8re. Si cette mesure avait \u00e9t\u00e9 prise \u00e0 temps pour l\u2019une comme l\u2019autre\u2026.<\/p>\n<h2>Sans pays de retour, les OQTF continueront de tuer<\/h2>\n<p>La France est une d\u00e9mocratie respectueuse des lois. Si la loi pr\u00e9voit la reconduction \u00e0 la fronti\u00e8re d\u2019un individu ou son expulsion lorsqu\u2019un tribunal l\u2019a d\u00e9cr\u00e9t\u00e9, il faut en principe l\u2019accord du pays d\u2019accueil et s\u2019assurer que cette mesure ne mette pas l\u2019individu en danger. En clair, cette r\u00e8gle ne peut \u00eatre transgress\u00e9e par l\u2019\u00c9tat, m\u00eame lorsque ce respect strict met en danger ses propres citoyens. \u00c0 titre d\u2019exemple, il y avait pr\u00e8s de cent mille \u00ab expulsables \u00bb en 2016<u>, <\/u>mesure suivie d\u2019effet pour seulement 26% d\u2019entre eux.\u00a0 \u00a0Dernier d\u00e9tail, toujours suivant le r\u00e8glement, le policier qui a fait usage de son arme pour neutraliser l\u2019assaillant de la Gare du nord s\u2019est vu retirer ladite arme et sera entendu par l\u2019Inspection g\u00e9n\u00e9rale des Polices.<\/p>\n<p>De l\u2019autre c\u00f4t\u00e9 de la M\u00e9diterran\u00e9e, un policier isra\u00e9lien ouvrant le feu sur un terroriste arm\u00e9 dans les rues de Tel Aviv se verrait, lui, accus\u00e9 \u00ab d\u2019ex\u00e9cution extrajudiciaire \u00bb par certains m\u00e9dias fran\u00e7ais.<\/p>\n<p><strong>D\u00e9couvrez un exemplaire du magazine gratuitement et cliquez ensuite sur le rebord droit<\/strong><\/p>\n<p><a href=\\\"https:\/\/online.fliphtml5.com\/rjspi\/ypmm\/#p=1\\\"><strong>https:\/\/online.fliphtml5.com\/rjspi\/ypmm\/#p=1<\/strong><\/a><\/p>\n<p><strong>Votre magazine est livr\u00e9 chez vous en toute confidentialit\u00e9<br \/>\nS\u2019abonner au magazine par t\u00e9l\u00e9phone ou par whats app 00972 (0) 54 254 45 20 ou au 01 86 98 27 27<\/strong><\/p>\n<p><strong>Par email\u00a0\u00a0<\/strong><a href=\\\"mailto:Andredarmon21@gmail.com\\\"><strong>Andredarmon21@gmail.com<\/strong><\/a><strong>\u00a0 pay pal<\/strong><\/p>\n<p><strong>Ou directement sur le site<\/strong><\/p>\n<p><a href=\\\"https:\/\/israelmagazine.co.il\/sabonner-au-magazine\/\\\"><strong>https:\/\/israelmagazine.co.il\/sabonner-au-magazine\/<\/strong><\/a><\/p>\n<p><strong>Loi du Retour ou qui est Juif ?Ou encore S\u2019abonner au magazine livr\u00e9 chez vous en toute confidentialit\u00e9. Remplir le formulaire<\/strong><\/p>\n<p><a href=\\\"https:\/\/docs.google.com\/forms\/d\/e\/1FAIpQLSfPYJfb8KjEya-X17w0DGPAuBlCGvqVUdh_Is8EL810Lxw82A\/viewform?entry.1189475001=Recipient_Email\\\"><strong>https:\/\/docs.google.com\/forms\/d\/e\/1FAIpQLSfPYJfb8KjEya-X17w0DGPAuBlCGvqVUdh_Is8EL810Lxw82A\/viewform?entry.1189475001=Recipient_Email<\/strong><\/a><\/p>\n<p><strong><u>\u00a0<\/u><\/strong><\/p>\n","protected":false},"excerpt":{"rendered":"<p>\ufeff Terrorisme en France et en Isra\u00ebl Mich\u00e8le Mazel &nbsp; Peu avant sept heures du matin, ce mercredi 11 janvier 2023, les usagers se pressent \u00e0 la Gare du Nord \u00e0 Paris. Tout \u00e0 coup, un homme fonce et attaque les passants \u00e0 l\u2019arme blanche, blessant six personnes dont un policier qui cherche \u00e0 le &hellip;<\/p>\n<p class=\"read-more\"> <a class=\"\" href=\"https:\/\/israelmagazine.net\/?p=59333\"> <span class=\"screen-reader-text\">Terrorisme en France et en Isra\u00ebl,  Mich\u00e8le Mazel<\/span> Lire la suite \u00bb<\/a><\/p>\n","protected":false},"author":4,"featured_media":59334,"comment_status":"open","ping_status":"open","sticky":false,"template":"","format":"standard","meta":{"site-sidebar-layout":"default","site-content-layout":"default","ast-global-header-display":"","ast-main-header-display":"","ast-hfb-above-header-display":"","ast-hfb-below-header-display":"","ast-hfb-mobile-header-display":"","site-post-title":"","ast-breadcrumbs-content":"","ast-featured-img":"","footer-sml-layout":"","theme-transparent-header-meta":"","adv-header-id-meta":"","stick-header-meta":"","header-above-stick-meta":"","header-main-stick-meta":"","header-below-stick-meta":""},"categories":[1621,2283],"tags":[821],"sujet":[],"_links":{"self":[{"href":"https:\/\/israelmagazine.net\/index.php?rest_route=\/wp\/v2\/posts\/59333"}],"collection":[{"href":"https:\/\/israelmagazine.net\/index.php?rest_route=\/wp\/v2\/posts"}],"about":[{"href":"https:\/\/israelmagazine.net\/index.php?rest_route=\/wp\/v2\/types\/post"}],"author":[{"embeddable":true,"href":"https:\/\/israelmagazine.net\/index.php?rest_route=\/wp\/v2\/users\/4"}],"replies":[{"embeddable":true,"href":"https:\/\/israelmagazine.net\/index.php?rest_route=%2Fwp%2Fv2%2Fcomments&post=59333"}],"version-history":[{"count":0,"href":"https:\/\/israelmagazine.net\/index.php?rest_route=\/wp\/v2\/posts\/59333\/revisions"}],"wp:featuredmedia":[{"embeddable":true,"href":"https:\/\/israelmagazine.net\/index.php?rest_route=\/"}],"wp:attachment":[{"href":"https:\/\/israelmagazine.net\/index.php?rest_route=%2Fwp%2Fv2%2Fmedia&parent=59333"}],"wp:term":[{"taxonomy":"category","embeddable":true,"href":"https:\/\/israelmagazine.net\/index.php?rest_route=%2Fwp%2Fv2%2Fcategories&post=59333"},{"taxonomy":"post_tag","embeddable":true,"href":"https:\/\/israelmagazine.net\/index.php?rest_route=%2Fwp%2Fv2%2Ftags&post=59333"},{"taxonomy":"sujet","embeddable":true,"href":"https:\/\/israelmagazine.net\/index.php?rest_route=%2Fwp%2Fv2%2Fsujet&post=59333"}],"curies":[{"name":"wp","href":"https:\/\/api.w.org\/{rel}","templated":true}]}}