{"id":59339,"date":"2023-01-13T14:34:49","date_gmt":"2023-01-13T12:34:49","guid":{"rendered":"https:\/\/israelmagazine.net\/?p=59339"},"modified":"2023-01-13T14:34:49","modified_gmt":"2023-01-13T12:34:49","slug":"dieudonne-suite-et-fin-par-andre-darmon","status":"publish","type":"post","link":"https:\/\/israelmagazine.net\/?p=59339","title":{"rendered":"Dieudonn\u00e9 suite et fin. Par Andr\u00e9 Darmon"},"content":{"rendered":"<p>&nbsp;<\/p>\n<p><img class=\\\"alignnone size-medium wp-image-59321\\\" src=\\\"https:\/\/israelmagazine.co.il\/wp-content\/uploads\/2023\/01\/IMG-20221115-WA0130-200x300.jpg\\\" alt=\\\"Andr\u00e9 Darmon\\\" width=\\\"200\\\" height=\\\"300\\\" \/><\/p>\n<p>Bonjour<\/p>\n<p>Je me suis d\u00e9connect\u00e9 quelques heures du tintamarre m\u00e9diatique, le temps de rentrer chez moi en Isra\u00ebl et d\u2019\u00e9vacuer le torrent d\u2019insanit\u00e9s qui s\u2019est abattu sur mon modeste couvre-chef italien.<\/p>\n<p>Mais aussi pour appr\u00e9cier sereinement tous les soutiens exceptionnels venus d\u2019horizons les plus divers.\u00a0 Je ne r\u00e9pondrais pas \u00e0 ceux qui m\u2019ont insult\u00e9 et qui bien \u00e9videmment ne connaissent pas mon travail communautaire, social et journalistique depuis 30 ans ( j\u2019ai form\u00e9 une bonne partie des journalistes francophones dans le pays et \u00e0 tout le moins, ils sont pass\u00e9s ces derni\u00e8res 25 ann\u00e9es par le magazine).<\/p>\n<p>Beaucoup affirment que j\u2019ai cr\u00e9\u00e9 le journalisme francophone en Isra\u00ebl pour avoir g\u00e9r\u00e9 et dirig\u00e9 plusieurs magazines en m\u00eame temps (des magazines locaux en sus d\u2019Isra\u00ebl Magazine). Je suis \u00e0 l\u2019origine, d\u00e9j\u00e0 il y a 20 ans du combat acharn\u00e9 contre Dieudonn\u00e9 que j\u2019avais interview\u00e9 alors et qui me paraissait bien loin de ses positions actuelles.<\/p>\n<p>Je suis \u00e0 l\u2019origine, seul, du scandale de Djamel Debbouze (qui a tu\u00e9 il a environ 30 ans le petit Chaumette) et j\u2019ai \u00e9t\u00e9 en pointe (encore seul) dans le combat contre les escrocs juifs francophones du Forex, ayant \u00e9t\u00e9 m\u00eame menac\u00e9 de mort.<\/p>\n<p>J\u2019ai \u00e9t\u00e9 aussi \u00e0 la pointe du combat contre certains rabbins qui avaient oubli\u00e9 leur mission pour ne devenir que d\u2019affreux banquiers. J\u2019ai, le premier, dans la presse fran\u00e7aise (pas seulement juive ) enqu\u00eat\u00e9 sur place apr\u00e8s le meurtre de S\u00e9bastien Sellam et d\u00e9nonc\u00e9 le scandale antis\u00e9mite.<\/p>\n<p>J\u2019ai, par ailleurs, \u00e9t\u00e9 class\u00e9 \u00e0 droite parce que je d\u00e9fends bec et ongles le juda\u00efsme, (bien que je ne sois pas religieux) le sionisme, mais aussi des fronti\u00e8res bien pr\u00e9cises qui englobent la Jud\u00e9e Samarie etc.\u00a0 Mais aussi par ce que j\\&rsquo;ai d\u00e9fendu Bibi non pas pour ses options politiques mais parce qu\\&rsquo;il a \u00e9t\u00e9 train\u00e9 injustement, ill\u00e9galement et odieusement, dans la boue et sur les bans du tribunal, donc un combat politique aussi. Non pas un combat marginal, mais un combat en marge d\u2019une communaut\u00e9 dans laquelle je ne me reconnais pas.<\/p>\n<p>Ceux qui me connaissent depuis toujours savent que je ne transige pas avec la v\u00e9rit\u00e9, avec l\u2019honneur et pour en revenir \u00e0 Dieudonn\u00e9, ce dernier savait que j\u2019aurais \u00e9t\u00e9 le dernier qui lui aurait assur\u00e9 une quelconque promo pour les raisons que j\u2019ai expliqu\u00e9es dans un pr\u00e9c\u00e9dent post.<\/p>\n<p>Je ne reviendrai pas sur les clashs extr\u00eamement durs qui nous ont oppos\u00e9. Pour instruire les mauvaises langues dont je ne citerai pas le nom, tant elles sont indignes d\u2019\u00eatre juives, ces clashs m\u2019avaient apport\u00e9 bien plus de d\u00e9sagr\u00e9ments professionnels que d\u2019avantages alors qu\u2019il n\u2019y avait pas eu, pas plus qu\u2019aujourd\u2019hui, un \u00e9l\u00e9ment marketing et promotionnel dans ma d\u00e9marche.<\/p>\n<p>Retra\u00e7ons ce qui s\u2019est pass\u00e9. On m\u2019a contact\u00e9 pour me parler du repentir de Dieudonn\u00e9 et j\u2019ai dans un premier temps refus\u00e9 d\u2019y souscrire. Puis, on m\u2019a recontact\u00e9 (Francis Lalanne avec lequel j\u2019entretiens des rapports fraternels) et j\u2019ai finalement accept\u00e9 le principe d\u2019une rencontre et m\u00eame d\u2019un repas avec Dieudonn\u00e9, bien que ses \u2018excuses\u2019 il y a quelques ann\u00e9es m\u2019avaient non seulement \u00e9chaud\u00e9, mais meurtri aussi, comme beaucoup d\u2019autres.<\/p>\n<p>J\u2019ai ensuite fait part de mes doutes (Dieudonn\u00e9 dans un post parle de moultes h\u00e9sitations, et c\u2019est vrai) et j\u2019ai refus\u00e9 la rencontre et a plus forte raison le restaurant et le repas que nous devions partager, car il m\u2019avait sembl\u00e9 que rompre le pain avec lui relevait du copinage, un copinage qui n\u2019a jamais exist\u00e9 entre nous.<\/p>\n<p>J\u2019ai donc accept\u00e9 de publier cette lettre, non pas aveugl\u00e9ment, mais sous r\u00e9serve de la lire et de l\u2019approuver. Ce que j\u2019ai fait en toute connaissance de cause, car j\u2019ai cru \u00e0 ce revirement, j\u2019ai cru (et je le crois encore aujourd\u2019hui) \u00e0 cette techouva, car qui sommes-nous pour refuser un pardon sinc\u00e8re, venu m\u00eame d\u2019un r\u00e9cidiviste ?<\/p>\n<p>Une fois post\u00e9e, la lettre a fait le bruit que l\u2019on sait et Hanouna (d\u2019une rare gentillesse qui tranche terriblement avec les postures haineuses de certains de mes coreligionnaires) m\u2019a invit\u00e9 pour en parler.<\/p>\n<p>Et l\u2019une des premi\u00e8res phrases que j\u2019ai dites lors de cette \u00e9mission, c\u2019est qu\u2019il faudra, comme l\u2019affirme le dicton, <em><strong>suivre le menteur jusqu\u2019\u00e0 la porte<\/strong><\/em>.<\/p>\n<p>En clair, voir si Dieudonn\u00e9 se d\u00e9gonfle, s\u2019il ne met pas en pratique les r\u00e9solutions que nous avons prises avec Lalanne et lui, c\u2019est-\u00e0-dire, je l\u2019ai r\u00e9p\u00e9t\u00e9 \u00e0 plusieurs reprises, v\u00e9hiculer dans les banlieues, dans les \u00e9coles, un autre discours d\u00e9nu\u00e9 bien \u00e9videmment d\u2019antis\u00e9mitisme, de sketches vides de leur haine, d\u2019une action \u00e0 travers sa fondation visant \u00e0 aider, (quelle qu\u2019en soit en la forme) les communaut\u00e9s qu\u2019il avait si sauvagement d\u00e9nigr\u00e9es. Et surtout enlever d\u00e9finitivement tous les signes ext\u00e9rieurs de haine comme ses sites internet.<\/p>\n<p>Je n\u2019ai donc pas fait que publier b\u00e9atement cette lettre. J\u2019avais \u00e9galement renonc\u00e9 \u00e0 l\u2019interview, mais sur les recommandations et sur la demande de mon ami St\u00e9phane Calvo de A + nous avions red\u00e9cid\u00e9 de la faire. Comme je l\u2019avais expliqu\u00e9, ma d\u00e9marche \u00e9tait bien plus celle d\u2019un homme au sens propre que celle d\u2019un journaliste.<\/p>\n<p>Les multiples trag\u00e9dies qui m\u2019ont touch\u00e9 ces derni\u00e8res ann\u00e9es m\u2019ont appris (j\u2019esp\u00e8re) \u00e0 exprimer de l\u2019empathie, du Hessed, cette facult\u00e9 de se mettre \u00e0 la place de l\u2019autre. Les termes \u00e9taient clairs avec St\u00e9phane.<\/p>\n<p>Mais il voulait une interview ou encore Dieudonn\u00e9 allait r\u00e9clamer de nouveau le pardon et trente ans de r\u00e9daction en chef m\u2019ont appris \u00e0 g\u00e9rer et \u00e0 mener moi-m\u00eame seul mes interviews. Cette interview a eu lieu, s\u2019est tr\u00e8s bien pass\u00e9e et j\u2019ai bien \u00e9videmment tent\u00e9 d\u2019aller au fond des choses avec Dieudonn\u00e9. Je ne suis dupe de rien et il n\u2019allait pas battre sa coulpe \u00e0 nouveau et se flageller devant moi. Il avait d\u00e9j\u00e0 demand\u00e9 \u00e0 \u00eatre pardonn\u00e9. \u00c0 la question o\u00f9 se trouvait-il sur l\u2019\u00e9chelle de Richter de la sinc\u00e9rit\u00e9 avec sa lettre, il m\u2019a r\u00e9pondu qu\u2019il \u00e9tait \u00e0 10.<\/p>\n<p>Je lui ai simplement dit qu\u2019il fallait passer imp\u00e9rativement \u00e0 une autre \u00e9tape, c\u2019elle de l\u2019expiation, celle que j\u2019avais d\u00e9taill\u00e9e dans l\u2019Interview \u00e0 TPMP et rappel\u00e9e quelques lignes, plus haut. L\u2019interview n\u2019a pas \u00e9t\u00e9 dans le sens de St\u00e9phane et il m\u2019a dit simplement qu\u2019il r\u00e9fl\u00e9chissait s\u2019il la passait sur son canal je lui ai r\u00e9pondu que je me r\u00e9servais le droit de la passer ou pas dans le prochain magazine ou sur le site, ou sur les deux.<\/p>\n<p>Ce qui \u00e9tait convenu dans tous les cas, c\u2019est que s\u2019il ne passait pas l\u2019interview, ce qui est tout \u00e0 fait son droit, c\u2019est moi qu\u2019il interviewerait pour d\u00e9crypter ensemble l\u2019interview devant le public. Sans me consulter, il a d\u00e9cid\u00e9 de solliciter un psychiatre pour faire ce m\u00eame d\u00e9cryptage. Je ne vous dirais pas ce que je pense des psychologues, psychiatres, que j\u2019ai consult\u00e9s ces 20 derni\u00e8res ann\u00e9es, cons\u00e9cutivement aux trag\u00e9dies dont je vous parle plus haut. Vous savez quoi ? je n\u2019en pense rien.\u00a0 Je suis tr\u00e8s heureux que St\u00e9phane ait pu passer pour un h\u00e9ros, mais moins que Hanouna et moi-m\u00eame passions pour des\u2026. Le \u2018refus\u2019 de passage de l\u2019interview de St\u00e9phane ne me g\u00eane en rien, car c\u2019est sa d\u00e9cision. Mais rappelons qu\u2019il en fut l\u2019initiateur et que l\u2019interview (c\u2019est ce qu\u2019il m\u2019a dit) n\u2019\u00e9tait pas <em><strong>assez spectaculaire et pas assez r\u00e9demptrice<\/strong><\/em>. Alors qu\u2019il me semble \u00eatre all\u00e9 au fond des choses avec l\u2019humoriste. Par ailleurs, St\u00e9phane m\u2019a confi\u00e9 avoir \u00e9t\u00e9 l\u2019objet d\u2019insultes et de menaces suite \u00e0 mon passage sur TPMP.<\/p>\n<h3><strong>Manuel Valse !<\/strong><\/h3>\n<p>Au moment o\u00f9 j\u2019\u00e9cris ces lignes, on m\u2019envoie un long commentaire de Manuel Valls que je ne lirais pas et qui parlerait de son hostilit\u00e9 \u00e0 la demande de pardon de Dieudonn\u00e9. Je voudrais \u00e0 rappeler \u00e0 Valls, qui a fait de la girouette un art majeur en politique, que dans les ann\u00e9es 2000 quand il \u00e9tait maire d\u2019une ville de banlieue, il affichait (dans tous les sens du terme) un fanatisme anti-isra\u00e9lien sans \u00e9gal (sauf celui de Dieudonn\u00e9 plus tard) jusqu\u2019\u00e0 ce QU\u2019IL d\u00e9couvre le juda\u00efsme dans LES bras de sa seconde femme, juive, et surtout qu\u2019il change sa vision.\u00a0 Aussi que les choses soient de plus en plus claires. J\u2019ai tent\u00e9 de donner modestement une ultime chance \u00e0 un homme qui demandait pardon.<\/p>\n<p>Je pose la question \u00e0 tous les censeurs, les contempteurs. Et si Dieudonn\u00e9 changeait r\u00e9ellement de route, pourquoi le maintenir dans cette posture ? Je ne veux pas vous resservir la sauce, jolie par ailleurs, d\u2019Abraham demandant \u00e0 Dieu de pr\u00e9server Sodome s\u2019il restait un juste dans la ville. Non, Dieudonn\u00e9, lui, n\u2019est pas un juste, tout son parcours prouve le contraire, un contraire lamentable. Je lui ai dit que sa conduite n\\&rsquo;a pas consist\u00e9 en des gesticulations artistiques comme il l\u2019affirme dans sa lettre. Il est\u2026 juste un homme qui dit s\u2019\u00eatre lourdement tromp\u00e9. J\u2019esp\u00e8re, moi, de mon c\u00f4t\u00e9, ne pas m\u2019\u00eatre tromp\u00e9. Je voulais simplement, ing\u00e9nument, faire avancer le schmilblick.<\/p>\n<p>Ce post sera le dernier concernant cette affaire et je me r\u00e9serve le droit de publier ou non l\u2019interview de Dieudonn\u00e9.<\/p>\n<p>&nbsp;<\/p>\n<p>Un dernier merci \u00e0 mes confr\u00e8res des radios qui ont donn\u00e9 la parole \u00e0 tout le monde et qui ne m\u2019ont pas accord\u00e9 de droit de r\u00e9ponse. Alors accorder un pardon, vous pensez bien !<\/p>\n","protected":false},"excerpt":{"rendered":"<p>&nbsp; Bonjour Je me suis d\u00e9connect\u00e9 quelques heures du tintamarre m\u00e9diatique, le temps de rentrer chez moi en Isra\u00ebl et d\u2019\u00e9vacuer le torrent d\u2019insanit\u00e9s qui s\u2019est abattu sur mon modeste couvre-chef italien. Mais aussi pour appr\u00e9cier sereinement tous les soutiens exceptionnels venus d\u2019horizons les plus divers.\u00a0 Je ne r\u00e9pondrais pas \u00e0 ceux qui m\u2019ont insult\u00e9 &hellip;<\/p>\n<p class=\"read-more\"> <a class=\"\" href=\"https:\/\/israelmagazine.net\/?p=59339\"> <span class=\"screen-reader-text\">Dieudonn\u00e9 suite et fin. Par Andr\u00e9 Darmon<\/span> Lire la suite \u00bb<\/a><\/p>\n","protected":false},"author":4,"featured_media":59321,"comment_status":"open","ping_status":"open","sticky":false,"template":"","format":"standard","meta":{"site-sidebar-layout":"default","site-content-layout":"default","ast-global-header-display":"","ast-main-header-display":"","ast-hfb-above-header-display":"","ast-hfb-below-header-display":"","ast-hfb-mobile-header-display":"","site-post-title":"","ast-breadcrumbs-content":"","ast-featured-img":"","footer-sml-layout":"","theme-transparent-header-meta":"","adv-header-id-meta":"","stick-header-meta":"","header-above-stick-meta":"","header-main-stick-meta":"","header-below-stick-meta":""},"categories":[84,1621,1612,1673,811],"tags":[1063,825,1739,3182,845,815],"sujet":[],"_links":{"self":[{"href":"https:\/\/israelmagazine.net\/index.php?rest_route=\/wp\/v2\/posts\/59339"}],"collection":[{"href":"https:\/\/israelmagazine.net\/index.php?rest_route=\/wp\/v2\/posts"}],"about":[{"href":"https:\/\/israelmagazine.net\/index.php?rest_route=\/wp\/v2\/types\/post"}],"author":[{"embeddable":true,"href":"https:\/\/israelmagazine.net\/index.php?rest_route=\/wp\/v2\/users\/4"}],"replies":[{"embeddable":true,"href":"https:\/\/israelmagazine.net\/index.php?rest_route=%2Fwp%2Fv2%2Fcomments&post=59339"}],"version-history":[{"count":0,"href":"https:\/\/israelmagazine.net\/index.php?rest_route=\/wp\/v2\/posts\/59339\/revisions"}],"wp:featuredmedia":[{"embeddable":true,"href":"https:\/\/israelmagazine.net\/index.php?rest_route=\/"}],"wp:attachment":[{"href":"https:\/\/israelmagazine.net\/index.php?rest_route=%2Fwp%2Fv2%2Fmedia&parent=59339"}],"wp:term":[{"taxonomy":"category","embeddable":true,"href":"https:\/\/israelmagazine.net\/index.php?rest_route=%2Fwp%2Fv2%2Fcategories&post=59339"},{"taxonomy":"post_tag","embeddable":true,"href":"https:\/\/israelmagazine.net\/index.php?rest_route=%2Fwp%2Fv2%2Ftags&post=59339"},{"taxonomy":"sujet","embeddable":true,"href":"https:\/\/israelmagazine.net\/index.php?rest_route=%2Fwp%2Fv2%2Fsujet&post=59339"}],"curies":[{"name":"wp","href":"https:\/\/api.w.org\/{rel}","templated":true}]}}