{"id":59377,"date":"2023-01-16T17:56:43","date_gmt":"2023-01-16T15:56:43","guid":{"rendered":"https:\/\/israelmagazine.net\/?p=59377"},"modified":"2023-01-16T17:56:43","modified_gmt":"2023-01-16T15:56:43","slug":"gulliver-au-kikar-habima-a-tel-aviv","status":"publish","type":"post","link":"https:\/\/israelmagazine.net\/?p=59377","title":{"rendered":"Gulliver au Kikar Habima \u00e0 Tel Aviv"},"content":{"rendered":"<h1>Gulliver au Kikar Habima \u00e0 Tel Aviv<\/h1>\n<h2>Par Meir Ben Hayoun<\/h2>\n<p>La gauche isra\u00e9lienne a compl\u00e8tement perdu pied et tout lien avec la r\u00e9alit\u00e9. Elle se fait de l\\&rsquo;auto-suggestion au point que ses principaux porte-parole affirment mordicus comme si c\\&rsquo;\u00e9tait une v\u00e9rit\u00e9 des tables de la Loi du Mont Sinai que la d\u00e9mocratie, ce n\\&rsquo;est pas le pouvoir de la majorit\u00e9. Montesquieu se retourne dans sa tombe.<\/p>\n<p>Cette gauche erre dans sa d\u00e9mence, pas seulement par ses slogans fous furieux, par son esprit vichyste de brandir et de laisser brandir des drapeaux de l\\&rsquo;ennemi nazislamiste durant ses manifs qui ressemblent \u00e0 des d\u00e9fil\u00e9s de zombies de films sur la fin du monde.<\/p>\n<p>M\u00eame les chiffres qu\\&rsquo;ils annoncent, c\\&rsquo;est de la mythomanie aigu\u00eb. Soi-disant 80 mille manifestants samedi soir y \u00e9taient. M\u00eame dans leurs r\u00eaves les plus humides, ils n\\&rsquo;\u00e9taient pas la moiti\u00e9 de \u00e7a. Et tout le monde de reprendre ce chiffre sans v\u00e9rifier.<\/p>\n<p>Quand la droite a manifest\u00e9 au m\u00eame endroit au Kikar Habima bond\u00e9, les organisateurs avaient diffus\u00e9 un chiffre quelque peu exag\u00e9r\u00e9 de 30 mille manifestants. Un journaliste de gauche, Bar Peleg, ne voulant que le chiffre des manifestants de droite ne soit gonfl\u00e9, avait insist\u00e9 pour effectuer une v\u00e9rification calcul\u00e9e \u00e0 l\\&rsquo;unit\u00e9 pr\u00e8s. Il avait trouv\u00e9 que pas plus de 17537 manifestants ne pouvaient se serrer les uns contre les autres \u00e0 Kikar habima.<\/p>\n<p>Si pas plus de 17537 manifestants de droite peuvent s\\&rsquo;agglutiner \u00e0 kikar Habima, comment 80 000 de gauche le peuvent-ils??!!! On est dans les aventures de Gulliver?<\/p>\n<p><strong>La suite de l\u2019article se trouve dans le prochain num\u00e9ro d\u2019Isra\u00ebl Magazine<\/strong><\/p>\n<p><strong>D\u00e9couvrez un exemplaire du magazine gratuitement et cliquez ensuite sur le rebord droit<\/strong><\/p>\n<p><a href=\\\"https:\/\/online.fliphtml5.com\/rjspi\/ypmm\/#p=1\\\"><strong>https:\/\/online.fliphtml5.com\/rjspi\/ypmm\/#p=1<\/strong><\/a><\/p>\n<p><strong>Votre magazine est livr\u00e9 chez vous en toute confidentialit\u00e9<br \/>\nS\u2019abonner au magazine par t\u00e9l\u00e9phone ou par whats app 00972 (0) 54 254 45 20 ou au 01 86 98 27 27<\/strong><\/p>\n<p><strong>Par email\u00a0\u00a0<\/strong><a href=\\\"mailto:Andredarmon21@gmail.com\\\"><strong>Andredarmon21@gmail.com<\/strong><\/a><strong>\u00a0 pay pal<\/strong><\/p>\n<p><strong>Ou directement sur le site<\/strong><\/p>\n<p><a href=\\\"https:\/\/israelmagazine.co.il\/sabonner-au-magazine\/\\\"><strong>https:\/\/israelmagazine.co.il\/sabonner-au-magazine\/<\/strong><\/a><\/p>\n<p><strong>Loi du Retour ou qui est Juif ?Ou encore S\u2019abonner au magazine livr\u00e9 chez vous en toute confidentialit\u00e9. Remplir le formulaire<\/strong><\/p>\n<p><a href=\\\"https:\/\/docs.google.com\/forms\/d\/e\/1FAIpQLSfPYJfb8KjEya-X17w0DGPAuBlCGvqVUdh_Is8EL810Lxw82A\/viewform?entry.1189475001=Recipient_Email\\\"><strong>https:\/\/docs.google.com\/forms\/d\/e\/1FAIpQLSfPYJfb8KjEya-X17w0DGPAuBlCGvqVUdh_Is8EL810Lxw82A\/viewform?entry.1189475001=Recipient_Email<\/strong><\/a><\/p>\n<p>&nbsp;<\/p>\n","protected":false},"excerpt":{"rendered":"<p>Gulliver au Kikar Habima \u00e0 Tel Aviv Par Meir Ben Hayoun La gauche isra\u00e9lienne a compl\u00e8tement perdu pied et tout lien avec la r\u00e9alit\u00e9. Elle se fait de l\\&rsquo;auto-suggestion au point que ses principaux porte-parole affirment mordicus comme si c\\&rsquo;\u00e9tait une v\u00e9rit\u00e9 des tables de la Loi du Mont Sinai que la d\u00e9mocratie, ce n\\&rsquo;est &hellip;<\/p>\n<p class=\"read-more\"> <a class=\"\" href=\"https:\/\/israelmagazine.net\/?p=59377\"> <span class=\"screen-reader-text\">Gulliver au Kikar Habima \u00e0 Tel Aviv<\/span> Lire la suite \u00bb<\/a><\/p>\n","protected":false},"author":4,"featured_media":59378,"comment_status":"open","ping_status":"open","sticky":false,"template":"","format":"standard","meta":{"site-sidebar-layout":"default","site-content-layout":"default","ast-global-header-display":"","ast-main-header-display":"","ast-hfb-above-header-display":"","ast-hfb-below-header-display":"","ast-hfb-mobile-header-display":"","site-post-title":"","ast-breadcrumbs-content":"","ast-featured-img":"","footer-sml-layout":"","theme-transparent-header-meta":"","adv-header-id-meta":"","stick-header-meta":"","header-above-stick-meta":"","header-main-stick-meta":"","header-below-stick-meta":""},"categories":[1191],"tags":[],"sujet":[],"_links":{"self":[{"href":"https:\/\/israelmagazine.net\/index.php?rest_route=\/wp\/v2\/posts\/59377"}],"collection":[{"href":"https:\/\/israelmagazine.net\/index.php?rest_route=\/wp\/v2\/posts"}],"about":[{"href":"https:\/\/israelmagazine.net\/index.php?rest_route=\/wp\/v2\/types\/post"}],"author":[{"embeddable":true,"href":"https:\/\/israelmagazine.net\/index.php?rest_route=\/wp\/v2\/users\/4"}],"replies":[{"embeddable":true,"href":"https:\/\/israelmagazine.net\/index.php?rest_route=%2Fwp%2Fv2%2Fcomments&post=59377"}],"version-history":[{"count":0,"href":"https:\/\/israelmagazine.net\/index.php?rest_route=\/wp\/v2\/posts\/59377\/revisions"}],"wp:featuredmedia":[{"embeddable":true,"href":"https:\/\/israelmagazine.net\/index.php?rest_route=\/"}],"wp:attachment":[{"href":"https:\/\/israelmagazine.net\/index.php?rest_route=%2Fwp%2Fv2%2Fmedia&parent=59377"}],"wp:term":[{"taxonomy":"category","embeddable":true,"href":"https:\/\/israelmagazine.net\/index.php?rest_route=%2Fwp%2Fv2%2Fcategories&post=59377"},{"taxonomy":"post_tag","embeddable":true,"href":"https:\/\/israelmagazine.net\/index.php?rest_route=%2Fwp%2Fv2%2Ftags&post=59377"},{"taxonomy":"sujet","embeddable":true,"href":"https:\/\/israelmagazine.net\/index.php?rest_route=%2Fwp%2Fv2%2Fsujet&post=59377"}],"curies":[{"name":"wp","href":"https:\/\/api.w.org\/{rel}","templated":true}]}}