{"id":59396,"date":"2023-01-18T09:23:47","date_gmt":"2023-01-18T07:23:47","guid":{"rendered":"https:\/\/israelmagazine.net\/?p=59396"},"modified":"2023-01-18T09:23:47","modified_gmt":"2023-01-18T07:23:47","slug":"meyer-habib-et-deborah-abisror-convoques-au-conseil-detat-le-31-janvier","status":"publish","type":"post","link":"https:\/\/israelmagazine.net\/?p=59396","title":{"rendered":"Meyer Habib et Deborah Abisror convoqu\u00e9s au Conseil d\\&rsquo;Etat le 31 janvier"},"content":{"rendered":"<h1><img class=\\\"alignnone size-medium wp-image-59397\\\" src=\\\"https:\/\/israelmagazine.co.il\/wp-content\/uploads\/2023\/01\/Mon-projet-32-300x157.png\\\" alt=\\\"\\\" width=\\\"300\\\" height=\\\"157\\\" \/><\/h1>\n<h1>Meyer Habib et Deborah Abisror convoqu\u00e9s au Conseil d\\&rsquo;Etat le 31 janvier<\/h1>\n<p>&nbsp;<\/p>\n<p>Apr\u00e8s des \u00e9lections mouvement\u00e9es en mai 2022, pour l\u2019\u00e9lection du D\u00e9put\u00e9 de la 8<sup>\u00e8me<\/sup>\u00a0Circonscription des Fran\u00e7ais \u00e0 l\u2019\u00e9tranger, la candidate Deborah Abisror-De Lieme avait soulev\u00e9 plusieurs points de contestation et \u00e9mis un recours aupr\u00e8s du Conseil d\u2019\u00c9tat.<\/p>\n<p>De source s\u00fbre, nous apprenons que le Conseil d\u2019\u00c9tat donne suite \u00e0 cette demande d\u2019examen de la r\u00e9gularit\u00e9 de cette \u00e9lection. Les deux candidats sont convoqu\u00e9s, ensemble ou s\u00e9par\u00e9ment, le 31 janvier afin de conna\u00eetre la d\u00e9cision du Conseil.<\/p>\n<p>Selon l\u2019issue de ces entrevues, le Conseil d\u2019\u00c9tat devrait opter soit pour la validation de l\u2019\u00e9lection qui s\u2019est d\u00e9roul\u00e9e \u00e0 cette p\u00e9riode, soit, au contraire, l\u2019invalider et, par cons\u00e9quent, exiger l\\&rsquo;organisation d\\&rsquo;un nouveau scrutin pour conna\u00eetre un r\u00e9sultat d\u00e9finitif. Cette d\u00e9lib\u00e9ration peut invalider l\\&rsquo;\u00e9v\u00e9nement pr\u00e9c\u00e9dent, voire un des deux candidats, ce qui ajoute encore au suspense.<\/p>\n<p>Il faudra attendre d\u2019\u00eatre plus ample inform\u00e9 pour se faire une id\u00e9e pr\u00e9cise du sort des deux cpr\u00e9tendants au poste.<\/p>\n<p>Les \u00e9lecteurs d\u2019Isra\u00ebl, d\u2019Italie, de Chypre, Gr\u00e8ce, Malte, de Saint- Marin, du Vatican seraient probablement rappel\u00e9s \u00e0 consultation \u00e9lectorale, en cas de litige sur le bon d\u00e9roulement de la campagne.<\/p>\n<p><strong>La suite de l\u2019article se trouve dans le prochain num\u00e9ro d\u2019Isra\u00ebl Magazine<\/strong><\/p>\n<p><strong>D\u00e9couvrez un exemplaire du magazine gratuitement et cliquez ensuite sur le rebord droit<\/strong><\/p>\n<p><a href=\\\"https:\/\/online.fliphtml5.com\/rjspi\/ypmm\/#p=1\\\"><strong>https:\/\/online.fliphtml5.com\/rjspi\/ypmm\/#p=1<\/strong><\/a><\/p>\n<p><strong>Votre magazine est livr\u00e9 chez vous en toute confidentialit\u00e9<br \/>\nS\u2019abonner au magazine par t\u00e9l\u00e9phone ou par whats app 00972 (0) 54 254 45 20 ou au 01 86 98 27 27<\/strong><\/p>\n<p><strong>Par email\u00a0\u00a0<\/strong><a href=\\\"mailto:Andredarmon21@gmail.com\\\"><strong>Andredarmon21@gmail.com<\/strong><\/a><strong>\u00a0 pay pal<\/strong><\/p>\n<p><strong>Ou directement sur le site<\/strong><\/p>\n<p><a href=\\\"https:\/\/israelmagazine.co.il\/sabonner-au-magazine\/\\\"><strong>https:\/\/israelmagazine.co.il\/sabonner-au-magazine\/<\/strong><\/a><\/p>\n<p><strong>Loi du Retour ou qui est Juif ?Ou encore S\u2019abonner au magazine livr\u00e9 chez vous en toute confidentialit\u00e9. Remplir le formulaire<\/strong><\/p>\n<p><a href=\\\"https:\/\/docs.google.com\/forms\/d\/e\/1FAIpQLSfPYJfb8KjEya-X17w0DGPAuBlCGvqVUdh_Is8EL810Lxw82A\/viewform?entry.1189475001=Recipient_Email\\\"><strong>https:\/\/docs.google.com\/forms\/d\/e\/1FAIpQLSfPYJfb8KjEya-X17w0DGPAuBlCGvqVUdh_Is8EL810Lxw82A\/viewform?entry.1189475001=Recipient_Email<\/strong><\/a><\/p>\n<p><strong><u>\u00a0<\/u><\/strong><\/p>\n","protected":false},"excerpt":{"rendered":"<p>Meyer Habib et Deborah Abisror convoqu\u00e9s au Conseil d\\&rsquo;Etat le 31 janvier &nbsp; Apr\u00e8s des \u00e9lections mouvement\u00e9es en mai 2022, pour l\u2019\u00e9lection du D\u00e9put\u00e9 de la 8\u00e8me\u00a0Circonscription des Fran\u00e7ais \u00e0 l\u2019\u00e9tranger, la candidate Deborah Abisror-De Lieme avait soulev\u00e9 plusieurs points de contestation et \u00e9mis un recours aupr\u00e8s du Conseil d\u2019\u00c9tat. De source s\u00fbre, nous apprenons &hellip;<\/p>\n<p class=\"read-more\"> <a class=\"\" href=\"https:\/\/israelmagazine.net\/?p=59396\"> <span class=\"screen-reader-text\">Meyer Habib et Deborah Abisror convoqu\u00e9s au Conseil d\\&rsquo;Etat le 31 janvier<\/span> Lire la suite \u00bb<\/a><\/p>\n","protected":false},"author":4,"featured_media":59398,"comment_status":"open","ping_status":"open","sticky":false,"template":"","format":"standard","meta":{"site-sidebar-layout":"default","site-content-layout":"default","ast-global-header-display":"","ast-main-header-display":"","ast-hfb-above-header-display":"","ast-hfb-below-header-display":"","ast-hfb-mobile-header-display":"","site-post-title":"","ast-breadcrumbs-content":"","ast-featured-img":"","footer-sml-layout":"","theme-transparent-header-meta":"","adv-header-id-meta":"","stick-header-meta":"","header-above-stick-meta":"","header-main-stick-meta":"","header-below-stick-meta":""},"categories":[84,1621,814,1617,3146,2283,1674,1191,1615],"tags":[845,1001,1700],"sujet":[],"_links":{"self":[{"href":"https:\/\/israelmagazine.net\/index.php?rest_route=\/wp\/v2\/posts\/59396"}],"collection":[{"href":"https:\/\/israelmagazine.net\/index.php?rest_route=\/wp\/v2\/posts"}],"about":[{"href":"https:\/\/israelmagazine.net\/index.php?rest_route=\/wp\/v2\/types\/post"}],"author":[{"embeddable":true,"href":"https:\/\/israelmagazine.net\/index.php?rest_route=\/wp\/v2\/users\/4"}],"replies":[{"embeddable":true,"href":"https:\/\/israelmagazine.net\/index.php?rest_route=%2Fwp%2Fv2%2Fcomments&post=59396"}],"version-history":[{"count":0,"href":"https:\/\/israelmagazine.net\/index.php?rest_route=\/wp\/v2\/posts\/59396\/revisions"}],"wp:featuredmedia":[{"embeddable":true,"href":"https:\/\/israelmagazine.net\/index.php?rest_route=\/"}],"wp:attachment":[{"href":"https:\/\/israelmagazine.net\/index.php?rest_route=%2Fwp%2Fv2%2Fmedia&parent=59396"}],"wp:term":[{"taxonomy":"category","embeddable":true,"href":"https:\/\/israelmagazine.net\/index.php?rest_route=%2Fwp%2Fv2%2Fcategories&post=59396"},{"taxonomy":"post_tag","embeddable":true,"href":"https:\/\/israelmagazine.net\/index.php?rest_route=%2Fwp%2Fv2%2Ftags&post=59396"},{"taxonomy":"sujet","embeddable":true,"href":"https:\/\/israelmagazine.net\/index.php?rest_route=%2Fwp%2Fv2%2Fsujet&post=59396"}],"curies":[{"name":"wp","href":"https:\/\/api.w.org\/{rel}","templated":true}]}}