{"id":59403,"date":"2023-01-18T19:52:47","date_gmt":"2023-01-18T17:52:47","guid":{"rendered":"https:\/\/israelmagazine.net\/?p=59403"},"modified":"2023-01-18T19:52:47","modified_gmt":"2023-01-18T17:52:47","slug":"patrick-klugman-pourfendeur-dandre-darmon-sest-recueilli-sur-la-tombe-du-terroriste-arafat","status":"publish","type":"post","link":"https:\/\/israelmagazine.net\/?p=59403","title":{"rendered":"Patrick Klugman, pourfendeur d\\&rsquo;Andr\u00e9 Darmon, s\\&rsquo;est recueilli sur la tombe du terroriste Arafat"},"content":{"rendered":"<h2>Sur cette suite de clich\u00e9s datant de mai 2015, on identifie clairement Ma\u00eetre Patrick Klugman, accompagnant Anne Hidalgo sur le Mausol\u00e9e d\\&rsquo;Arafat, chef terroriste, responsable de la Seconde Intifada.<\/h2>\n<h3>Ce m\u00eame avocat sans vergogne traite Andr\u00e9 Darmon de \\\u00a0\u00bbcomplice\\\u00a0\u00bb de Dieudonn\u00e9, pour lui avoir permis d\\&rsquo;exprimer son repentir<\/h3>\n<p>&nbsp;<\/p>\n<p><img class=\\\"size-medium wp-image-59406 aligncenter\\\" src=\\\"https:\/\/israelmagazine.co.il\/wp-content\/uploads\/2023\/01\/2220ec23-4cfa-4177-b859-12971690077f-225x300.jpg\\\" alt=\\\"\\\" width=\\\"225\\\" height=\\\"300\\\" \/><\/p>\n<p>Anne Hidalgo est au premier plan, au nom de l\\&rsquo;Internationale Socialiste. Patrick Klugman, idiot utile, s\\&rsquo;est r\u00e9fugi\u00e9 dans le coin au fond de la pi\u00e8ce.<\/p>\n<p style=\\\"text-align: center;\\\"><img class=\\\"alignnone size-medium wp-image-59405\\\" src=\\\"https:\/\/israelmagazine.co.il\/wp-content\/uploads\/2023\/01\/Mon-projet-2023-01-18T193550.910-240x300.jpg\\\" alt=\\\"\\\" width=\\\"240\\\" height=\\\"300\\\" \/><\/p>\n<p style=\\\"text-align: center;\\\"><img class=\\\"alignnone size-medium wp-image-59407\\\" src=\\\"https:\/\/israelmagazine.co.il\/wp-content\/uploads\/2023\/01\/HIDALGO-RAMALLAH-300x195.jpg\\\" alt=\\\"\\\" width=\\\"300\\\" height=\\\"195\\\" \/><\/p>\n","protected":false},"excerpt":{"rendered":"<p>Sur cette suite de clich\u00e9s datant de mai 2015, on identifie clairement Ma\u00eetre Patrick Klugman, accompagnant Anne Hidalgo sur le Mausol\u00e9e d\\&rsquo;Arafat, chef terroriste, responsable de la Seconde Intifada. Ce m\u00eame avocat sans vergogne traite Andr\u00e9 Darmon de \\\u00a0\u00bbcomplice\\\u00a0\u00bb de Dieudonn\u00e9, pour lui avoir permis d\\&rsquo;exprimer son repentir &nbsp; Anne Hidalgo est au premier plan, &hellip;<\/p>\n<p class=\"read-more\"> <a class=\"\" href=\"https:\/\/israelmagazine.net\/?p=59403\"> <span class=\"screen-reader-text\">Patrick Klugman, pourfendeur d\\&rsquo;Andr\u00e9 Darmon, s\\&rsquo;est recueilli sur la tombe du terroriste Arafat<\/span> Lire la suite \u00bb<\/a><\/p>\n","protected":false},"author":4,"featured_media":59404,"comment_status":"open","ping_status":"open","sticky":false,"template":"","format":"standard","meta":{"site-sidebar-layout":"default","site-content-layout":"default","ast-global-header-display":"","ast-main-header-display":"","ast-hfb-above-header-display":"","ast-hfb-below-header-display":"","ast-hfb-mobile-header-display":"","site-post-title":"","ast-breadcrumbs-content":"","ast-featured-img":"","footer-sml-layout":"","theme-transparent-header-meta":"","adv-header-id-meta":"","stick-header-meta":"","header-above-stick-meta":"","header-main-stick-meta":"","header-below-stick-meta":""},"categories":[84,1621,1387],"tags":[1063,815],"sujet":[],"_links":{"self":[{"href":"https:\/\/israelmagazine.net\/index.php?rest_route=\/wp\/v2\/posts\/59403"}],"collection":[{"href":"https:\/\/israelmagazine.net\/index.php?rest_route=\/wp\/v2\/posts"}],"about":[{"href":"https:\/\/israelmagazine.net\/index.php?rest_route=\/wp\/v2\/types\/post"}],"author":[{"embeddable":true,"href":"https:\/\/israelmagazine.net\/index.php?rest_route=\/wp\/v2\/users\/4"}],"replies":[{"embeddable":true,"href":"https:\/\/israelmagazine.net\/index.php?rest_route=%2Fwp%2Fv2%2Fcomments&post=59403"}],"version-history":[{"count":0,"href":"https:\/\/israelmagazine.net\/index.php?rest_route=\/wp\/v2\/posts\/59403\/revisions"}],"wp:featuredmedia":[{"embeddable":true,"href":"https:\/\/israelmagazine.net\/index.php?rest_route=\/"}],"wp:attachment":[{"href":"https:\/\/israelmagazine.net\/index.php?rest_route=%2Fwp%2Fv2%2Fmedia&parent=59403"}],"wp:term":[{"taxonomy":"category","embeddable":true,"href":"https:\/\/israelmagazine.net\/index.php?rest_route=%2Fwp%2Fv2%2Fcategories&post=59403"},{"taxonomy":"post_tag","embeddable":true,"href":"https:\/\/israelmagazine.net\/index.php?rest_route=%2Fwp%2Fv2%2Ftags&post=59403"},{"taxonomy":"sujet","embeddable":true,"href":"https:\/\/israelmagazine.net\/index.php?rest_route=%2Fwp%2Fv2%2Fsujet&post=59403"}],"curies":[{"name":"wp","href":"https:\/\/api.w.org\/{rel}","templated":true}]}}