{"id":59451,"date":"2023-01-21T20:54:38","date_gmt":"2023-01-21T18:54:38","guid":{"rendered":"https:\/\/israelmagazine.net\/?p=59451"},"modified":"2023-01-21T20:54:38","modified_gmt":"2023-01-21T18:54:38","slug":"patrick-klugman-dans-le-mausolee-de-yasser-arafat","status":"publish","type":"post","link":"https:\/\/israelmagazine.net\/?p=59451","title":{"rendered":"Patrick Klugman, dans le Mausol\u00e9e de Yasser Arafat\u00a0?"},"content":{"rendered":"<h1><img class=\\\"alignnone size-medium wp-image-59455\\\" src=\\\"https:\/\/israelmagazine.co.il\/wp-content\/uploads\/2023\/01\/Mon-projet-2023-01-21T205204.066-300x157.jpg\\\" alt=\\\"\\\" width=\\\"300\\\" height=\\\"157\\\" \/><\/h1>\n<h1>Patrick Klugman,<\/h1>\n<h1>dans le Mausol\u00e9e de Yasser Arafat\u00a0?<\/h1>\n<p>&nbsp;<\/p>\n<p>Dans un tweet du 19 janvier 2023, vers 13h 15, l\u2019avocat Patrick Klugman conseiller de la Maire de Paris, Anne Hidalgo, par ailleurs grande perdante du scrutin pr\u00e9sidentiel, avec le score ridicule de 1,75% des voix, accuse le mensuel Isra\u00ebl Magazine de plusieurs choses\u00a0:<\/p>\n<p>&#8211;\u00a0\u00a0\u00a0\u00a0\u00a0\u00a0Il nous parle de \u00ab\u00a0virulence et d\u2019ignorance\u00a0\u00bb, de manque \u00ab\u00a0d\u2019honn\u00eatet\u00e9\u00a0\u00bb et \u00ab\u00a0d\u2019absolution\u00a0\u00bb de Dieudonn\u00e9, qu\u2019on chercherait \u00e0 \u00ab\u00a0r\u00e9habiliter\u00a0\u00bb.<\/p>\n<p>&#8211;\u00a0\u00a0\u00a0\u00a0\u00a0\u00a0Il pr\u00e9tend qu\u2019on aurait \u00ab exhum\u00e9 \u00bb ces photos de lui au Mausol\u00e9e d\\&rsquo;Arafat, alors qu\u2019il se tiendrait \u00ab scrupuleusement \u00bb \u00e0 l\u2019\u00e9cart.<\/p>\n<h2>L\\&rsquo;usage immod\u00e9r\u00e9 du r\u00e9quisitoire diffamant trahit une grande faiblesse<\/h2>\n<p>Tous cette agitation dilatoire distort les faits pour tenter de faire passer dans l\u2019opinion qu\u2019il reste, toujours, du bon c\u00f4t\u00e9 de l\u2019histoire. La m\u00eame semaine, il discr\u00e9dite l\u2019actuel gouvernement isra\u00e9lien en le fustigeant comme dangereux pour la d\u00e9mocratie, la non-discrimination et la Justice.<\/p>\n<p>Revenons-en aux clich\u00e9s que Patrick Klugman aurait pr\u00e9f\u00e9r\u00e9s qu\u2019ils ne paraissent jamais : il accompagnait sa chef de file Hidalgo, qui, elle, d\u00e9pose bien une gerbe et incline la t\u00eate en signe de recueillement sur la tombe d\u2019Arafat, un des plus grands tueurs de Juifs de l\u2019histoire, dans la lign\u00e9e du Grand Mufti de J\u00e9rusalem, Hajj Al Husseini. Klugman cherche \u00e0 minimiser ou nier sa pr\u00e9sence \u00e0 cette c\u00e9r\u00e9monie d\u2019apologie du terrorisme. Il \u00ab se tient scrupuleusement \u00bb \u00e0 l\u2019\u00e9cart, dit-il.<\/p>\n<h2>Pourquoi l\\&rsquo;h\u00e9ritage d\\&rsquo;Arafat importe en 2023 ?<\/h2>\n<p>\u00ab Exhumer \u00bb n\u2019est pas le terme appropri\u00e9 devant la s\u00e9pulture de quiconque. Mais pire, les enjeux des suites de l\u2019Intifada d\u00e9clench\u00e9e par Arafat, \u00e0 travers ses hommes de main, comme Marwan Barghouti, sont tr\u00e8s actuels -et non sortis du placard-. Ils expliquent, en filigrane, le sens des courants \u00e9lectoraux actuels. S\u2019il n\u2019y avait le terrorisme permanent \u00e0 J\u00e9nine et Naplouse, l\u2019influence de Ben Gvir et Smotrich serait sans doute moindre. Les Isra\u00e9liens francophones sont nombreux, parmi les partisans d\u2019une droite sioniste-religieuse, qui ne l\u00e2chera pas la Jud\u00e9e-Samarie et ne croit pas en la l\u00e9gitimit\u00e9 d\u2019Abou Mazen, comme garant de quoi que ce soit.<\/p>\n<h2>L\\&rsquo;incapacit\u00e9 \u00e0 se d\u00e9marquer de l\\&rsquo;hommage \u00e0 Arafat<\/h2>\n<p>Mais comment, en tant qu\u2019ancien leader \u00e9tudiant juif, n\u2019a-t-il jamais eu le cran de se d\u00e9solidariser de cette d\u00e9marche de soumission de Paris \u00e0 ceux qui l\u2019ont, plusieurs fois, mis \u00e0 feu et \u00e0 sang\u00a0(Rue des Rosiers, Copernic, d\u00e9tournement sur Entebbe, avec Septembre Noir, puis plus tard \u00e0 Hypercasher, etc.)\u202f? Pourquoi n\u2019a-t-il jamais d\u00e9conseill\u00e9 cette d\u00e9marche qui offensait la communaut\u00e9 juive, touch\u00e9e en France par les cons\u00e9quences de l\u2019Intifada\u00a0?<\/p>\n<p>La posture du juif honteux Klugman est pire que s\u2019il avait, lui-m\u00eame, d\u00e9pos\u00e9 la gerbe\u00a0: il se cache litt\u00e9ralement dans le coin, \u00e0 l\u2019extr\u00eame-gauche de la pi\u00e8ce, comme pour s\u2019effacer dans l\u2019ombre\u00a0!<\/p>\n<h2>Petits arrangements s\u00e9mantiques<\/h2>\n<p>\u00c0 elles seules, ces photos r\u00e9sument toute la carri\u00e8re politique du personnage. Nomm\u00e9 adjoint PS, charg\u00e9 des relations internationales de la Maire de Paris, l\u2019ancien Pr\u00e9sident de l\u2019UEJF d\u00e9montre depuis toujours une parfaite ambivalence \u00e0 propos d\u2019Isra\u00ebl et de la cause des Juifs qu\u2019il pr\u00e9tend d\u00e9fendre.<\/p>\n<p>Alors qu\u2019\u00e9clate l\u2019Intifada et que le ministre de l\u2019Int\u00e9rieur, Daniel Vaillant, et celui des Affaires \u00e9trang\u00e8res, Hubert Vedrine, \u00ab d\u00e9nient, excusent et pardonnent \u00bb aux conducteurs de voitures-b\u00e9liers contre les synagogues de France ou ceux qui y mettent le feu, Patrick Klugman forge, chez Ardisson (12 f\u00e9vrier 2003), le slogan commode de \u00ab Sioniste Pro-Palestinien \u00bb. L\\&rsquo;oxymore est cens\u00e9 r\u00e9soudre, d\u2019un coup, toutes les asp\u00e9rit\u00e9s du conflit dont souffrent Isra\u00ebl et les diasporas. Il use d\u2019une pirouette, comme si le soul\u00e8vement r\u00e9sultait d\\&rsquo;un simple conflit de territoire et n\\&rsquo;\u00e9tait pas li\u00e9 au rejectionnisme religieux musulman.<\/p>\n<h2>Affaire Morin : Flagorneries envers \\\u00a0\u00bbl\\&rsquo;intelligentsia\\\u00a0\u00bb<\/h2>\n<p>L\u2019ancien vice-pr\u00e9sident de SOS-Racisme croit s\u2019\u00e9viter toute la charge de d\u00e9plaire \u00e0 certains, en tentant d\u2019en s\u00e9duire d\u2019autres par des jeux de mots inconciliables \u00e0 ce moment de sa carri\u00e8re. \u00c0 cette \u00e9poque, comme le rappelle <a href=\\\"https:\/\/www.dreuz.info\/page\/1?s=b%C3%AAtisier\\\" data-saferedirecturl=\\\"https:\/\/www.google.com\/url?q=https:\/\/www.dreuz.info\/page\/1?s%3Db%25C3%25AAtisier&amp;source=gmail&amp;ust=1674409473771000&amp;usg=AOvVaw3x-S3W5cfwxRVDF2Xxt6d6\\\">Dreuz-Info<\/a>, dans son b\u00eatiser, la baudruche vient de se d\u00e9gonfler, lors d\u2019une action intent\u00e9e contre Edgar Morin et Le Monde, \u00e0 propos d\u2019un texte incendiaire, incriminant nomm\u00e9ment \u00ab\u00a0Les Juifs\u00a0\u00bb, sur le th\u00e8me\u00a0:\u00a0\u00ab Les Juifs prennent plaisir \u00e0 humilier les Palestiniens \u00bb.<\/p>\n<p>C\u2019est Klugman qui fait expulser Philippe de Villiers -fils d\u2019ancien d\u00e9port\u00e9-r\u00e9sistant- du cort\u00e8ge comm\u00e9morant Ilan Halimi, en juin 2006, par pur sectarisme. Klugman diffame Rudy Haddad, victime d\u2019antis\u00e9mitisme, en lui faisant une r\u00e9putation de \\\u00a0\u00bbd\u00e9linquant\\\u00a0\u00bb, alors qu\u2019il est \u00e0 l\u2019h\u00f4pital entre la vie et la mort.<\/p>\n<h2>Se compromettre avec les boycotteurs d\\&rsquo;Isra\u00ebl<\/h2>\n<p>Mais, pour le courageux Klugman, le \u00ab\u00a0boycott d\u2019Isra\u00ebl\u00a0\u00bb est parfaitement acceptable, car ce n\u2019est pas du \u00ab\u00a0racisme\u00a0\u00bb\u00a0: alors quoi d\u2019autre, si un seul pays au monde est vis\u00e9 par les groupes comme BDS\u00a0? Cl\u00e9ment Weil- Raynal d\u00e9nonce cette attitude, qui donne raison \u00e0 St\u00e9phane Hessel, publi\u00e9 \u00e0 la \u00ab\u00a0Maison des Potes\u00a0\u00bb et SOS-Racisme porte plainte contre le journaliste.<\/p>\n<h2>Un pr\u00e9curseur de Qatennens ni-vu-ni-connu<\/h2>\n<p>On pourrait continuer la longue liste des m\u00e9faits de Patrick Klugman en tant que pourfendeur d\u2019Isra\u00ebl et des Juifs qui ont choisi et assument d\u2019y vivre et d\u2019y travailler, comme Andr\u00e9 Darmon, patron d\u2019Isra\u00ebl Magazine depuis 1998. Dans d\u2019autres registres, ce pr\u00e9tendu \u00ab\u00a0d\u00e9fenseur des Femen et de la cause des opprim\u00e9.e.s\u00a0\u00bb en g\u00e9n\u00e9ral, essuie\u00a0<a href=\\\"https:\/\/www.valeursactuelles.com\/faits-divers\/info-va-patrick-klugman-avocat-des-femen-et-adjoint-dhidalgo-accuse-de-violences-conjugales\\\" data-saferedirecturl=\\\"https:\/\/www.google.com\/url?q=https:\/\/www.valeursactuelles.com\/faits-divers\/info-va-patrick-klugman-avocat-des-femen-et-adjoint-dhidalgo-accuse-de-violences-conjugales&amp;source=gmail&amp;ust=1674409473771000&amp;usg=AOvVaw2MnlVJZP2d_VTGs20CJuaz\\\">deux plaintes de son ex-\u00e9pouse pour violences conjugales<\/a>, en 2017, qu\u2019elle \u00e9rige en cause principale du divorce intervenu. De mauvaise foi, Klugman retourne l\u2019accusation en diffamation. \u00c0 l\\&rsquo;heure de \\\u00a0\u00bbMee Too\\\u00a0\u00bb et de l\\&rsquo;affaire Quatennens, cette attitude m\u00e9riterait d\\&rsquo;\u00eatre scrut\u00e9e de plus pr\u00e8s par la gauche et sa protectrice Anne Hidalgo.<\/p>\n<h2>Jeter Isra\u00ebl avec l\\&rsquo;eau du bain (de boue)<\/h2>\n<p>Notons que, dans tous les domaines, le l\u00e2che Patrick Klugman opte toujours pour la posture la plus d\u00e9testable. Il est tr\u00e8s souvent \u00ab\u00a0complice\u00a0\u00bb de complaisance anti-isra\u00e9lienne, comme dans\u00a0<a href=\\\"https:\/\/israel247.org\/2023\/01\/sur-rcj-patrick-klugman-revele-une-grande-ignorance-dans-son-attaque-contre-le-gouvernement-netanyahou\/\\\" data-saferedirecturl=\\\"https:\/\/www.google.com\/url?q=https:\/\/israel247.org\/2023\/01\/sur-rcj-patrick-klugman-revele-une-grande-ignorance-dans-son-attaque-contre-le-gouvernement-netanyahou\/&amp;source=gmail&amp;ust=1674409473771000&amp;usg=AOvVaw0jZGi9IVQNoM8s0eLfwaTP\\\">sa derni\u00e8re interview sur RCJ<\/a>, ou sa tol\u00e9rance coupable au Boycott, son imposture contrite et masqu\u00e9e au Mausol\u00e9e, son hostilit\u00e9 contre un fils de r\u00e9sistant dans un d\u00e9fil\u00e9 ou \u00e0 des journalistes juifs, consid\u00e9r\u00e9s de droite, ses attaques contre des victimes juives ou femmes\u2026<\/p>\n<p>Mais la question demeure\u00a0: au nom de qui et de quoi ce monsieur qui ne repr\u00e9sente que lui-m\u00eame et une gauche lamin\u00e9e par les diff\u00e9rents scrutins, se permet-il de donner des le\u00e7ons \u00e0 ceux qui assument leurs prises de d\u00e9cision\u00a0?<\/p>\n<h2>Le faux proc\u00e8s d\\&rsquo;intention envers Andr\u00e9 Darmon<\/h2>\n<p>Personne n\u2019a \u00ab\u00a0pardonn\u00e9\u00a0\u00bb les yeux ferm\u00e9s au personnage de Dieudonn\u00e9, qu\u2019il n\u2019a \u00e9t\u00e9 question que de \u00ab\u00a0raccompagner (le menteur) jusqu\u2019\u00e0 la porte\u00a0\u00bb, en suivant de tr\u00e8s pr\u00e8s son potentiel parcours de r\u00e9paration, \u00e0 la demande de Francis Lalanne, qu\u2019on ne taxera pas d\u2019antis\u00e9mitisme.<\/p>\n<p>Ce n\u2019est pas le seul privil\u00e9gi\u00e9 de la Gauche Caviar parisienne \u00e0 avoir adopt\u00e9 cette posture, pour tenter de redorer son blason de Justicier, avec Gil Ta\u00efeb et plusieurs autres diseurs du \u00ab\u00a0Bien absolu\u00a0\u00bb.<\/p>\n<p>Il reste surprenant que la communaut\u00e9 juive parisienne n\u2019ait pas eu la perspicacit\u00e9 de comprendre que les deux positions peuvent \u00eatre compl\u00e9mentaires :<\/p>\n<p>&#8211;\u00a0\u00a0\u00a0\u00a0\u00a0\u00a0l\u2019une ayant l\u2019audace d\u2019avancer en terrain que tout le monde reconna\u00eet comme \u00ab\u00a0min\u00e9\u00a0\u00bb &#8211; et ne doit-on pas, d\\&rsquo;urgence, \\\u00a0\u00bbd\u00e9miner\\\u00a0\u00bb le terrain en France des perceptions du conflit palestino-isra\u00e9lien? -,<\/p>\n<p>&#8211;\u00a0\u00a0\u00a0\u00a0\u00a0\u00a0et l\u2019autre demeurant sur la r\u00e9serve, tant que les jalons de l\u2019expiation, repentance ou\/et r\u00e9paration ne sont pas suffisamment probants.<\/p>\n<h2>L\u00e9zardes dans le mur antis\u00e9mite en France<\/h2>\n<p>On a toujours eu le droit d\u2019exprimer son \u00ab\u00a0droit de r\u00e9serve\u00a0\u00bb sur une affaire avec de telles r\u00e9sonances. Qui est juge, \u00e0 terme, de la \u00ab\u00a0sinc\u00e9rit\u00e9\u00a0\u00bb, en mati\u00e8re de spectacle, ou de politique-spectacle\u00a0? Qui a la pr\u00e9tention de sonder les reins et les c\u0153urs\u00a0? Patrick Klugman, Gil Ta\u00efeb, admirateur du n\u00e9gationniste-antisioniste Desmond Tutu\u00a0?<\/p>\n<p>Ce qui demeure pertinent, c\u2019est la fracture enregistr\u00e9e dans les certitudes du camp antisioniste, lors de ce happening, c\u2019est l\u2019influence \u00e9ventuelle qu\u2019aura cette d\u00e9marche sur d\u2019autres, de m\u00eames ob\u00e9diences.<\/p>\n<p>Seul un r\u00e9sultat \u00e0 long terme peut compter, et non les pirouettes de certains clowns, se pr\u00e9tendant repr\u00e9sentants de la vox populi\u00a0\u00bb juive. Leur r\u00e9el pouvoir sur l\u2019opinion est de plus en plus maigre, \u00e0 mesure qu\u2019ils se prononcent. Surtout quand c\u2019est pour d\u00e9noncer Isra\u00ebl comme un \u00c9tat \u00ab\u00a0de non-droit\u00a0\u00bb.<\/p>\n<h2 style=\\\"font-weight: 400;\\\"><strong>\u00a0L\\&rsquo;Oeuvre d\\&rsquo;Andr\u00e9<\/strong><\/h2>\n<p style=\\\"font-weight: 400;\\\">Apr\u00e8s un travail b\u00e9n\u00e9vole et colossal de plusieurs ann\u00e9es \u00e0 la t\u00eate d e la communaut\u00e9 francophone d\\&rsquo;Isra\u00ebl dans les ann\u00e9es 2000, Andre a cr\u00e9\u00e9 Israel Magazine. Voici quels hauts faits :<\/p>\n<h2>Avant les autres sur l\\&rsquo;Affaire Al Dura (n\u00b07 d\\&rsquo;Israel-Magazine)<\/h2>\n<p>Rappelons qu\\&rsquo;Andr\u00e9 Darmon, le premier, avant les Karsenty et autres journalistes, avait d\u00e9nonc\u00e9 l\u2019instrumentalisation de la\u00a0mort de Mohamed al Dura ( dans le Num\u00e9ro 7 d\\&rsquo;Isra\u00ebl\u00a0Magazine). Il avait d\u00e9nonc\u00e9 Charles Enderlin qui avait menti \u00e0 propos de\u00a0cette\u00a0mort (sujette \u00e0 caution) en accusant\u00a0Tsahal d\\&rsquo;avoir tu\u00e9 l\\&rsquo;enfant. C\\&rsquo;est encore Andr\u00e9 qui quelques ann\u00e9es\u00a0plus tard \u00e0 la demande de Charles Enderlin interviewera ce dernier (Andr\u00e9 fut alors le seul journaliste\u00a0auquel Enderlin accordera\u00a0une interview et de plus \u00e0 la demande m\u00eame d\\&rsquo;Enderlin).<\/p>\n<p>L\u2019Interview mettra d\u00e9finitivement \u00e0 jour, selon Andr\u00e9, la responsabilit\u00e9 d\u2019Enderlin, non seulement dans la seconde\u00a0Intifada, mais aussi dans la mort de Daniel Pearl.<\/p>\n<h2>Le r\u00e9v\u00e9lateur du c\u00f4t\u00e9 obscur de Djamel Debbouze<\/h2>\n<p>C\\&rsquo;est Andr\u00e9, sur le plan national fran\u00e7ais, qui d\u00e9couvre le scandale de Djamel Debbouze en se rendant \u00e0 l\\&rsquo;\u00eele de la \u00a0R\u00e9union. Il d\u00e9couvrira, l\u00e0-bas, selon les mots m\u00eame de la m\u00e8re de l\u2019enfant assassin\u00e9, que JAMEL Debbouze aVAIT TU\u00c9 l\\&rsquo;UN DE ses camarades de jeux, le poussant sur la voie ferr\u00e9e en gare de Trappes, CE QUI EXPLIQUE son handicap \u00e0 la main car il fut percut\u00e9 par un train qui arrivait en sens inverse. Tout cela au moment m\u00eame o\u00f9 DEBBOUZE se rapprochait DANGEREUSEMENT DE DIEUDONN\u00c9. L\u2019Enqu\u00eate d\u2019Andr\u00e9 l\u2019avait calm\u00e9.<\/p>\n<h2>La confrontation face-\u00e0-face avec Dieudonn\u00e9<\/h2>\n<p>C\\&rsquo;est encore le seul journaliste juif ou\/et isra\u00e9lien ayant rencontr\u00e9 et interview\u00e9 \u00e0 l\u2019\u00e9poque Dieudonn\u00e9 pour comprendre sur pi\u00e8ces le \\&rsquo;\\&rsquo;ph\u00e9nom\u00e8ne\\&rsquo;\\&rsquo; puis l\u2019avoir d\u00e9nonc\u00e9 rageusement. Il lui avait reproch\u00e9 d\u2019avoir arm\u00e9 la main, entre autres, des assassins d\u2019Ilan Halimi.<\/p>\n<h2>Forex et options binaires<\/h2>\n<p>C\u2019est encore Andr\u00e9 dans une enqu\u00eate masqu\u00e9e dans certains call centers francophones d\u2019Isra\u00ebl qui avait mis \u00e0 jour les escroqueries du Forex et des options binaires. Il avait alors \u00e9t\u00e9 menac\u00e9 de mort. Et avait publiquement d\u00e9clar\u00e9 que voler un non juif \u00e9tait aussi grave que voler un juif et que beaucoup avaient trahi l\u2019esprit du Talmud. N\u2019oublions pas l\u2019\u2019enqu\u00eate bas\u00e9e sur les travaux de Forbes sur les comptes en banque personnels extr\u00eamement fournis de Rabbins isra\u00e9liens.<\/p>\n<h2>Le coup d\\&rsquo;\u00e9tat judiciaire et ses rebondissements actuels<\/h2>\n<p>Israel Magazine sera le seul m\u00e9dia francophone isra\u00e9lien qui a d\u00e9nonc\u00e9 et publi\u00e9 les arcanes du coup d\u2019Etat Judiciaire contre Bibi Netanyahou et l\\&rsquo;a soutenu m\u00eame si les options politiques de Bibi n\\&rsquo;\u00e9taient pas celles d\\&rsquo;Andr\u00e9.<\/p>\n<p>Il rappelle qu\\&rsquo;il n\\&rsquo;est ni l\\&rsquo;ami de Dieudonn\u00e9, ni son attach\u00e9 de presse, ni son confesseur, ni\u00a0 son juge. Andre \u00e9tait au courant de la volont\u00e9 de faire la paix de Dieudonn\u00e9 et que ce dernier avait sollicit\u00e9 un autre m\u00e9dia t\u00e9l\u00e9visuel. La lettre etait claire. et Andre a bien expliqu\u00e9 que <em><strong>chacun pourrait se forger sa propre opinion<\/strong><\/em>. Il a demande au cours de son interview des gestes forts \u00e0 Dieudonn\u00e9. Le premier, se rendre \u00e0 Auschwitz pour se recueillir, a \u00e9t\u00e9 repouss\u00e9 par le Grand rabbin de France.<\/p>\n<p>&nbsp;<\/p>\n","protected":false},"excerpt":{"rendered":"<p>Patrick Klugman, dans le Mausol\u00e9e de Yasser Arafat\u00a0? &nbsp; Dans un tweet du 19 janvier 2023, vers 13h 15, l\u2019avocat Patrick Klugman conseiller de la Maire de Paris, Anne Hidalgo, par ailleurs grande perdante du scrutin pr\u00e9sidentiel, avec le score ridicule de 1,75% des voix, accuse le mensuel Isra\u00ebl Magazine de plusieurs choses\u00a0: &#8211;\u00a0\u00a0\u00a0\u00a0\u00a0\u00a0Il nous &hellip;<\/p>\n<p class=\"read-more\"> <a class=\"\" href=\"https:\/\/israelmagazine.net\/?p=59451\"> <span class=\"screen-reader-text\">Patrick Klugman, dans le Mausol\u00e9e de Yasser Arafat\u00a0?<\/span> Lire la suite \u00bb<\/a><\/p>\n","protected":false},"author":4,"featured_media":59457,"comment_status":"open","ping_status":"open","sticky":false,"template":"","format":"standard","meta":{"site-sidebar-layout":"default","site-content-layout":"default","ast-global-header-display":"","ast-main-header-display":"","ast-hfb-above-header-display":"","ast-hfb-below-header-display":"","ast-hfb-mobile-header-display":"","site-post-title":"","ast-breadcrumbs-content":"","ast-featured-img":"","footer-sml-layout":"","theme-transparent-header-meta":"","adv-header-id-meta":"","stick-header-meta":"","header-above-stick-meta":"","header-main-stick-meta":"","header-below-stick-meta":""},"categories":[84,1621,814,841,1674,1191],"tags":[1063,1001,1105],"sujet":[],"_links":{"self":[{"href":"https:\/\/israelmagazine.net\/index.php?rest_route=\/wp\/v2\/posts\/59451"}],"collection":[{"href":"https:\/\/israelmagazine.net\/index.php?rest_route=\/wp\/v2\/posts"}],"about":[{"href":"https:\/\/israelmagazine.net\/index.php?rest_route=\/wp\/v2\/types\/post"}],"author":[{"embeddable":true,"href":"https:\/\/israelmagazine.net\/index.php?rest_route=\/wp\/v2\/users\/4"}],"replies":[{"embeddable":true,"href":"https:\/\/israelmagazine.net\/index.php?rest_route=%2Fwp%2Fv2%2Fcomments&post=59451"}],"version-history":[{"count":0,"href":"https:\/\/israelmagazine.net\/index.php?rest_route=\/wp\/v2\/posts\/59451\/revisions"}],"wp:featuredmedia":[{"embeddable":true,"href":"https:\/\/israelmagazine.net\/index.php?rest_route=\/"}],"wp:attachment":[{"href":"https:\/\/israelmagazine.net\/index.php?rest_route=%2Fwp%2Fv2%2Fmedia&parent=59451"}],"wp:term":[{"taxonomy":"category","embeddable":true,"href":"https:\/\/israelmagazine.net\/index.php?rest_route=%2Fwp%2Fv2%2Fcategories&post=59451"},{"taxonomy":"post_tag","embeddable":true,"href":"https:\/\/israelmagazine.net\/index.php?rest_route=%2Fwp%2Fv2%2Ftags&post=59451"},{"taxonomy":"sujet","embeddable":true,"href":"https:\/\/israelmagazine.net\/index.php?rest_route=%2Fwp%2Fv2%2Fsujet&post=59451"}],"curies":[{"name":"wp","href":"https:\/\/api.w.org\/{rel}","templated":true}]}}