{"id":59459,"date":"2023-01-21T21:46:01","date_gmt":"2023-01-21T19:46:01","guid":{"rendered":"https:\/\/israelmagazine.net\/?p=59459"},"modified":"2023-01-21T21:46:01","modified_gmt":"2023-01-21T19:46:01","slug":"le-pardon-est-il-toujours-possible","status":"publish","type":"post","link":"https:\/\/israelmagazine.net\/?p=59459","title":{"rendered":"Le Pardon est-il toujours possible ?"},"content":{"rendered":"<h2 style=\\\"font-weight: 400;\\\"><strong>Le Pardon est-il toujours possible ?<\/strong><\/h2>\n<p style=\\\"font-weight: 400;\\\">\u00ab Et si le m\u00e9chant revient de sa m\u00e9chancet\u00e9 et qu\\&rsquo;il pratique le droit et la vertu, il sauvera sa vie \u00bb (Ez\u00e9chiel 18 : 27)<\/p>\n<p style=\\\"font-weight: 400;\\\">\n<h3 style=\\\"font-weight: 400;\\\"><strong>Par Ha\u00efm Ouizemann\u00a0\u00a0\u00a0\u00a0\u00a0\u00a0\u00a0<\/strong><\/h3>\n<p style=\\\"font-weight: 400;\\\">\n<p style=\\\"font-weight: 400;\\\">Depuis d\u00e9j\u00e0 plusieurs jours la communaut\u00e9 juive, particuli\u00e8rement en France, se divise sur la question du pardon envers l\\&rsquo;humoriste Dieudonn\u00e9\u00a0M\\&rsquo;Bala M\\&rsquo;Bala. La pol\u00e9mique s\\&rsquo;est d\u00e9velopp\u00e9e d\u00e8s la publication par notre ami journaliste et r\u00e9dacteur en chef d\\&rsquo;Isra\u00ebl Magazine Andr\u00e9 Darmon d\\&rsquo;une lettre[1]\u00a0dans laquelle l\\&rsquo;humoriste exprime sa volont\u00e9 de reconna\u00eetre ses graves fautes d\\&rsquo;antis\u00e9mitisme envers la communaut\u00e9 juive en demandant pardon \u00e0 cette derni\u00e8re. Avons-nous le devoir et\/ou le pouvoir de pardonner ? Quelles sont les conditions du pardon fix\u00e9es par la Tradition h\u00e9bra\u00efque ?<\/p>\n<h2 style=\\\"font-weight: 400;\\\"><strong>Pr\u00e9liminaires<\/strong><\/h2>\n<p style=\\\"font-weight: 400;\\\">Il nous faut avant tout pr\u00e9ciser qu\\&rsquo;Andr\u00e9 Darmon, r\u00e9dacteur en chef d\\&rsquo;Isra\u00ebl Magazine, a fait preuve de courage journalistique en publiant cette lettre, car il \u00e9tait quasiment \u00e9vident qu\\&rsquo;il s\\&rsquo;attirerait les foudres de la communaut\u00e9 juive en France. Ce courage est d\\&rsquo;autant plus louable qu\\&rsquo;Andr\u00e9 Darmon, \u00e0 son corps d\u00e9fendant, avait d\u00e9j\u00e0 d\u00e9nonc\u00e9 publiquement et \u00e0 plusieurs reprises la virulence de l\\&rsquo;antis\u00e9mitisme de Dieudonn\u00e9, condamn\u00e9 par la justice en France et en Suisse pour discrimination raciale, diffamation et injures.<\/p>\n<h2>Un catalyseur de haine<\/h2>\n<p style=\\\"font-weight: 400;\\\">N\\&rsquo;oublions jamais que Dieudonn\u00e9, dans toutes les banlieues de France, a \u00e9t\u00e9 \u00e0 l\\&rsquo;origine de la cr\u00e9ation d\\&rsquo;un climat antis\u00e9mite naus\u00e9abond favorable au meurtre d\\&rsquo;Ilan Halimi (2006) par \u00ab le gang des barbares \u00bb ; qu\\&rsquo;il invitera sur la sc\u00e8ne du Z\u00e9nith le r\u00e9visionniste Robert Faurisson (2008) et qu\\&rsquo;en visite en Iran, il est re\u00e7u officiellement et avec tous les honneurs par le pr\u00e9sident Mahmoud Ahmadinejad qui pr\u00f4ne ouvertement la destruction de l\\&rsquo;\u00e9tat sioniste d\\&rsquo;Isra\u00ebl. En outre, il fut candidat d\\&rsquo;une liste antisioniste aux \u00e9lections europ\u00e9ennes (2009) et aux l\u00e9gislatives de 2012, avant que le parti, cr\u00e9\u00e9 en 2009 \u00e0 la suite de l\\&rsquo;op\u00e9ration Plomb Durci par Yahia Gouasmi, Fran\u00e7ais d\\&rsquo;origine alg\u00e9rienne et Musulman Chiite, qui se d\u00e9finit comme \u00ab un soldat de l\\&rsquo;Imam Khomeini en France \u00bb[2], soit dissout en conseil des Ministres par le ministre de l\\&rsquo;Int\u00e9rieur Christophe Castaner en 2019.<\/p>\n<p><span style=\\\"font-weight: 400;\\\">Alors, aujourd\\&rsquo;hui, quelle peut \u00eatre notre attitude face \u00e0 un homme qui \u00a0<\/span><\/p>\n<p>[1] <a href=\\\"https:\/\/israelmagazine.co.il\/je-demande-pardon-dieudonne\\\">https:\/\/israelmagazine.co.il\/je-demande-pardon-dieudonne<\/a>\/ \u2013 Lettre parue le 10 janvier 2023.<\/p>\n<p>[2] Cit\u00e9 par Gilles Kepel, \u00ab Passion fran\u00e7aise. Les voix des cit\u00e9s \u00bb. \u00c9ditions Gallimard, 2014.<\/p>\n<p>&nbsp;<\/p>\n<p><strong>La suite de l\u2019article se trouve dans le prochain num\u00e9ro d\u2019Isra\u00ebl Magazine<\/strong><\/p>\n<p><strong>D\u00e9couvrez un exemplaire du magazine gratuitement et cliquez ensuite sur le rebord droit<\/strong><\/p>\n<p><a href=\\\"https:\/\/online.fliphtml5.com\/rjspi\/ypmm\/#p=1\\\"><strong>https:\/\/online.fliphtml5.com\/rjspi\/ypmm\/#p=1<\/strong><\/a><\/p>\n<p><strong>Votre magazine est livr\u00e9 chez vous en toute confidentialit\u00e9<br \/>\nS\u2019abonner au magazine par t\u00e9l\u00e9phone ou par whats app 00972 (0) 54 254 45 20 ou au 01 86 98 27 27<\/strong><\/p>\n<p><strong>Par email\u00a0\u00a0<\/strong><a href=\\\"mailto:Andredarmon21@gmail.com\\\"><strong>Andredarmon21@gmail.com<\/strong><\/a><strong>\u00a0 pay pal<\/strong><\/p>\n<p><strong>Ou directement sur le site<\/strong><\/p>\n<p><a href=\\\"https:\/\/israelmagazine.co.il\/sabonner-au-magazine\/\\\"><strong>https:\/\/israelmagazine.co.il\/sabonner-au-magazine\/<\/strong><\/a><\/p>\n<p><strong>Loi du Retour ou qui est Juif ?Ou encore S\u2019abonner au magazine livr\u00e9 chez vous en toute confidentialit\u00e9. Remplir le formulaire<\/strong><\/p>\n<p><a href=\\\"https:\/\/docs.google.com\/forms\/d\/e\/1FAIpQLSfPYJfb8KjEya-X17w0DGPAuBlCGvqVUdh_Is8EL810Lxw82A\/viewform?entry.1189475001=Recipient_Email\\\"><strong>https:\/\/docs.google.com\/forms\/d\/e\/1FAIpQLSfPYJfb8KjEya-X17w0DGPAuBlCGvqVUdh_Is8EL810Lxw82A\/viewform?entry.1189475001=Recipient_Email<\/strong><\/a><\/p>\n","protected":false},"excerpt":{"rendered":"<p>Le Pardon est-il toujours possible ? \u00ab Et si le m\u00e9chant revient de sa m\u00e9chancet\u00e9 et qu\\&rsquo;il pratique le droit et la vertu, il sauvera sa vie \u00bb (Ez\u00e9chiel 18 : 27) Par Ha\u00efm Ouizemann\u00a0\u00a0\u00a0\u00a0\u00a0\u00a0\u00a0 Depuis d\u00e9j\u00e0 plusieurs jours la communaut\u00e9 juive, particuli\u00e8rement en France, se divise sur la question du pardon envers l\\&rsquo;humoriste Dieudonn\u00e9\u00a0M\\&rsquo;Bala &hellip;<\/p>\n<p class=\"read-more\"> <a class=\"\" href=\"https:\/\/israelmagazine.net\/?p=59459\"> <span class=\"screen-reader-text\">Le Pardon est-il toujours possible ?<\/span> Lire la suite \u00bb<\/a><\/p>\n","protected":false},"author":4,"featured_media":59460,"comment_status":"open","ping_status":"open","sticky":false,"template":"","format":"standard","meta":{"site-sidebar-layout":"default","site-content-layout":"default","ast-global-header-display":"","ast-main-header-display":"","ast-hfb-above-header-display":"","ast-hfb-below-header-display":"","ast-hfb-mobile-header-display":"","site-post-title":"","ast-breadcrumbs-content":"","ast-featured-img":"","footer-sml-layout":"","theme-transparent-header-meta":"","adv-header-id-meta":"","stick-header-meta":"","header-above-stick-meta":"","header-main-stick-meta":"","header-below-stick-meta":""},"categories":[84,1621,814,1673,1674,1191],"tags":[1063,937,1105],"sujet":[],"_links":{"self":[{"href":"https:\/\/israelmagazine.net\/index.php?rest_route=\/wp\/v2\/posts\/59459"}],"collection":[{"href":"https:\/\/israelmagazine.net\/index.php?rest_route=\/wp\/v2\/posts"}],"about":[{"href":"https:\/\/israelmagazine.net\/index.php?rest_route=\/wp\/v2\/types\/post"}],"author":[{"embeddable":true,"href":"https:\/\/israelmagazine.net\/index.php?rest_route=\/wp\/v2\/users\/4"}],"replies":[{"embeddable":true,"href":"https:\/\/israelmagazine.net\/index.php?rest_route=%2Fwp%2Fv2%2Fcomments&post=59459"}],"version-history":[{"count":0,"href":"https:\/\/israelmagazine.net\/index.php?rest_route=\/wp\/v2\/posts\/59459\/revisions"}],"wp:featuredmedia":[{"embeddable":true,"href":"https:\/\/israelmagazine.net\/index.php?rest_route=\/"}],"wp:attachment":[{"href":"https:\/\/israelmagazine.net\/index.php?rest_route=%2Fwp%2Fv2%2Fmedia&parent=59459"}],"wp:term":[{"taxonomy":"category","embeddable":true,"href":"https:\/\/israelmagazine.net\/index.php?rest_route=%2Fwp%2Fv2%2Fcategories&post=59459"},{"taxonomy":"post_tag","embeddable":true,"href":"https:\/\/israelmagazine.net\/index.php?rest_route=%2Fwp%2Fv2%2Ftags&post=59459"},{"taxonomy":"sujet","embeddable":true,"href":"https:\/\/israelmagazine.net\/index.php?rest_route=%2Fwp%2Fv2%2Fsujet&post=59459"}],"curies":[{"name":"wp","href":"https:\/\/api.w.org\/{rel}","templated":true}]}}