{"id":59465,"date":"2023-01-22T07:48:39","date_gmt":"2023-01-22T05:48:39","guid":{"rendered":"https:\/\/israelmagazine.net\/?p=59465"},"modified":"2023-01-22T07:48:39","modified_gmt":"2023-01-22T05:48:39","slug":"les-apparatchiks-de-la-communaute-juive-francaise-andre-darmon","status":"publish","type":"post","link":"https:\/\/israelmagazine.net\/?p=59465","title":{"rendered":"Les Apparatchiks de la communaut\u00e9 juive fran\u00e7aise, Andr\u00e9 Darmon"},"content":{"rendered":"<h1>Les Apparatchiks de la communaut\u00e9 juive fran\u00e7aise<\/h1>\n<p><img class=\\\"alignnone size-medium wp-image-59469\\\" src=\\\"https:\/\/israelmagazine.co.il\/wp-content\/uploads\/2023\/01\/darmonbv1-300x225.jpg\\\" alt=\\\"\\\" width=\\\"300\\\" height=\\\"225\\\" \/><\/p>\n<h2>Par Andr\u00e9 Darmon<\/h2>\n<p>Je ne r\u00e9pondrai pas \u00e0 certains apparatchiks de la communaut\u00e9 juive fran\u00e7aise qui m\\&rsquo;insultent (tout est enregistr\u00e9) et font sembler d\\&rsquo;oublier qu\\&rsquo;ils \u00e9taient ou qu\\&rsquo;ils sont encore des lecteurs ou des abonn\u00e9s du magazine. En leur temps, ils fr\u00e9tillaient pour se faire interviewer dans nos colonnes ou de voir leurs bouquins promus.<\/p>\n<p>\u00c0 l\\&rsquo;\u00e9poque, j\\&rsquo;\u00e9tais apparemment un meilleur journaliste. Je ne leur dois rien, contrairement \u00e0 d\\&rsquo;autres organes juifs de presse, \u00e0 des magazines fran\u00e7ais ou m\u00eame isra\u00e9liens qui m\\&rsquo;ont donn\u00e9 honn\u00eatement la parole. Ils surfent sur les radios communautaires qui se d\u00e9shonorent (pas toutes), sans qu\\&rsquo;il m\\&rsquo;ait \u00e9t\u00e9 donn\u00e9 <em><strong>un droit de r\u00e9ponse<\/strong><\/em>, (ce qui est tout \u00e0 fait <strong><em>ill\u00e9gal<\/em><\/strong>). Je ne crains personne en d\u00e9bat, n\\&rsquo;est-ce pas Klugman? Aussi, je vous attends vous ou vos acolytes sur n\\&rsquo;importe quel m\u00e9dia pour d\u00e9battre puisque vous semblez parler tout seul.<\/p>\n<h2>Comme c\\&rsquo;est facile!<\/h2>\n<p>Par ailleurs, je vais m\u00eame proposer un d\u00e9bat \u00e0 Soral pour lui apprendre d\u00e9j\u00e0\u00a0 (mais pas que) que ses anc\u00eatres \u00e9taient autrichiens, ce qui pourrait expliquer beaucoup de choses quant \u00e0 son antis\u00e9mitisme primaire et \u00e9chevel\u00e9.<\/p>\n<p>Revenons \u00e0 ces <a href=\\\"https:\/\/israelmagazine.co.il\/patrick-klugman-dans-le-mausolee-de-yasser-arafat\/\\\">apparatchiks juifs qui vont se balader dans le mausol\u00e9e de Yasser Arafat<\/a>, l\\&rsquo;architerroriste, certainement pas pour y jouer au chechbech ou qui d\u00e9fendent Desmond Tutu l\\&rsquo;antis\u00e9mite, d\\&rsquo;autres qui font voter au Conseil De Paris des <a href=\\\"https:\/\/www.liguedefensejuive.com\/emeutes-pro-hamas-a-gazaville-de-paris-patrick-klugman-membre-du-de-comite-directeur-de-crif-propose-une-aide-durgence-de-50-000-euros-pour-les-palestiniens-et-rien-pour-israel-2018-06-04.html\\\">subventions pour le Hamas<\/a> (un groupe terroriste) en oubliant nos morts et nos d\u00e9g\u00e2ts et que nous sommes nous, Isra\u00ebl, l\\&rsquo;agress\u00e9 ; sans compter ceux qui re\u00e7oivent \u00e0 Paris ,comme le Crif en grandes pompes, l\\&rsquo;organisateur de la tuerie de Munich, en l\\&rsquo;occurrence Mahmoud Abbas.<\/p>\n<p>Le niveau moral et intellectuel de ces contempteurs professionnels me laisse sans voix. Aussi, je me tairais. Presque\u202f! Leur propension \u00e0 la masturbation intellectuelle (ils ont cru que c\\&rsquo;\u00e9tait de la dialectique) pendant que mes cinq gar\u00e7ons <strong><em>se battaient au front \u00e0 l\\&rsquo;arm\u00e9e comme tous les jeunes isra\u00e9liens<\/em><\/strong>, ne leur conf\u00e8re surtout pas le monopole de la lutte contre l\\&rsquo;antis\u00e9mitisme. J\\&rsquo;ai perdu une partie de ma <strong><em>famille ashkenaze dans les camps<\/em><\/strong>, bien avant que je naisse.<\/p>\n<h2>Je n\\&rsquo;ai rien pardonn\u00e9 pour ma part<\/h2>\n<p>Simplement, la premi\u00e8re phase de r\u00e9demption de Dieudonn\u00e9, aller \u00e0 Auschwitz pour se recueillir avec le Grand rabbin de France, a \u00e9t\u00e9 refus\u00e9e par ce dernier. J\\&rsquo;ose dire que l\\&rsquo;intransigeance d\\&rsquo;Isra\u00ebl a engendr\u00e9 l\\&rsquo;\u00e9rection du Hamas, et je me demande si l\\&rsquo;absence totale de cervelle de ces apparatchiks et de volont\u00e9 de dialogue, n\\&rsquo;a pas aid\u00e9 \u00e0 la surench\u00e8re du salopard que j\\&rsquo;ai connu et combattu, Dieudonn\u00e9. Un Dieudonn\u00e9, certes diff\u00e8rent aujourd\\&rsquo;hui mais auquel je n\\&rsquo;ai rien pardonn\u00e9 pour ma part, si vous m\\&rsquo;aviez bien lu, et dont j\\&rsquo;attends, comme pour Auschwitz, des gestes forts, \u00e0 moins que vous ne vouliez le conserver comme <strong><em>votre meilleur ennemi<\/em><\/strong>.<\/p>\n<p>Aujourd\\&rsquo;hui, il y a des mouvements de foule sur les r\u00e9seaux et du public de Dieudonn\u00e9, \u00e9norm\u00e9ment de gens de couleur qui se rallient \u00e0 Dieudonn\u00e9 et \u00e0 sa \\&rsquo;\\&rsquo;conversion\\&rsquo;\\&rsquo;, qui lui disent que tous se sont tromp\u00e9s de combat et qu\\&rsquo;ils aimeraient retrouver le combat qui fut le leur, dans les ann\u00e9es 90 <strong><em>c\u00f4te \u00e0 c\u00f4te avec les Juifs contre les racistes et les antis\u00e9mites<\/em><\/strong>. Le front antisioniste et antis\u00e9mite est en train effectivement de se fracturer en France.<\/p>\n<h2>Pardon, Jank\u00e9l\u00e9vitch, Derrida<\/h2>\n<p>Un dernier mot. J\\&rsquo;ai voulu me conduire comme un vrai juif, ce que m\\&rsquo;ont confirm\u00e9 de vrais rabbins tout en m\\&rsquo;encourageant. Je ne suis pas un homme politique \u00e0 mesurer mes actes <strong><em>en fonction de mes int\u00e9r\u00eats<\/em><\/strong>. Certains d\\&rsquo;entre eux ont certainement oubli\u00e9 ce que c\\&rsquo;est de l\\&rsquo;\u00eatre, juif. J\\&rsquo;aurai l\\&rsquo;occasion de revenir sur la <em><strong>valeur du pardon vu par Jank\u00e9l\u00e9vitch, mais aussi par Jacques Derrida. <\/strong><\/em>Comme quoi nos plus grands philosophes, eux-m\u00eames, ne sont pas d\\&rsquo;accord. Pour finir, un grand journaliste du Nouvel Observateur, Angelo Rinaldo avait parl\u00e9 de l\\&rsquo;agressivit\u00e9 juive. Ce qui m\\&rsquo;avait choqu\u00e9 \u00e0 l\\&rsquo;\u00e9poque. Le pauvre en \u00e9tait bien loin. On est d\u00e9sormais entr\u00e9 de <em><strong>plain-pied dans l\\&rsquo;hyst\u00e9rie<\/strong><\/em>.<\/p>\n<p><strong>La suite de l\u2019article se trouve dans le prochain num\u00e9ro d\u2019Isra\u00ebl Magazine<\/strong><\/p>\n<p><strong>D\u00e9couvrez un exemplaire du magazine gratuitement et cliquez ensuite sur le rebord droit<\/strong><\/p>\n<p><a href=\\\"https:\/\/online.fliphtml5.com\/rjspi\/ypmm\/#p=1\\\"><strong>https:\/\/online.fliphtml5.com\/rjspi\/ypmm\/#p=1<\/strong><\/a><\/p>\n<p><strong>Votre magazine est livr\u00e9 chez vous en toute confidentialit\u00e9<br \/>\nS\u2019abonner au magazine par t\u00e9l\u00e9phone ou par whats app 00972 (0) 54 254 45 20 ou au 01 86 98 27 27<\/strong><\/p>\n<p><strong>Par email\u00a0\u00a0<\/strong><a href=\\\"mailto:Andredarmon21@gmail.com\\\"><strong>Andredarmon21@gmail.com<\/strong><\/a><strong>\u00a0 pay pal<\/strong><\/p>\n<p><strong>Ou directement sur le site<\/strong><\/p>\n<p><a href=\\\"https:\/\/israelmagazine.co.il\/sabonner-au-magazine\/\\\"><strong>https:\/\/israelmagazine.co.il\/sabonner-au-magazine\/<\/strong><\/a><\/p>\n<p><strong>Loi du Retour ou qui est Juif ?Ou encore S\u2019abonner au magazine livr\u00e9 chez vous en toute confidentialit\u00e9. Remplir le formulaire<\/strong><\/p>\n<p><a href=\\\"https:\/\/docs.google.com\/forms\/d\/e\/1FAIpQLSfPYJfb8KjEya-X17w0DGPAuBlCGvqVUdh_Is8EL810Lxw82A\/viewform?entry.1189475001=Recipient_Email\\\"><strong>https:\/\/docs.google.com\/forms\/d\/e\/1FAIpQLSfPYJfb8KjEya-X17w0DGPAuBlCGvqVUdh_Is8EL810Lxw82A\/viewform?entry.1189475001=Recipient_Email<\/strong><\/a><\/p>\n","protected":false},"excerpt":{"rendered":"<p>Les Apparatchiks de la communaut\u00e9 juive fran\u00e7aise Par Andr\u00e9 Darmon Je ne r\u00e9pondrai pas \u00e0 certains apparatchiks de la communaut\u00e9 juive fran\u00e7aise qui m\\&rsquo;insultent (tout est enregistr\u00e9) et font sembler d\\&rsquo;oublier qu\\&rsquo;ils \u00e9taient ou qu\\&rsquo;ils sont encore des lecteurs ou des abonn\u00e9s du magazine. En leur temps, ils fr\u00e9tillaient pour se faire interviewer dans nos &hellip;<\/p>\n<p class=\"read-more\"> <a class=\"\" href=\"https:\/\/israelmagazine.net\/?p=59465\"> <span class=\"screen-reader-text\">Les Apparatchiks de la communaut\u00e9 juive fran\u00e7aise, Andr\u00e9 Darmon<\/span> Lire la suite \u00bb<\/a><\/p>\n","protected":false},"author":4,"featured_media":59467,"comment_status":"open","ping_status":"open","sticky":false,"template":"","format":"standard","meta":{"site-sidebar-layout":"default","site-content-layout":"default","ast-global-header-display":"","ast-main-header-display":"","ast-hfb-above-header-display":"","ast-hfb-below-header-display":"","ast-hfb-mobile-header-display":"","site-post-title":"","ast-breadcrumbs-content":"","ast-featured-img":"","footer-sml-layout":"","theme-transparent-header-meta":"","adv-header-id-meta":"","stick-header-meta":"","header-above-stick-meta":"","header-main-stick-meta":"","header-below-stick-meta":""},"categories":[84,1621,1387,814,1612,841,1673,1674,1623,1191,811],"tags":[1063,825,823,1628,815,937],"sujet":[],"_links":{"self":[{"href":"https:\/\/israelmagazine.net\/index.php?rest_route=\/wp\/v2\/posts\/59465"}],"collection":[{"href":"https:\/\/israelmagazine.net\/index.php?rest_route=\/wp\/v2\/posts"}],"about":[{"href":"https:\/\/israelmagazine.net\/index.php?rest_route=\/wp\/v2\/types\/post"}],"author":[{"embeddable":true,"href":"https:\/\/israelmagazine.net\/index.php?rest_route=\/wp\/v2\/users\/4"}],"replies":[{"embeddable":true,"href":"https:\/\/israelmagazine.net\/index.php?rest_route=%2Fwp%2Fv2%2Fcomments&post=59465"}],"version-history":[{"count":0,"href":"https:\/\/israelmagazine.net\/index.php?rest_route=\/wp\/v2\/posts\/59465\/revisions"}],"wp:featuredmedia":[{"embeddable":true,"href":"https:\/\/israelmagazine.net\/index.php?rest_route=\/"}],"wp:attachment":[{"href":"https:\/\/israelmagazine.net\/index.php?rest_route=%2Fwp%2Fv2%2Fmedia&parent=59465"}],"wp:term":[{"taxonomy":"category","embeddable":true,"href":"https:\/\/israelmagazine.net\/index.php?rest_route=%2Fwp%2Fv2%2Fcategories&post=59465"},{"taxonomy":"post_tag","embeddable":true,"href":"https:\/\/israelmagazine.net\/index.php?rest_route=%2Fwp%2Fv2%2Ftags&post=59465"},{"taxonomy":"sujet","embeddable":true,"href":"https:\/\/israelmagazine.net\/index.php?rest_route=%2Fwp%2Fv2%2Fsujet&post=59465"}],"curies":[{"name":"wp","href":"https:\/\/api.w.org\/{rel}","templated":true}]}}