{"id":59601,"date":"2023-01-27T12:33:51","date_gmt":"2023-01-27T10:33:51","guid":{"rendered":"https:\/\/israelmagazine.net\/?p=59601"},"modified":"2023-01-27T12:33:51","modified_gmt":"2023-01-27T10:33:51","slug":"tsahal-abat-des-roquettes-tirees-sur-israel-depuis-gaza","status":"publish","type":"post","link":"https:\/\/israelmagazine.net\/?p=59601","title":{"rendered":"Tsahal abat des roquettes tir\u00e9es sur Isra\u00ebl depuis Gaza"},"content":{"rendered":"<div class=\\\"adn ads\\\" data-message-id=\\\"#msg-a:r5818402620348914420\\\" data-legacy-message-id=\\\"185f1c5f9c8c82b8\\\">\n<div class=\\\"gs\\\">\n<div class=\\\"\\\">\n<div id=\\\":39\\\" class=\\\"ii gt\\\">\n<div id=\\\":1l\\\" class=\\\"a3s aiL \\\">\n<div dir=\\\"ltr\\\">\n<div>\n\n<h1 dir=\\\"ltr\\\"><span style=\\\"font-size: xx-large;\\\">Tsahal abat des roquettes tir\u00e9es sur Isra\u00ebl depuis Gaza<\/span><\/h1>\n<h2 dir=\\\"ltr\\\">Le syst\u00e8me d\u2019alerte Tzeva Adom s\u2019est d\u00e9clench\u00e9 dans la zone de peuplement de Zikim, dans le kibboutz Carmia et dans la ville d\\&rsquo;Ashkelon.<\/h2>\n<p dir=\\\"ltr\\\">Des sir\u00e8nes de roquettes ont retenti dans les communaut\u00e9s frontali\u00e8res de Gaza de Magen, Nir Oz, Kfar Aza, Mefalsim et Ein Hashur vendredi matin alors que des groupes terroristes ripostaient \u00e0 un raid de Tsahal \u00e0 J\u00e9nine qui a fait au moins 10 morts palestiniens.<\/p>\n<p dir=\\\"ltr\\\">Tsahal a abattu deux roquettes tir\u00e9es depuis Gaza vers Ashkelon et les communaut\u00e9s frontali\u00e8res de Gaza? jeudi soir apr\u00e8s le raid.<\/p>\n<\/div>\n<h2 dir=\\\"ltr\\\">Toute la p\u00e9riph\u00e9rie d\\&rsquo;Ashkelon-Zikim vis\u00e9e<\/h2>\n<p>L\\&rsquo;alerte s\u2019est d\u00e9clench\u00e9e dans la zone de peuplement de Zikim, le kibboutz Carmia et la ville d\\&rsquo;Ashkelon. Les premiers rapports dans les communaut\u00e9s frontali\u00e8res d\\&rsquo;Ashkelon et de Gaza indiquent que D\u00f4me de Fer a abattu plusieurs roquettes.<\/p>\n<p>\\\u00a0\u00bbIl y a peu de temps, une alarme s\u2019est d\u00e9clench\u00e9e dans la ville d\\&rsquo;Ashkelon. Le Syst\u00e8me D\u00f4me de Fer a intercept\u00e9 ces deux tirs de lancements vers la ville\\\u00a0\u00bb, a d\u00e9clar\u00e9 le porte-parole de la municipalit\u00e9 d\\&rsquo;Ashkelon.<\/p>\n<p>\\\u00a0\u00bbNous tenons \u00e0 ajouter que suite aux tensions s\u00e9curitaires, les abris et refuges publics dans toute la ville sont ouverts pour le bien-\u00eatre des habitants&#8230; les \u00e9quipes municipales sont pleinement en alerte et pr\u00e9par\u00e9es \u00e0 tout sc\u00e9nario.\\\u00a0\u00bb<\/p>\n<p>Les retomb\u00e9es de l\\&rsquo;op\u00e9ration \u00e0 J\u00e9nine pourraient avoir des implications mondiales, tous les principaux groupes palestiniens mena\u00e7ant de diverses repr\u00e9sailles et l\\&rsquo;\u00c9gypte tentant d\\&rsquo;intervenir pour emp\u00eacher l\\&rsquo;escalade vers le d\u00e9veloppement d\u2019une guerre plus vaste.<\/p>\n<p>&nbsp;<\/p>\n<h2><span style=\\\"font-size: large;\\\">Crainte de l\\&rsquo;escalade<\/span><\/h2>\n<p>&nbsp;<\/p>\n<p>Le ministre de la D\u00e9fense, Yoav Gallant, a d\u00e9clar\u00e9 vendredi matin qu\\&rsquo;il avait demand\u00e9 \u00e0 l\\&rsquo;establishment de la d\u00e9fense de \\\u00a0\u00bbse pr\u00e9parer \u00e0 l\\&rsquo;action avec une vari\u00e9t\u00e9 de mesures offensives et d\\&rsquo;objectifs de haute qualit\u00e9, au cas o\u00f9 il serait n\u00e9cessaire de continuer \u00e0 agir &#8211; jusqu\\&rsquo;\u00e0 ce que la paix soit r\u00e9tablie pour les citoyens d\\&rsquo;Isra\u00ebl.<\/p>\n<p>\\\u00a0\u00bbUn officier sup\u00e9rieur de Tsahal a d\u00e9clar\u00e9 jeudi lors d\\&rsquo;un point de presse qu\\&rsquo;ils \u00e9taient pr\u00e9par\u00e9s \u00e0 une escalade de la violence dans la bande de Gaza en r\u00e9ponse au raid de jeudi.<\/p>\n<p>\\\u00a0\u00bbJe m\\&rsquo;attends \u00e0 ce que la r\u00e9ponse du Hamas soit disproportionn\u00e9e. Le dangereux pr\u00e9c\u00e9dent consistant \u00e0 relier les \u00e9v\u00e9nements entre la Jud\u00e9e-Samarie et Gaza est un danger strat\u00e9gique pour l\\&rsquo;\u00c9tat d\\&rsquo;Isra\u00ebl\\\u00a0\u00bb, a d\u00e9clar\u00e9 le d\u00e9put\u00e9 Almog Cohen peu apr\u00e8s les frappes de missiles depuis Gaza.<\/p>\n<h2>Les \u00c9tats-Unis comprennent, L\\&rsquo;ONU s\\&rsquo;alarme<\/h2>\n<p>Vendredi matin, le porte-parole du d\u00e9partement d\\&rsquo;\u00c9tat am\u00e9ricain, Ned Price, a publi\u00e9 une d\u00e9claration concernant l\\&rsquo;escalade potentielle des tensions :<\/p>\n<p>\\\u00a0\u00bbNous soulignons le besoin urgent pour toutes les parties de d\u00e9samorcer, d\\&#8217;emp\u00eacher de nouvelles pertes de vies civiles et de travailler ensemble pour am\u00e9liorer la situation s\u00e9curitaire en (Jud\u00e9e-Samarie). Les Palestiniens et les Isra\u00e9liens m\u00e9ritent \u00e9galement de vivre en toute s\u00e9curit\u00e9.\\\u00a0\u00bb<\/p>\n<p>\\\u00a0\u00bbNous reconnaissons les d\u00e9fis de s\u00e9curit\u00e9 tr\u00e8s r\u00e9els auxquels sont confront\u00e9s Isra\u00ebl et l\\&rsquo;Autorit\u00e9 palestinienne, et condamnons les groupes terroristes qui planifient et commettent des attaques contre des civils. Nous pleurons la perte de vies innocentes ainsi que les bless\u00e9s parmi les civils, et sommes profond\u00e9ment pr\u00e9occup\u00e9s par le cycle de la violence en -Cisjordanie\/ (Jud\u00e9e Samarie) \u00bb, a poursuivi Price.<\/p>\n<h2>L\\&rsquo;ONU veut que l\\&rsquo;AP, qui suspend la coordination s\u00e9curitaire, joue un r\u00f4le d\\&rsquo;apaisement<\/h2>\n<p>Le Coordonnateur sp\u00e9cial des Nations Unies pour le processus de paix au Moyen-Orient, Tor Wennesland, a partag\u00e9 le sentiment de l\\&rsquo;officier sup\u00e9rieur de Tsahal, d\u00e9clarant :<\/p>\n<p>\u00ab Je suis profond\u00e9ment alarm\u00e9 et attrist\u00e9 par le cycle continu de violence en \u00ab Cisjordanie occup\u00e9e \u00bb (Jud\u00e9e-Samarie). La mort aujourd\\&rsquo;hui de neuf (NDLR : ou plus) Palestiniens, dont des djihadistes et une femme, lors d\\&rsquo;une op\u00e9ration d\\&rsquo;arrestation isra\u00e9lienne \u00e0 J\u00e9nine en est un nouvel exemple frappant.\\\u00a0\u00bb<\/p>\n<p>\\\u00a0\u00bbDepuis le d\u00e9but de cette ann\u00e9e, nous continuons d\\&rsquo;assister \u00e0 des niveaux \u00e9lev\u00e9s de violence et \u00e0 d\\&rsquo;autres tendances n\u00e9gatives qui ont caract\u00e9ris\u00e9 2022&#8230; J\\&rsquo;exhorte et reste activement engag\u00e9 avec les autorit\u00e9s isra\u00e9liennes et palestiniennes pour d\u00e9samorcer les tensions, r\u00e9tablir le calme et \u00e9viter de nouvelles phases du conflit \u00bb, a d\u00e9clar\u00e9 Wennesland.<\/p>\n<p><strong>La suite de l\u2019article se trouve dans le prochain num\u00e9ro d\u2019Isra\u00ebl Magazine<\/strong><\/p>\n<p><strong>D\u00e9couvrez un exemplaire du magazine gratuitement et cliquez ensuite sur le rebord droit<\/strong><\/p>\n<p><a href=\\\"https:\/\/online.fliphtml5.com\/rjspi\/ypmm\/#p=1\\\"><strong>https:\/\/online.fliphtml5.com\/rjspi\/ypmm\/#p=1<\/strong><\/a><\/p>\n<p><strong>Votre magazine est livr\u00e9 chez vous en toute confidentialit\u00e9<br \/>\nS\u2019abonner au magazine par t\u00e9l\u00e9phone ou par whats app 00972 (0) 54 254 45 20 ou au 01 86 98 27 27<\/strong><\/p>\n<p><strong>Par email\u00a0\u00a0<\/strong><a href=\\\"mailto:Andredarmon21@gmail.com\\\"><strong>Andredarmon21@gmail.com<\/strong><\/a><strong>\u00a0 pay pal<\/strong><\/p>\n<p><strong>Ou directement sur le site<\/strong><\/p>\n<p><a href=\\\"https:\/\/israelmagazine.co.il\/sabonner-au-magazine\/\\\"><strong>https:\/\/israelmagazine.co.il\/sabonner-au-magazine\/<\/strong><\/a><\/p>\n<p><strong>Loi du Retour ou qui est Juif ?Ou encore S\u2019abonner au magazine livr\u00e9 chez vous en toute confidentialit\u00e9. Remplir le formulaire<\/strong><\/p>\n<p><a href=\\\"https:\/\/docs.google.com\/forms\/d\/e\/1FAIpQLSfPYJfb8KjEya-X17w0DGPAuBlCGvqVUdh_Is8EL810Lxw82A\/viewform?entry.1189475001=Recipient_Email\\\"><strong>https:\/\/docs.google.com\/forms\/d\/e\/1FAIpQLSfPYJfb8KjEya-X17w0DGPAuBlCGvqVUdh_Is8EL810Lxw82A\/viewform?entry.1189475001=Recipient_Email<\/strong><\/a><\/p>\n<\/div>\n<div class=\\\"yj6qo\\\"><\/div>\n<div class=\\\"adL\\\"><\/div>\n<\/div>\n<\/div>\n<div class=\\\"hi\\\"><\/div>\n<\/div>\n<\/div>\n<div class=\\\"ajx\\\"><\/div>\n<\/div>\n<div class=\\\"gA gt acV\\\">\n<div class=\\\"gB xu\\\">\n<div class=\\\"ip iq\\\">\n<div id=\\\":38\\\"><\/div>\n<\/div>\n<\/div>\n<\/div>\n","protected":false},"excerpt":{"rendered":"<p>Tsahal abat des roquettes tir\u00e9es sur Isra\u00ebl depuis Gaza Le syst\u00e8me d\u2019alerte Tzeva Adom s\u2019est d\u00e9clench\u00e9 dans la zone de peuplement de Zikim, dans le kibboutz Carmia et dans la ville d\\&rsquo;Ashkelon. Des sir\u00e8nes de roquettes ont retenti dans les communaut\u00e9s frontali\u00e8res de Gaza de Magen, Nir Oz, Kfar Aza, Mefalsim et Ein Hashur vendredi &hellip;<\/p>\n<p class=\"read-more\"> <a class=\"\" href=\"https:\/\/israelmagazine.net\/?p=59601\"> <span class=\"screen-reader-text\">Tsahal abat des roquettes tir\u00e9es sur Isra\u00ebl depuis Gaza<\/span> Lire la suite \u00bb<\/a><\/p>\n","protected":false},"author":4,"featured_media":59604,"comment_status":"open","ping_status":"open","sticky":false,"template":"","format":"standard","meta":{"site-sidebar-layout":"default","site-content-layout":"default","ast-global-header-display":"","ast-main-header-display":"","ast-hfb-above-header-display":"","ast-hfb-below-header-display":"","ast-hfb-mobile-header-display":"","site-post-title":"","ast-breadcrumbs-content":"","ast-featured-img":"","footer-sml-layout":"","theme-transparent-header-meta":"","adv-header-id-meta":"","stick-header-meta":"","header-above-stick-meta":"","header-main-stick-meta":"","header-below-stick-meta":""},"categories":[84,1621,1387,1612,822,1674,1623,1624,1616],"tags":[823,1628,383,1989,877,821],"sujet":[],"_links":{"self":[{"href":"https:\/\/israelmagazine.net\/index.php?rest_route=\/wp\/v2\/posts\/59601"}],"collection":[{"href":"https:\/\/israelmagazine.net\/index.php?rest_route=\/wp\/v2\/posts"}],"about":[{"href":"https:\/\/israelmagazine.net\/index.php?rest_route=\/wp\/v2\/types\/post"}],"author":[{"embeddable":true,"href":"https:\/\/israelmagazine.net\/index.php?rest_route=\/wp\/v2\/users\/4"}],"replies":[{"embeddable":true,"href":"https:\/\/israelmagazine.net\/index.php?rest_route=%2Fwp%2Fv2%2Fcomments&post=59601"}],"version-history":[{"count":0,"href":"https:\/\/israelmagazine.net\/index.php?rest_route=\/wp\/v2\/posts\/59601\/revisions"}],"wp:featuredmedia":[{"embeddable":true,"href":"https:\/\/israelmagazine.net\/index.php?rest_route=\/"}],"wp:attachment":[{"href":"https:\/\/israelmagazine.net\/index.php?rest_route=%2Fwp%2Fv2%2Fmedia&parent=59601"}],"wp:term":[{"taxonomy":"category","embeddable":true,"href":"https:\/\/israelmagazine.net\/index.php?rest_route=%2Fwp%2Fv2%2Fcategories&post=59601"},{"taxonomy":"post_tag","embeddable":true,"href":"https:\/\/israelmagazine.net\/index.php?rest_route=%2Fwp%2Fv2%2Ftags&post=59601"},{"taxonomy":"sujet","embeddable":true,"href":"https:\/\/israelmagazine.net\/index.php?rest_route=%2Fwp%2Fv2%2Fsujet&post=59601"}],"curies":[{"name":"wp","href":"https:\/\/api.w.org\/{rel}","templated":true}]}}