{"id":59614,"date":"2023-01-28T11:39:47","date_gmt":"2023-01-28T09:39:47","guid":{"rendered":"https:\/\/israelmagazine.net\/?p=59614"},"modified":"2023-01-28T11:39:47","modified_gmt":"2023-01-28T09:39:47","slug":"lun-des-pires-attentats-dans-une-synagogue-de-jerusalem-fait-sept-morts-et-trois-blesses","status":"publish","type":"post","link":"https:\/\/israelmagazine.net\/?p=59614","title":{"rendered":"L\\&rsquo;un des pires attentats dans une synagogue de J\u00e9rusalem fait sept morts et trois bless\u00e9s"},"content":{"rendered":"<p><img class=\\\"alignnone size-medium wp-image-59620\\\" src=\\\"https:\/\/israelmagazine.co.il\/wp-content\/uploads\/2023\/01\/Mon-projet-2023-01-28T114127.160-300x157.jpg\\\" alt=\\\"\\\" width=\\\"300\\\" height=\\\"157\\\" \/><\/p>\n<h2 class=\\\"selectable-text copyable-text iq0m558w\\\" dir=\\\"ltr\\\"><span class=\\\"selectable-text copyable-text\\\">Netanyahu : \\\u00a0\u00bbJ\\&rsquo;appelle les citoyens \u00e0 ne pas se faire justice eux-m\u00eames, pour cela, nous avons une arm\u00e9e et une police\\\u00a0\u00bb- La co\u00efncidence avec la 66\u1d49 comm\u00e9moration de l\\&rsquo;ouverture du camp d\\&rsquo;Auschwitz a choqu\u00e9 le monde civilis\u00e9. <\/span><\/h2>\n<h2 class=\\\"selectable-text copyable-text iq0m558w\\\" dir=\\\"ltr\\\"><span class=\\\"selectable-text copyable-text\\\">Parall\u00e8lement, un autre attentat a eu lieu \u00e0 Ihr (cit\u00e9 de) David, \u00e0 J\u00e9rusalem, faisant deux bless\u00e9s. <\/span><\/h2>\n<p class=\\\"selectable-text copyable-text iq0m558w\\\" dir=\\\"ltr\\\"><span class=\\\"selectable-text copyable-text\\\">Deux personnes ont \u00e9t\u00e9 bless\u00e9es ce samedi 28 janvier par balles lors d\u2019une attaque terroriste, rue Maalot, \u00e0 l\\&rsquo;entr\u00e9e du site arch\u00e9ologique de la Cit\u00e9 de David (en face de Silo\u00eb), a d\u00e9clar\u00e9 la police isra\u00e9lienne. Deux civils portant des armes sous licence ont neutralis\u00e9 le tireur, \u00e2g\u00e9 de 13 ans et originaire de la p\u00e9riph\u00e9rie de J\u00e9rusalem.<\/span><\/p>\n<p class=\\\"selectable-text copyable-text iq0m558w\\\" dir=\\\"ltr\\\"><span class=\\\"selectable-text copyable-text\\\">\u00ab<em>Un homme de <strong>23 ans dans un \u00e9tat grave et un autre de 47 ans dans un \u00e9tat de mod\u00e9r\u00e9 \u00e0 grave<\/strong>, avec des blessures par balles dans le haut du corps<\/em>\u00bb, a d\u00e9clar\u00e9 un porte-parole du MDA. \u00ab<em>Nous \u00e9tions vite sur les lieux et avons vu deux victimes d\\&rsquo;une attaque arm\u00e9e<\/em>\u00bb, a d\u00e9clar\u00e9 dans un communiqu\u00e9 Fadi Dekidek, m\u00e9decin au MDA. Il a pr\u00e9cis\u00e9 que les victimes \u00e9taient \u00ab<em>conscientes<\/em>\u00bb et avaient \u00e9t\u00e9 conduites \u00e0 l\\&rsquo;h\u00f4pital.<\/span><\/p>\n<h2 dir=\\\"ltr\\\">Vendredi 27 janvier, \u00e0 Neve Yaacov<\/h2>\n<p class=\\\"selectable-text copyable-text iq0m558w\\\" dir=\\\"ltr\\\"><span class=\\\"selectable-text copyable-text\\\">L\\&rsquo;attaque terroriste a tu\u00e9 au moins sept personnes et laiss\u00e9 trois autres bless\u00e9es, pr\u00e8s d\u2019une synagogue du quartier de Neve Yaakov \u00e0 J\u00e9rusalem, vendredi soir. La sc\u00e8ne de crime terroriste s\u2019\u00e9tend sur environ 400 m\u00e8tres, de la place Reuven Katznelson \u00e0 la place Pinchas Waserman.<\/span><\/p>\n<p dir=\\\"ltr\\\" style=\\\"text-align: center;\\\"><img src=\\\"https:\/\/mail.google.com\/mail\/u\/0?ui=2&amp;ik=9e3cac01ee&amp;attid=0.1&amp;permmsgid=msg-f:1756255975248410045&amp;th=185f79812356b5bd&amp;view=fimg&amp;fur=ip&amp;sz=s0-l75-ft&amp;attbid=ANGjdJ_cbp-nrVHit9yx18ijjMJBq2VnlMfduQPTMXPT-CRm2eHyV7oVs6MLs_6YXRjsOf1u8vDWz-zKBnuO_hu79_ZKG2LyY8EOEupFKpb7FW_6UQfm4jfbpi3IyAA&amp;disp=emb&amp;realattid=ii_ldfjpxwq1\\\" alt=\\\"96f3dc2a-037e-4656-b0d2-b431579c3c04.png\\\" \/><\/p>\n<h2 dir=\\\"ltr\\\">D\u00e9termin\u00e9 \u00e0 tuer<\/h2>\n<p class=\\\"selectable-text copyable-text iq0m558w\\\" dir=\\\"ltr\\\"><span class=\\\"selectable-text copyable-text\\\">Le terroriste de 21 ans est arriv\u00e9 rue Neve Yaakov peu apr\u00e8s 20 heures et a ouvert le feu sur des personnes quittant la synagogue Ateret Avraham apr\u00e8s la pri\u00e8re du vendredi soir, ou quiconque se pr\u00e9sentant sur son chemin.<\/span><\/p>\n<p class=\\\"selectable-text copyable-text iq0m558w\\\" dir=\\\"ltr\\\"><span class=\\\"selectable-text copyable-text\\\">Apr\u00e8s \u00eatre entr\u00e9 et avoir attaqu\u00e9 les gens dans la synagogue, le tireur aurait commenc\u00e9 \u00e0 courir apr\u00e8s les personnes qui tentaient de s\\&rsquo;enfuir. On ne sait pas encore s\\&rsquo;il s\\&rsquo;agit d\\&rsquo;un \\\u00a0\u00bbagent dormant\\\u00a0\u00bb, r\u00e9activ\u00e9 par un groupe comme le Djihad Islamique ou l\\&rsquo;Iran, ou ce qu\\&rsquo;on appelle \\\u00a0\u00bbLoup Solitaire\\\u00a0\u00bb, mtovi\u00e9 par le climat actuel.\u00a0<\/span><\/p>\n<h2 dir=\\\"ltr\\\">Liquid\u00e9 \u00e0 moins d\\&rsquo;un kilom\u00e8tre de ses exactions terroristes<\/h2>\n<p class=\\\"selectable-text copyable-text iq0m558w\\\" dir=\\\"ltr\\\"><span class=\\\"selectable-text copyable-text\\\">Il a ensuite tent\u00e9 de fuir les lieux en voiture, en direction de Beit Hanina, et a tir\u00e9 en direction des deux policiers isra\u00e9liens qui le poursuivaient. Les agents ont ripost\u00e9 et l\\&rsquo;ont tu\u00e9.<\/span><\/p>\n<h2 dir=\\\"ltr\\\">Un retard cons\u00e9quent de la police incr\u00e9dule face aux t\u00e9moignages ?<\/h2>\n<p class=\\\"selectable-text copyable-text iq0m558w\\\" dir=\\\"ltr\\\"><span class=\\\"selectable-text copyable-text\\\">L\\&rsquo;un des pr\u00e9pos\u00e9s de la synagogue qui a \u00e9t\u00e9 t\u00e9moin de l\\&rsquo;attaque a d\u00e9clar\u00e9 que la police n\\&rsquo;\u00e9tait pas arriv\u00e9e sur les lieux pendant 20 minutes apr\u00e8s les premiers coups de feu, car ils ne croyaient pas ceux qui les appelaient et pensaient que le bruit provenait de coups de feu tir\u00e9s en l\\&rsquo;air dans les quartiers voisins de J\u00e9rusalem-Est.<\/span><\/p>\n<p class=\\\"selectable-text copyable-text iq0m558w\\\" dir=\\\"ltr\\\"><span class=\\\"selectable-text copyable-text\\\">Un porte-parole de la police a toutefois d\u00e9clar\u00e9 que le terroriste avait \u00e9t\u00e9 arr\u00eat\u00e9 cinq minutes (entre 20h 14 et 20h 19, la tuerie \u00e9tant situ\u00e9e aux alentours de 20h) apr\u00e8s avoir re\u00e7u le premier appel.<\/span><\/p>\n<h2 dir=\\\"ltr\\\">Le terrorisme de proximit\u00e9 ou \\\u00a0\u00bbd\\&rsquo;atmosph\u00e8re\\\u00a0\u00bb<\/h2>\n<p style=\\\"text-align: center;\\\"><img class=\\\"x1bwycvy x193iq5w x4fas0m x19kjcj4\\\" src=\\\"https:\/\/scontent.ftlv1-1.fna.fbcdn.net\/v\/t39.30808-6\/327551622_2089451054593755_2155225123941791466_n.jpg?_nc_cat=108&amp;ccb=1-7&amp;_nc_sid=5cd70e&amp;_nc_ohc=86vixc9cCtYAX-Rb2d4&amp;_nc_ht=scontent.ftlv1-1.fna&amp;oh=00_AfBscQNuB_yMr1MM-jw7ZPxx9J3DehoYJDY6LTIqQOjA8Q&amp;oe=63D9F500\\\" alt=\\\"Peut \u00eatre une image de 15 personnes, personnes debout, monument, plein air et texte qui dit \u2019Le terroriste qui a \u00e9t\u00e9 tu\u00e9 sur les lieux est Alkam Khairi, 21 ans, un r\u00e9sident de J\u00e9rusalem. QOO\u2019\\\" data-visualcompletion=\\\"media-vc-image\\\" \/><\/p>\n<p class=\\\"selectable-text copyable-text iq0m558w\\\" dir=\\\"ltr\\\"><span class=\\\"selectable-text copyable-text\\\">Le terroriste a \u00e9t\u00e9 identifi\u00e9 comme \u00e9tant Kheiry Alkam d\u2019A-Tur \u00e0 J\u00e9rusalem-Est et on a signal\u00e9 qu\\&rsquo;il n\\&rsquo;avait aucun lien terroriste connu avant l\\&rsquo;attaque, hormis des atteintes aux biens sur son casier judiciaires.<\/span><\/p>\n<p class=\\\"selectable-text copyable-text iq0m558w\\\" dir=\\\"ltr\\\"><span class=\\\"selectable-text copyable-text\\\">Les forces de Tsahal ont arr\u00eat\u00e9 les parents du terroriste, ainsi que 15 autres jeunes qui leur rendaient visite pour les f\u00e9liciter, et encercl\u00e9 sa maison dans le quartier d\\&rsquo;A-Tur \u00e0 J\u00e9rusalem-Est, quelques heures seulement apr\u00e8s l\\&rsquo;attaque.<\/span><\/p>\n<h2 dir=\\\"ltr\\\">Premiers morts et premiers soins sur place<\/h2>\n<p class=\\\"selectable-text copyable-text iq0m558w\\\" dir=\\\"ltr\\\"><span class=\\\"selectable-text copyable-text\\\">Les premiers intervenants ont constat\u00e9 le d\u00e9c\u00e8s de cinq victimes \u00e0 leur arriv\u00e9e sur les lieux, dont quatre hommes \u00e2g\u00e9s de 60, 50, 25 et 20 ans et une femme de 60 ans.<\/span><\/p>\n<p class=\\\"selectable-text copyable-text iq0m558w\\\" dir=\\\"ltr\\\"><span class=\\\"selectable-text copyable-text\\\">Les ambulanciers param\u00e9dicaux du MDA ont prodigu\u00e9 des soins sur les lieux de l\\&rsquo;attaque. United Hatzalah a d\u00e9clar\u00e9 avoir soign\u00e9 sur place des dizaines de personnes en \u00e9tat de choc.<\/span><\/p>\n<p class=\\\"selectable-text copyable-text iq0m558w\\\" dir=\\\"ltr\\\"><span class=\\\"selectable-text copyable-text\\\">Cinq bless\u00e9s ont \u00e9t\u00e9 \u00e9vacu\u00e9s vers les centres m\u00e9dicaux universitaires Hadassah Mount Scopus et Shaare Zedek. <\/span><\/p>\n<p class=\\\"selectable-text copyable-text iq0m558w\\\" dir=\\\"ltr\\\"><span class=\\\"selectable-text copyable-text\\\">Parmi eux, un homme de 30 ans et une femme de 70 ans sont arriv\u00e9s dans un \u00e9tat critique et ont \u00e9t\u00e9 d\u00e9clar\u00e9s morts \u00e0 l\\&rsquo;h\u00f4pital, un gar\u00e7on de 15 ans \u00e9tait dans un \u00e9tat mod\u00e9r\u00e9 \u00e0 grave, un homme de 24 ans homme et une femme de 60 ans \u00e9taient dans un \u00e9tat mod\u00e9r\u00e9.<\/span><\/p>\n<h2 dir=\\\"ltr\\\">Halevi veut saturer les environs de forces vives pr\u00eates \u00e0 r\u00e9agir<\/h2>\n<p class=\\\"selectable-text copyable-text iq0m558w\\\" dir=\\\"ltr\\\"><span class=\\\"selectable-text copyable-text\\\">Le chef d\\&rsquo;\u00e9tat-major de Tsahal Herzi Halevi a ordonn\u00e9 le renforcement de la division Jud\u00e9e-Samarie de Tsahal et de se pr\u00e9parer \u00e0 d\\&rsquo;\u00e9ventuels sc\u00e9narios d\\&rsquo;escalade dans la r\u00e9gion apr\u00e8s une \u00e9valuation de la situation men\u00e9e par le Premier ministre Netanyahu.<\/span><\/p>\n<p class=\\\"selectable-text copyable-text iq0m558w\\\" dir=\\\"ltr\\\"><span class=\\\"selectable-text copyable-text\\\">Les renforts commenceront \u00e0 arriver samedi matin.<\/span><\/p>\n<h2 class=\\\"selectable-text copyable-text iq0m558w\\\" dir=\\\"ltr\\\"><span class=\\\"selectable-text copyable-text\\\">\\\u00a0\u00bbL\\&rsquo;un des pires attentats que nous ayons connus ces derni\u00e8res ann\u00e9es\\\u00a0\u00bb<\/span><\/h2>\n<p class=\\\"selectable-text copyable-text iq0m558w\\\" dir=\\\"ltr\\\"><span class=\\\"selectable-text copyable-text\\\">\\\u00a0\u00bbCe fut l\\&rsquo;une des pires attaques que nous ayons connues ces derni\u00e8res ann\u00e9es, nos pens\u00e9es vont aux familles des bless\u00e9s et des morts. Nous avons \u00e9valu\u00e9 la situation et d\u00e9cid\u00e9 de certaines actions imm\u00e9diates, nous agirons de mani\u00e8re d\u00e9cisive et calme\\\u00a0\u00bb, a d\u00e9clar\u00e9 Netanyahou, dans une d\u00e9claration au si\u00e8ge de la police de J\u00e9rusalem quelques heures apr\u00e8s l\\&rsquo;attaque.<\/span><\/p>\n<h2 dir=\\\"ltr\\\">Pr\u00e9venir toute vendetta de repr\u00e9sailles<\/h2>\n<p class=\\\"selectable-text copyable-text iq0m558w\\\" dir=\\\"ltr\\\"><span class=\\\"selectable-text copyable-text\\\">\\\u00a0\u00bbLe cabinet politique de s\u00e9curit\u00e9 se r\u00e9unira demain \u00e0 la fin du Shabbat. J\\&rsquo;appelle les citoyens \u00e0 ne pas se faire justice eux-m\u00eames, pour cela, nous avons une arm\u00e9e et une police qui re\u00e7oivent des instructions du cabinet\\\u00a0\u00bb, a d\u00e9clar\u00e9 Netanyahou.<\/span><\/p>\n<p class=\\\"selectable-text copyable-text iq0m558w\\\" dir=\\\"ltr\\\"><span class=\\\"selectable-text copyable-text\\\">Le commissaire de la police isra\u00e9lienne, Kobi Shabtai, est arriv\u00e9 sur les lieux de l\\&rsquo;incident peu apr\u00e8s la fusillade. Doron Turgeman, chef de la police du district de J\u00e9rusalem, a d\u00e9clar\u00e9 en r\u00e9ponse \u00e0 l\\&rsquo;attaque : \u00ab C\\&rsquo;est l\\&rsquo;une des attaques terroristes les plus dures que nous ayons vues ces derni\u00e8res ann\u00e9es&#8230; \u00e0 notre connaissance, ce terroriste a agi seul. Nous continuons \u00e0 scanner la zone. \\\u00a0\u00bb<\/span><\/p>\n<h2 dir=\\\"ltr\\\">Retour express du ministre de la D\u00e9fense<\/h2>\n<p class=\\\"selectable-text copyable-text iq0m558w\\\" dir=\\\"ltr\\\"><span class=\\\"selectable-text copyable-text\\\">Le ministre de la D\u00e9fense Yoav Galant, de retour pr\u00e9cipit\u00e9 de Washington, a achev\u00e9 une \u00e9valuation de la situation sp\u00e9ciale avec la participation des chefs des services de s\u00e9curit\u00e9 nationale, dont le nouveau chef d\\&rsquo;\u00e9tat-major de Tsahal, Herzi Halevi. <\/span><\/p>\n<p class=\\\"selectable-text copyable-text iq0m558w\\\" dir=\\\"ltr\\\"><span class=\\\"selectable-text copyable-text\\\">\\\u00a0\u00bbIl s\\&rsquo;agit d\\&rsquo;une attaque grave et triste le soir de Shabbat, visant des civils. J\\&rsquo;adresse mes condol\u00e9ances aux familles des personnes assassin\u00e9es et souhaite un prompt r\u00e9tablissement aux bless\u00e9s. <\/span><\/p>\n<p class=\\\"selectable-text copyable-text iq0m558w\\\" dir=\\\"ltr\\\"><span class=\\\"selectable-text copyable-text\\\">L\\&rsquo;establishment de la s\u00e9curit\u00e9 sous ma direction agira avec fermet\u00e9 et sans compromis contre le terrorisme et traquera toutes les personnes impliqu\u00e9es dans l\\&rsquo;attaque \u00bb, a d\u00e9clar\u00e9 Galant.<\/span><\/p>\n<h2 dir=\\\"ltr\\\">Les groupes terroristes incitent \u00e0 l\\&rsquo;escalade<\/h2>\n<p class=\\\"selectable-text copyable-text iq0m558w\\\" dir=\\\"ltr\\\"><span class=\\\"selectable-text copyable-text\\\">Le porte-parole du Hamas, Hazem Qassem, a \u00e9galement r\u00e9pondu \u00e0 l\\&rsquo;attaque, affirmant que \\\u00a0\u00bbcette op\u00e9ration est une r\u00e9ponse au crime commis par l\\&rsquo;occupation \u00e0 J\u00e9nine et une r\u00e9ponse naturelle aux actions criminelles de l\\&rsquo;occupation\\\u00a0\u00bb.<\/span><\/p>\n<p class=\\\"selectable-text copyable-text iq0m558w\\\" dir=\\\"ltr\\\"><span class=\\\"selectable-text copyable-text\\\">Le plus petit groupe terroriste du Jihad islamique a \u00e9galement salu\u00e9 l\\&rsquo;attaque sans en revendiquer la responsabilit\u00e9.<\/span><\/p>\n<h2 dir=\\\"ltr\\\">L\\&rsquo;inaction de la police suscite la col\u00e8re contre Itamar Ben GVIR<\/h2>\n<p class=\\\"selectable-text copyable-text iq0m558w\\\" dir=\\\"ltr\\\"><span class=\\\"selectable-text copyable-text\\\">Le ministre de la S\u00e9curit\u00e9 nationale, Itamar Ben-Gvir, qui observe le Shabbat, est \u00e9galement arriv\u00e9 sur les lieux de l\\&rsquo;attaque, o\u00f9 il a \u00e9t\u00e9 accueilli par la col\u00e8re de la foule sur le c\u00f4t\u00e9, qui l\\&rsquo;a accus\u00e9 d\\&rsquo;\u00eatre responsable de l\\&rsquo;attaque, en criant \u00ab nous t\\&rsquo;aimions, Itamar. Nous t\\&rsquo;avons fait confiance. <strong><em>C\\&rsquo;\u00e9tait \u00e0 toi de veiller \u00e0 ce que cela n\u2019arrive pas<\/em><\/strong> \u00bb.<\/span><\/p>\n<p class=\\\"selectable-text copyable-text iq0m558w\\\" dir=\\\"ltr\\\"><span class=\\\"selectable-text copyable-text\\\">Le ministre de la S\u00e9curit\u00e9 nationale a appel\u00e9 \u00e0 une r\u00e9forme des lois isra\u00e9liennes sur les armes \u00e0 feu, affirmant que davantage de citoyens devraient pouvoir porter des armes pour se d\u00e9fendre contre les attaques terroristes.<\/span><\/p>\n<p class=\\\"selectable-text copyable-text iq0m558w\\\" dir=\\\"ltr\\\"><span class=\\\"selectable-text copyable-text\\\">On a pu entendre des chants de \\\u00a0\u00bbmort aux terroristes\\\u00a0\u00bb sur les bas-c\u00f4t\u00e9s de la route, alors que Ben-Gvir tentait de parler.<\/span><\/p>\n<p class=\\\"selectable-text copyable-text iq0m558w\\\" dir=\\\"ltr\\\"><span class=\\\"selectable-text copyable-text\\\">\u00c0 un moment donn\u00e9, la foule a commenc\u00e9 \u00e0 reprendre des chants de \\\u00a0\u00bbmort aux gauchistes\\\u00a0\u00bb, bien que Ben-Gvir les ait fait taire, en leur disant que m\u00eame s\\&rsquo;ils pouvaient chanter en faveur de la mort des terroristes, souhaiter la mort des gauchistes n\\&rsquo;\u00e9tait pas acceptable.<\/span><\/p>\n<h2 dir=\\\"ltr\\\">L\\&rsquo;opposition accorde ses violons autour d\\&rsquo;une crise nationale<\/h2>\n<p class=\\\"selectable-text copyable-text iq0m558w\\\" dir=\\\"ltr\\\"><span class=\\\"selectable-text copyable-text\\\">Le chef de l\\&rsquo;opposition, Yair Lapid, s\\&rsquo;est adress\u00e9 \u00e0 Twitter \u00e0 la suite de l\\&rsquo;attaque, d\u00e9clarant : \\\u00a0\u00bbMon c\u0153ur se brise en ces temps difficiles. J\\&rsquo;adresse mes condol\u00e9ances aux familles qui ont perdu des \u00eatres chers et un prompt r\u00e9tablissement aux bless\u00e9s. On ne doit pas tol\u00e9rer le terrorisme ni qu\u2019il puisse relever la t\u00eate n\\&rsquo;importe o\u00f9 (\u00e0 J\u00e9rusalem). Le gouvernement doit traiter ces menaces avec s\u00e9v\u00e9rit\u00e9.<\/span><\/p>\n<p class=\\\"selectable-text copyable-text iq0m558w\\\" dir=\\\"ltr\\\"><span class=\\\"selectable-text copyable-text\\\">Le pr\u00e9sident de Ra\\&rsquo;am, le d\u00e9put\u00e9 Mansour Abbas, a r\u00e9agi \u00e0 l\\&rsquo;attaque terroriste en d\u00e9clarant qu\\&rsquo;il \\\u00a0\u00bbcondamne et rejette toute attaque terroriste au cours de laquelle des civils innocents sont assassin\u00e9s\\\u00a0\u00bb.<\/span><\/p>\n<p class=\\\"selectable-text copyable-text iq0m558w\\\" dir=\\\"ltr\\\"><span class=\\\"selectable-text copyable-text\\\">\\\u00a0\u00bbJe suis convaincu que cette action et d\\&rsquo;autres similaires \u00e9loigneront la possibilit\u00e9 de trouver une solution au conflit et de r\u00e9aliser la vision de paix, de s\u00e9curit\u00e9 mutuelle, de partenariat et de tol\u00e9rance en Terre Sainte\\\u00a0\u00bb, a-t-il ajout\u00e9. \\\u00a0\u00bbJ\\&rsquo;exhorte tout le monde \u00e0 faire preuve de retenue et \u00e0 coop\u00e9rer pour trouver un moyen de calmer la situation et de sauver la vie de nombreuses personnes.\\\u00a0\u00bb<\/span><\/p>\n<h2 class=\\\"selectable-text copyable-text iq0m558w\\\" dir=\\\"ltr\\\"><span class=\\\"selectable-text copyable-text\\\">Les ambulanciers du MDA sur les lieux de l\\&rsquo;attentat<\/span><\/h2>\n<p class=\\\"selectable-text copyable-text iq0m558w\\\" dir=\\\"ltr\\\"><span class=\\\"selectable-text copyable-text\\\">\\\u00a0\u00bbNous avons vu une femme et 4 hommes allong\u00e9s sur la route. Ils \u00e9taient gi\u00e8vement bless\u00e9s par balle et ne manifestaient aucun signe de vie et nous avons d\u00fb confirmer leur d\u00e9c\u00e8s imm\u00e9diatement \\\u00a0\u00bb, a d\u00e9clar\u00e9 le param\u00e9dical du MDA, Fadi Dekidek. \\\u00a0\u00bbOn a \u00e9vacu\u00e9 trois autres bless\u00e9s, dont une femme de 70 ans dans un \u00e9tat critique, vers le centre m\u00e9dical universitaire Hadassah \u00e0 Mont Scopus.\\\u00a0\u00bb<\/span><\/p>\n<p class=\\\"selectable-text copyable-text iq0m558w\\\" dir=\\\"ltr\\\"><span class=\\\"selectable-text copyable-text\\\">\\\u00a0\u00bbNous sommes form\u00e9s pour cela. Malheureusement, nous ne pouvons pas oublier une attaque terroriste, et nous sommes, chaque fois, confront\u00e9s \u00e0 une nouvelle exp\u00e9rience (de l\u2019horreur). Il n\\&rsquo;y a rien \u00e0 faire ; c\\&rsquo;est le moment d\\&rsquo;agir professionnellement car c\\&rsquo;est l\u00e0 que nous pouvons faire la diff\u00e9rence entre la vie ou la mort\\\u00a0\u00bb, a poursuivi Dekidek.<\/span><\/p>\n<h2 dir=\\\"ltr\\\">Les r\u00e9jouissances palestiniennes, \u00e9tincelles pour faire \u00e9clater une Intifada ?<\/h2>\n<p class=\\\"selectable-text copyable-text iq0m558w\\\" dir=\\\"ltr\\\"><span class=\\\"selectable-text copyable-text\\\">On a observ\u00e9 des c\u00e9l\u00e9brations de joie, y compris des feux d\\&rsquo;artifice et des coups de feu tir\u00e9s en l\\&rsquo;air, \u00e0 J\u00e9nine et dans d\\&rsquo;autres villes arabes d\\&rsquo;Isra\u00ebl en r\u00e9action \u00e0 l\\&rsquo;incident. La police recherche dans la zone d\\&rsquo;autres terroristes.<\/span><\/p>\n<p><strong>La suite de l\u2019article se trouve dans le prochain num\u00e9ro d\u2019Isra\u00ebl Magazine<\/strong><\/p>\n<p><strong>D\u00e9couvrez un exemplaire du magazine gratuitement et cliquez ensuite sur le rebord droit<\/strong><\/p>\n<p><a href=\\\"https:\/\/online.fliphtml5.com\/rjspi\/ypmm\/#p=1\\\"><strong>https:\/\/online.fliphtml5.com\/rjspi\/ypmm\/#p=1<\/strong><\/a><\/p>\n<p><strong>Votre magazine est livr\u00e9 chez vous en toute confidentialit\u00e9<br \/>\nS\u2019abonner au magazine par t\u00e9l\u00e9phone ou par whats app 00972 (0) 54 254 45 20 ou au 01 86 98 27 27<\/strong><\/p>\n<p><strong>Par email\u00a0\u00a0<\/strong><a href=\\\"mailto:Andredarmon21@gmail.com\\\"><strong>Andredarmon21@gmail.com<\/strong><\/a><strong>\u00a0 pay pal<\/strong><\/p>\n<p><strong>Ou directement sur le site<\/strong><\/p>\n<p><a href=\\\"https:\/\/israelmagazine.co.il\/sabonner-au-magazine\/\\\"><strong>https:\/\/israelmagazine.co.il\/sabonner-au-magazine\/<\/strong><\/a><\/p>\n<p><strong>Loi du Retour ou qui est Juif ?Ou encore S\u2019abonner au magazine livr\u00e9 chez vous en toute confidentialit\u00e9. Remplir le formulaire<\/strong><\/p>\n<p dir=\\\"ltr\\\"><a href=\\\"https:\/\/docs.google.com\/forms\/d\/e\/1FAIpQLSfPYJfb8KjEya-X17w0DGPAuBlCGvqVUdh_Is8EL810Lxw82A\/viewform?entry.1189475001=Recipient_Email\\\"><strong>https:\/\/docs.google.com\/forms\/d\/e\/1FAIpQLSfPYJfb8KjEya-X17w0DGPAuBlCGvqVUdh_Is8EL810Lxw82A\/viewform?entry.1189475001=Recipient_Email<\/strong><\/a><\/p>\n","protected":false},"excerpt":{"rendered":"<p>Netanyahu : \\\u00a0\u00bbJ\\&rsquo;appelle les citoyens \u00e0 ne pas se faire justice eux-m\u00eames, pour cela, nous avons une arm\u00e9e et une police\\\u00a0\u00bb- La co\u00efncidence avec la 66\u1d49 comm\u00e9moration de l\\&rsquo;ouverture du camp d\\&rsquo;Auschwitz a choqu\u00e9 le monde civilis\u00e9. Parall\u00e8lement, un autre attentat a eu lieu \u00e0 Ihr (cit\u00e9 de) David, \u00e0 J\u00e9rusalem, faisant deux bless\u00e9s. Deux &hellip;<\/p>\n<p class=\"read-more\"> <a class=\"\" href=\"https:\/\/israelmagazine.net\/?p=59614\"> <span class=\"screen-reader-text\">L\\&rsquo;un des pires attentats dans une synagogue de J\u00e9rusalem fait sept morts et trois bless\u00e9s<\/span> Lire la suite \u00bb<\/a><\/p>\n","protected":false},"author":4,"featured_media":59618,"comment_status":"open","ping_status":"open","sticky":false,"template":"","format":"standard","meta":{"site-sidebar-layout":"default","site-content-layout":"default","ast-global-header-display":"","ast-main-header-display":"","ast-hfb-above-header-display":"","ast-hfb-below-header-display":"","ast-hfb-mobile-header-display":"","site-post-title":"","ast-breadcrumbs-content":"","ast-featured-img":"","footer-sml-layout":"","theme-transparent-header-meta":"","adv-header-id-meta":"","stick-header-meta":"","header-above-stick-meta":"","header-main-stick-meta":"","header-below-stick-meta":""},"categories":[84,1621,1387,814,1612,841,1622,1614,1674,1623,1191,1624,1616],"tags":[1739,823,931,1628,1700,383,742],"sujet":[],"_links":{"self":[{"href":"https:\/\/israelmagazine.net\/index.php?rest_route=\/wp\/v2\/posts\/59614"}],"collection":[{"href":"https:\/\/israelmagazine.net\/index.php?rest_route=\/wp\/v2\/posts"}],"about":[{"href":"https:\/\/israelmagazine.net\/index.php?rest_route=\/wp\/v2\/types\/post"}],"author":[{"embeddable":true,"href":"https:\/\/israelmagazine.net\/index.php?rest_route=\/wp\/v2\/users\/4"}],"replies":[{"embeddable":true,"href":"https:\/\/israelmagazine.net\/index.php?rest_route=%2Fwp%2Fv2%2Fcomments&post=59614"}],"version-history":[{"count":0,"href":"https:\/\/israelmagazine.net\/index.php?rest_route=\/wp\/v2\/posts\/59614\/revisions"}],"wp:featuredmedia":[{"embeddable":true,"href":"https:\/\/israelmagazine.net\/index.php?rest_route=\/"}],"wp:attachment":[{"href":"https:\/\/israelmagazine.net\/index.php?rest_route=%2Fwp%2Fv2%2Fmedia&parent=59614"}],"wp:term":[{"taxonomy":"category","embeddable":true,"href":"https:\/\/israelmagazine.net\/index.php?rest_route=%2Fwp%2Fv2%2Fcategories&post=59614"},{"taxonomy":"post_tag","embeddable":true,"href":"https:\/\/israelmagazine.net\/index.php?rest_route=%2Fwp%2Fv2%2Ftags&post=59614"},{"taxonomy":"sujet","embeddable":true,"href":"https:\/\/israelmagazine.net\/index.php?rest_route=%2Fwp%2Fv2%2Fsujet&post=59614"}],"curies":[{"name":"wp","href":"https:\/\/api.w.org\/{rel}","templated":true}]}}