{"id":59632,"date":"2023-01-28T15:21:06","date_gmt":"2023-01-28T13:21:06","guid":{"rendered":"https:\/\/israelmagazine.net\/?p=59632"},"modified":"2023-01-28T15:21:06","modified_gmt":"2023-01-28T13:21:06","slug":"meurtres-a-la-synagogue-lallegresse-de-la-haine","status":"publish","type":"post","link":"https:\/\/israelmagazine.net\/?p=59632","title":{"rendered":"Meurtres \u00e0 la synagogue\u00a0: l\u2019all\u00e9gresse de la haine"},"content":{"rendered":"<h1><img class=\\\"alignnone size-medium wp-image-59635\\\" src=\\\"https:\/\/israelmagazine.co.il\/wp-content\/uploads\/2023\/01\/Mon-projet-2023-01-28T151209.776-300x157.jpg\\\" alt=\\\"\\\" width=\\\"300\\\" height=\\\"157\\\" \/><\/h1>\n<h1 style=\\\"font-weight: 400;\\\"><strong>Meurtres \u00e0 la synagogue\u00a0: l\u2019all\u00e9gresse de la haine<\/strong><\/h1>\n<h2 style=\\\"font-weight: 400;\\\">Mich\u00e8le Mazel<\/h2>\n<p style=\\\"font-weight: 400;\\\">Les faits d\u2019abord. Vendredi soir, les fid\u00e8les commencent \u00e0 sortir de la synagogue apr\u00e8s l\u2019office du Chabbat. C\u2019est le moment qu\u2019attendait\u00a0Kheiry Alkam, un jeune Arabe de 21 ans\u00a0qui, arriv\u00e9 en voiture dans le quartier paisible de Neve Yaakov, ouvre le feu sur ces hommes et ces femmes sans d\u00e9fense.<\/p>\n<p style=\\\"font-weight: 400;\\\">Bilan, sept morts et plusieurs bless\u00e9s, dont trois dans un \u00e9tat critique.\u00a0 Il tente alors de s\u2019enfuir, rencontre deux policiers, qu\u2019il cherche vainement \u00e0 abattre, et ce sont eux qui l\u2019\u00e9liminent.<\/p>\n<h2>Condamnations internationales, mais&#8230;<\/h2>\n<p style=\\\"font-weight: 400;\\\">Tandis que le secr\u00e9taire g\u00e9n\u00e9ral de l\u2019ONU Antonio Guterres condamne le soir m\u00eame fermement ce qu\u2019il qualifie d\u2019attentat particuli\u00e8rement abject perp\u00e9tr\u00e9 le jour de la comm\u00e9moration de l\u2019Holocauste et que la France d\u00e9nonce \u00ab une effroyable attaque terroriste ; tandis que le pr\u00e9sident des \u00c9tats-Unis Joe Biden prend le t\u00e9l\u00e9phone pour appeler le premier ministre isra\u00e9lien et lui affirmer son soutien, apr\u00e8s ce qu\u2019il voit comme une \u00ab attaque contre le monde civilis\u00e9 \u00bb, d\u2019autres sons de cloche se font h\u00e9las entendre.<\/p>\n<h2>P\u00e2tisseries et bonbons aux passants<\/h2>\n<p style=\\\"font-weight: 400;\\\">Selon Le Figaro \u00ab Les\u00a0porte-paroles du Hamas et du Djihad Islamique se sont conjointement f\u00e9licit\u00e9s de l\\&rsquo;attaque, \u00ab\u00a0une<em>\u00a0action h\u00e9ro\u00efque pour la vengeance du massacre de J\u00e9nine.\u00a0\u00bb<\/em>\u00a0L\\&rsquo;attentat a \u00e9t\u00e9 c\u00e9l\u00e9br\u00e9 dans toute la Cisjordanie, \u00e0 Gaza et dans des quartiers palestiniens de J\u00e9rusalem\u2026\u00c0 Shuafat, un quartier arabe de J\u00e9rusalem-Est, des Palestiniens ont distribu\u00e9 des p\u00e2tisseries aux passants.\u00a0\u00bb<\/p>\n<h4 style=\\\"font-weight: 400;\\\"><strong>Ces quelques phrases nous donnent la cl\u00e9 du conflit.\u00a0<\/strong><\/h4>\n<p style=\\\"font-weight: 400;\\\">Passons sur le choix de cette journ\u00e9e solennelle de comm\u00e9moration. Le terroriste n\u2019en a rien \u00e0 faire\u00a0; d\u2019ailleurs le d\u00e9ni de la Shoah est une constante du narratif palestinien. A-t-il seulement entendu parler d\u2019Auschwitz\u00a0?<\/p>\n<h2>La guerre de religions oubli\u00e9e<\/h2>\n<p style=\\\"font-weight: 400;\\\">Ce qui est s\u00fbr, c\\&rsquo;est qu\u2019il a pris pour cible des Juifs. Des Juifs pieux et non des Isra\u00e9liens. Des Isra\u00e9liens, il aurait pu en trouver dans les rues de J\u00e9rusalem ou de Tel Aviv, mais il voulait justement s\u2019en prendre \u00e0 des Juifs religieux et c\u2019est selon les t\u00e9moins en hurlant \u00ab\u00a0Allah Akhbar\u00a0\u00bb qu\u2019il s\u2019est livr\u00e9 \u00e0 ce massacre.<\/p>\n<p style=\\\"font-weight: 400;\\\">On touche du doigt \u00e0 la dimension religieuse qu\u2019aucun compromis ne saurait r\u00e9soudre.<\/p>\n<p style=\\\"font-weight: 400;\\\">Accompagn\u00e9e de la diabolisation de l\u2019\u00c9tat juif, elle explique l\u2019ind\u00e9cente explosion de joie saluant la mort de ces Juifs ha\u00efs sortant de leur temple impie.<\/p>\n<h2>\u00c0 elle seule, la vendetta ne se suffit pas<\/h2>\n<p style=\\\"font-weight: 400;\\\">La presse occidentale dans son ensemble occulte cet aspect et \u00ab explique \u00bb que l\u2019assassin voulait venger les morts de J\u00e9nine la veille\u202f, lors d\u2019une confrontation sanglante entre des terroristes et l\u2019arm\u00e9e, sans se demander ce qui l\u2019a amen\u00e9 \u00e0 penser que tuer des Juifs pieux serait une r\u00e9ponse l\u00e9gitime. Il est aussi beaucoup question du fait que Neve Yaakov est une \\\u00a0\u00bbcolonie\\\u00a0\u00bb (implantation) en territoire occup\u00e9, ce qui l\u00e0 aussi rendrait l\u2019attaque l\u00e9gitime. Ainsi, Le Monde (h\u00e9las) ne voit rien \u00e0 redire \u00e0 ce commentaire sign\u00e9 courageusement \u00a0: \u00ab anonyme<strong>\u00a0\u00bb<\/strong>\u00a0\u00a0\u00ab\u00a0C\\&rsquo;est avec la plus grande satisfaction que j\\&rsquo;apprends que des colons ont p\u00e9ri sur une terre qui ne leur appartient pas, et qu\\&rsquo;ils occupent militairement, parfois m\u00eame en violation des lois isra\u00e9liennes\u2026\u00a0\u00bb<\/p>\n<h2>L\\&rsquo;autre histoire d\\&rsquo;une implantation datant de 1924<\/h2>\n<p style=\\\"font-weight: 400;\\\">Pour m\u00e9moire, l\\&rsquo;implantation (\u00ab\u00a0colonie\u00a0\u00bb) de Neve Yaakov a \u00e9t\u00e9 fond\u00e9e en 1924 \u2013 vous avez bien lu \u2013 sur des terres achet\u00e9es en toute l\u00e9galit\u00e9 \u00e0 des propri\u00e9taires du village arabe voisin. Nomm\u00e9 \u00ab\u00a0Hakfar Haivri Neve Yaakov\u00a0\u00bb soit le village juif de Neve Yaakov , il a souffert des \u00e9meutes arabes de\u00a0\u00a0 1929, mais\u00a0a tenu bon jusqu\u2019\u00e0 ce que la l\u00e9gion arabe en chasse les habitants en 1948. La \u00ab\u00a0colonie\u00a0\u00bb dont parle la presse a \u00e9t\u00e9 \u00e9tablie en 1970 apr\u00e8s la Guerre des Six jours sur les ruines de ce village.<\/p>\n<h3 class=\\\"fusion-responsive-typography-calculated\\\" data-fontsize=\\\"16\\\" data-lineheight=\\\"24px\\\">Mich\u00e8le Mazel<\/h3>\n<div class=\\\"wp-block-image\\\">\n<figure class=\\\"alignleft size-thumbnail\\\"><img class=\\\"wp-image-19837\\\" src=\\\"https:\/\/israel247.org\/wp-content\/uploads\/2022\/01\/Screen-Shot-2021-05-14-at-17.20.21-150x150.jpg\\\" sizes=\\\"(max-width: 150px) 100vw, 150px\\\" srcset=\\\"https:\/\/israel247.org\/wp-content\/uploads\/2022\/01\/Screen-Shot-2021-05-14-at-17.20.21-150x150.jpg 150w, https:\/\/israel247.org\/wp-content\/uploads\/2022\/01\/Screen-Shot-2021-05-14-at-17.20.21-75x75.jpg 75w\\\" alt=\\\"\\\" width=\\\"150\\\" height=\\\"150\\\" data-pin-no-hover=\\\"true\\\" \/><\/figure>\n<\/div>\n<p>&nbsp;<\/p>\n<p class=\\\"has-small-font-size\\\"><em>Mich\u00e8le Mazel est dipl\u00f4m\u00e9e de Sciences-Po et licenci\u00e9e en Droit, et a \u00e9t\u00e9 boursi\u00e8re Fullbright en science politique. Pendant plus de trente ans, elle a accompagn\u00e9 de par le monde son mari, le diplomate Zvi Mazel, qui fut notamment ambassadeur d\u2019Isra\u00ebl en \u00c9gypte, en Roumanie et en Su\u00e8de. Elle en a tir\u00e9 la mati\u00e8re de nombreux ouvrages \u2013 thrillers et romans. Elle contribue r\u00e9guli\u00e8rement \u00e0 plusieurs organes de presse.<\/em><\/p>\n<p>&nbsp;<\/p>\n<p>&nbsp;<\/p>\n<p><strong>D\u00e9couvrez un exemplaire du magazine gratuitement et cliquez ensuite sur le rebord droit<\/strong><\/p>\n<p><a href=\\\"https:\/\/online.fliphtml5.com\/rjspi\/ypmm\/#p=1\\\"><strong>https:\/\/online.fliphtml5.com\/rjspi\/ypmm\/#p=1<\/strong><\/a><\/p>\n<p><strong>Votre magazine est livr\u00e9 chez vous en toute confidentialit\u00e9<br \/>\nS\u2019abonner au magazine par t\u00e9l\u00e9phone ou par whats app 00972 (0) 54 254 45 20 ou au 01 86 98 27 27<\/strong><\/p>\n<p><strong>Par email\u00a0\u00a0<\/strong><a href=\\\"mailto:Andredarmon21@gmail.com\\\"><strong>Andredarmon21@gmail.com<\/strong><\/a><strong>\u00a0 pay pal<\/strong><\/p>\n<p><strong>Ou directement sur le site<\/strong><\/p>\n<p><a href=\\\"https:\/\/israelmagazine.co.il\/sabonner-au-magazine\/\\\"><strong>https:\/\/israelmagazine.co.il\/sabonner-au-magazine\/<\/strong><\/a><\/p>\n<p><strong>Loi du Retour ou qui est Juif ?Ou encore S\u2019abonner au magazine livr\u00e9 chez vous en toute confidentialit\u00e9. Remplir le formulaire<\/strong><\/p>\n<p style=\\\"font-weight: 400;\\\"><a href=\\\"https:\/\/docs.google.com\/forms\/d\/e\/1FAIpQLSfPYJfb8KjEya-X17w0DGPAuBlCGvqVUdh_Is8EL810Lxw82A\/viewform?entry.1189475001=Recipient_Email\\\"><strong>https:\/\/docs.google.com\/forms\/d\/e\/1FAIpQLSfPYJfb8KjEya-X17w0DGPAuBlCGvqVUdh_Is8EL810Lxw82A\/viewform?entry.1189475001=Recipient_Email<\/strong><\/a><\/p>\n","protected":false},"excerpt":{"rendered":"<p>Meurtres \u00e0 la synagogue\u00a0: l\u2019all\u00e9gresse de la haine Mich\u00e8le Mazel Les faits d\u2019abord. Vendredi soir, les fid\u00e8les commencent \u00e0 sortir de la synagogue apr\u00e8s l\u2019office du Chabbat. C\u2019est le moment qu\u2019attendait\u00a0Kheiry Alkam, un jeune Arabe de 21 ans\u00a0qui, arriv\u00e9 en voiture dans le quartier paisible de Neve Yaakov, ouvre le feu sur ces hommes et &hellip;<\/p>\n<p class=\"read-more\"> <a class=\"\" href=\"https:\/\/israelmagazine.net\/?p=59632\"> <span class=\"screen-reader-text\">Meurtres \u00e0 la synagogue\u00a0: l\u2019all\u00e9gresse de la haine<\/span> Lire la suite \u00bb<\/a><\/p>\n","protected":false},"author":4,"featured_media":59633,"comment_status":"open","ping_status":"open","sticky":false,"template":"","format":"standard","meta":{"site-sidebar-layout":"default","site-content-layout":"default","ast-global-header-display":"","ast-main-header-display":"","ast-hfb-above-header-display":"","ast-hfb-below-header-display":"","ast-hfb-mobile-header-display":"","site-post-title":"","ast-breadcrumbs-content":"","ast-featured-img":"","footer-sml-layout":"","theme-transparent-header-meta":"","adv-header-id-meta":"","stick-header-meta":"","header-above-stick-meta":"","header-main-stick-meta":"","header-below-stick-meta":""},"categories":[84,1621,1387,1612,1671,1679,1642,841,1614,1674,1191,1616],"tags":[823,1628,1700,821],"sujet":[],"_links":{"self":[{"href":"https:\/\/israelmagazine.net\/index.php?rest_route=\/wp\/v2\/posts\/59632"}],"collection":[{"href":"https:\/\/israelmagazine.net\/index.php?rest_route=\/wp\/v2\/posts"}],"about":[{"href":"https:\/\/israelmagazine.net\/index.php?rest_route=\/wp\/v2\/types\/post"}],"author":[{"embeddable":true,"href":"https:\/\/israelmagazine.net\/index.php?rest_route=\/wp\/v2\/users\/4"}],"replies":[{"embeddable":true,"href":"https:\/\/israelmagazine.net\/index.php?rest_route=%2Fwp%2Fv2%2Fcomments&post=59632"}],"version-history":[{"count":0,"href":"https:\/\/israelmagazine.net\/index.php?rest_route=\/wp\/v2\/posts\/59632\/revisions"}],"wp:featuredmedia":[{"embeddable":true,"href":"https:\/\/israelmagazine.net\/index.php?rest_route=\/"}],"wp:attachment":[{"href":"https:\/\/israelmagazine.net\/index.php?rest_route=%2Fwp%2Fv2%2Fmedia&parent=59632"}],"wp:term":[{"taxonomy":"category","embeddable":true,"href":"https:\/\/israelmagazine.net\/index.php?rest_route=%2Fwp%2Fv2%2Fcategories&post=59632"},{"taxonomy":"post_tag","embeddable":true,"href":"https:\/\/israelmagazine.net\/index.php?rest_route=%2Fwp%2Fv2%2Ftags&post=59632"},{"taxonomy":"sujet","embeddable":true,"href":"https:\/\/israelmagazine.net\/index.php?rest_route=%2Fwp%2Fv2%2Fsujet&post=59632"}],"curies":[{"name":"wp","href":"https:\/\/api.w.org\/{rel}","templated":true}]}}