{"id":59640,"date":"2023-01-28T18:28:57","date_gmt":"2023-01-28T16:28:57","guid":{"rendered":"https:\/\/israelmagazine.net\/?p=59640"},"modified":"2023-01-28T18:28:57","modified_gmt":"2023-01-28T16:28:57","slug":"panique-en-algerie-suite-au-placement-de-drones-israeliens-a-la-frontiere-marocaine","status":"publish","type":"post","link":"https:\/\/israelmagazine.net\/?p=59640","title":{"rendered":"Panique en Alg\u00e9rie suite au placement de drones isra\u00e9liens \u00e0 la fronti\u00e8re marocaine"},"content":{"rendered":"<h1><img class=\\\"alignnone size-medium wp-image-59641\\\" src=\\\"https:\/\/israelmagazine.co.il\/wp-content\/uploads\/2023\/01\/Mon-projet-2023-01-28T181714.570-300x157.jpg\\\" alt=\\\"\\\" width=\\\"300\\\" height=\\\"157\\\" \/><\/h1>\n<h1><strong>Panique en Alg\u00e9rie suite au placement de drones isra\u00e9liens \u00e0 la fronti\u00e8re marocaine<\/strong><\/h1>\n<p><strong>\u00a0<\/strong><\/p>\n<p>Le Conseil supr\u00eame de s\u00e9curit\u00e9 alg\u00e9rien s\\&rsquo;inqui\u00e8te du positionnement de drones isra\u00e9liens \u00e0 la fronti\u00e8re avec le Maroc<\/p>\n<p>Les responsables militaires alg\u00e9riens ont tir\u00e9 la sonnette d\\&rsquo;alarme \u00e0 l\u2019intention du pr\u00e9sident\u00a0Tebboune, estimant que cette d\u00e9cision affecterait le rapport de force avec le Maroc, estimant que l\\&rsquo;Alg\u00e9rie n\\&rsquo;est pas encore pr\u00eate \u00e0 y faire face.<\/p>\n<p>&nbsp;<\/p>\n<p>La derni\u00e8re r\u00e9union du Conseil supr\u00eame de s\u00e9curit\u00e9 en Alg\u00e9rie, pr\u00e9sid\u00e9e par le pr\u00e9sident de la R\u00e9publique, Abdelmadjid\u00a0Tebboune, a abord\u00e9 la question du Maroc\u00a0: l\u2019assembl\u00e9e s\u2019inqui\u00e8te de son projet de d\u00e9ploiement d\\&rsquo;un nombre sans pr\u00e9c\u00e9dent de drones de fabrication isra\u00e9lienne sur ses fronti\u00e8res avec son voisin oriental, pr\u00e9vu pour ce mois de f\u00e9vrier. Cette situation a pouss\u00e9 l\\&rsquo;arm\u00e9e \u00e0 d\u00e9clarer l\\&rsquo;\u00e9tat d\\&rsquo;urgence.<\/p>\n<p>&nbsp;<\/p>\n<h2>Cette d\u00e9marche porte un coup dur \u00e0 l\\&rsquo;\u00e9quilibre militaire des forces entre les deux pays.<\/h2>\n<p>&nbsp;<\/p>\n<p>Dans le rapport du site \\\u00a0\u00bbMaghreb Modi\\&rsquo;in\\\u00a0\u00bb &#8211; le \\\u00a0\u00bbMaghreb Intelligence\\\u00a0\u00bb fran\u00e7ais-, les auteurs ont d\u00e9clar\u00e9 que \\\u00a0\u00bbles vents de panique ont souffl\u00e9 sur Alger\\\u00a0\u00bb, ce qui \u00e9tait \u00e9vident lors de la derni\u00e8re r\u00e9union du Conseil supr\u00eame de s\u00e9curit\u00e9 tenue le 18 janvier, 2023, dans laquelle le pr\u00e9sident\u00a0Tebboune\u00a0a obtenu une explication compl\u00e8te, comprenant la pr\u00e9sentation des informations v\u00e9rifi\u00e9es par toutes les branches de s\u00e9curit\u00e9 de l\\&rsquo;arm\u00e9e alg\u00e9rienne, concernant la volont\u00e9 du Maroc de placer des drones isra\u00e9liens t\u00e9l\u00e9command\u00e9s \u00e0 la fronti\u00e8re.<\/p>\n<p>&nbsp;<\/p>\n<p>Les m\u00eames rapports alg\u00e9riens ont indiqu\u00e9 qu\\&rsquo;\u00e0 partir de f\u00e9vrier, le Maroc\u00a0<em>d\u00e9ploiera un nombre sans pr\u00e9c\u00e9dent de drones d\\&rsquo;attaque<\/em>\u00a0qu\\&rsquo;il a re\u00e7us d\\&rsquo;Isra\u00ebl dans le cadre de l\\&rsquo;accord de coop\u00e9ration militaire sign\u00e9 entre les deux pays. Selon les renseignements militaires alg\u00e9riens, des unit\u00e9s de ces avions ont d\u00e9j\u00e0 commenc\u00e9 \u00e0 survoler la fronti\u00e8re Maroc &#8211; Alg\u00e9rie et au-dessus de certaines zones tr\u00e8s sensibles.<\/p>\n<h2>Un des drones isra\u00e9liens les plus sophistiqu\u00e9s<\/h2>\n<p>L\\&rsquo;arm\u00e9e alg\u00e9rienne a affirm\u00e9 qu\\&rsquo;elle disposait de preuves confirmant que le Maroc avait achet\u00e9 un certain nombre d\\&rsquo;appareils de navigation \u00e0 distance pour les avions sans pilote isra\u00e9liens, et en particulier le mod\u00e8le \\\u00a0\u00bbHeron TP\\\u00a0\u00bb, qui est l\\&rsquo;un des drones isra\u00e9liens les plus avanc\u00e9s. C\u2019est ce qui a pouss\u00e9 les responsables de l\\&rsquo;arm\u00e9e alg\u00e9rienne \u00e0 tirer la sonnette d\\&rsquo;alarme devant le pr\u00e9sident Tebboune, consid\u00e9rant que cette d\u00e9marche affectera le rapport de force avec le Maroc, et que l\\&rsquo;Alg\u00e9rie n\\&rsquo;est pas encore outill\u00e9e pour y faire face.<\/p>\n<p>&nbsp;<\/p>\n<p>Selon le m\u00eame rapport, l\\&rsquo;affaire est li\u00e9e \u00e0 \\\u00a0\u00bbune menace majeure pour la s\u00e9curit\u00e9 nationale de l\\&rsquo;Alg\u00e9rie\\\u00a0\u00bb, selon les estimations du Conseil supr\u00eame de s\u00e9curit\u00e9, et les premi\u00e8res n\u00e9gociations avec les parties occidentales et chinoises (pour l\\&rsquo;achat des \u00e9quipements correspondants, en mati\u00e8re de d\u00e9fense anti-a\u00e9rienne) doivent commencer.<\/p>\n<p>&nbsp;<\/p>\n<p>On ne sait pas officiellement combien de drones le Maroc a obtenus d\\&rsquo;Isra\u00ebl, mais de nombreux rapports isra\u00e9liens ont mentionn\u00e9 le fait que Rabat en avait d\u00e9j\u00e0 obtenu plusieurs unit\u00e9s, et le journal Haaretz avait pr\u00e9c\u00e9demment rendu compte de cet accord pour la premi\u00e8re fois, parlant, \u00e0 l\u2019\u00e9poque, de 3 drones Heron PT arriv\u00e9s en janvier 2021, pour une somme initiale d\\&rsquo;environ 50 millions de dollars, qui est du m\u00eame type mentionn\u00e9 dans le rapport fran\u00e7ais.<\/p>\n<p><strong>La suite de l\u2019article se trouve dans le prochain num\u00e9ro d\u2019Isra\u00ebl Magazine<\/strong><\/p>\n<p><strong>D\u00e9couvrez un exemplaire du magazine gratuitement et cliquez ensuite sur le rebord droit<\/strong><\/p>\n<p><a href=\\\"https:\/\/online.fliphtml5.com\/rjspi\/ypmm\/#p=1\\\"><strong>https:\/\/online.fliphtml5.com\/rjspi\/ypmm\/#p=1<\/strong><\/a><\/p>\n<p><strong>Votre magazine est livr\u00e9 chez vous en toute confidentialit\u00e9<br \/>\nS\u2019abonner au magazine par t\u00e9l\u00e9phone ou par whats app 00972 (0) 54 254 45 20 ou au 01 86 98 27 27<\/strong><\/p>\n<p><strong>Par email\u00a0\u00a0<\/strong><a href=\\\"mailto:Andredarmon21@gmail.com\\\"><strong>Andredarmon21@gmail.com<\/strong><\/a><strong>\u00a0 pay pal<\/strong><\/p>\n<p><strong>Ou directement sur le site<\/strong><\/p>\n<p><a href=\\\"https:\/\/israelmagazine.co.il\/sabonner-au-magazine\/\\\"><strong>https:\/\/israelmagazine.co.il\/sabonner-au-magazine\/<\/strong><\/a><\/p>\n<p><strong>Loi du Retour ou qui est Juif ?Ou encore S\u2019abonner au magazine livr\u00e9 chez vous en toute confidentialit\u00e9. Remplir le formulaire<\/strong><\/p>\n<p><a href=\\\"https:\/\/docs.google.com\/forms\/d\/e\/1FAIpQLSfPYJfb8KjEya-X17w0DGPAuBlCGvqVUdh_Is8EL810Lxw82A\/viewform?entry.1189475001=Recipient_Email\\\"><strong>https:\/\/docs.google.com\/forms\/d\/e\/1FAIpQLSfPYJfb8KjEya-X17w0DGPAuBlCGvqVUdh_Is8EL810Lxw82A\/viewform?entry.1189475001=Recipient_Email<\/strong><\/a><\/p>\n","protected":false},"excerpt":{"rendered":"<p>Panique en Alg\u00e9rie suite au placement de drones isra\u00e9liens \u00e0 la fronti\u00e8re marocaine \u00a0 Le Conseil supr\u00eame de s\u00e9curit\u00e9 alg\u00e9rien s\\&rsquo;inqui\u00e8te du positionnement de drones isra\u00e9liens \u00e0 la fronti\u00e8re avec le Maroc Les responsables militaires alg\u00e9riens ont tir\u00e9 la sonnette d\\&rsquo;alarme \u00e0 l\u2019intention du pr\u00e9sident\u00a0Tebboune, estimant que cette d\u00e9cision affecterait le rapport de force avec &hellip;<\/p>\n<p class=\"read-more\"> <a class=\"\" href=\"https:\/\/israelmagazine.net\/?p=59640\"> <span class=\"screen-reader-text\">Panique en Alg\u00e9rie suite au placement de drones isra\u00e9liens \u00e0 la fronti\u00e8re marocaine<\/span> Lire la suite \u00bb<\/a><\/p>\n","protected":false},"author":4,"featured_media":59643,"comment_status":"open","ping_status":"open","sticky":false,"template":"","format":"standard","meta":{"site-sidebar-layout":"default","site-content-layout":"default","ast-global-header-display":"","ast-main-header-display":"","ast-hfb-above-header-display":"","ast-hfb-below-header-display":"","ast-hfb-mobile-header-display":"","site-post-title":"","ast-breadcrumbs-content":"","ast-featured-img":"","footer-sml-layout":"","theme-transparent-header-meta":"","adv-header-id-meta":"","stick-header-meta":"","header-above-stick-meta":"","header-main-stick-meta":"","header-below-stick-meta":""},"categories":[84,1621,3179,1191],"tags":[742],"sujet":[],"_links":{"self":[{"href":"https:\/\/israelmagazine.net\/index.php?rest_route=\/wp\/v2\/posts\/59640"}],"collection":[{"href":"https:\/\/israelmagazine.net\/index.php?rest_route=\/wp\/v2\/posts"}],"about":[{"href":"https:\/\/israelmagazine.net\/index.php?rest_route=\/wp\/v2\/types\/post"}],"author":[{"embeddable":true,"href":"https:\/\/israelmagazine.net\/index.php?rest_route=\/wp\/v2\/users\/4"}],"replies":[{"embeddable":true,"href":"https:\/\/israelmagazine.net\/index.php?rest_route=%2Fwp%2Fv2%2Fcomments&post=59640"}],"version-history":[{"count":0,"href":"https:\/\/israelmagazine.net\/index.php?rest_route=\/wp\/v2\/posts\/59640\/revisions"}],"wp:featuredmedia":[{"embeddable":true,"href":"https:\/\/israelmagazine.net\/index.php?rest_route=\/"}],"wp:attachment":[{"href":"https:\/\/israelmagazine.net\/index.php?rest_route=%2Fwp%2Fv2%2Fmedia&parent=59640"}],"wp:term":[{"taxonomy":"category","embeddable":true,"href":"https:\/\/israelmagazine.net\/index.php?rest_route=%2Fwp%2Fv2%2Fcategories&post=59640"},{"taxonomy":"post_tag","embeddable":true,"href":"https:\/\/israelmagazine.net\/index.php?rest_route=%2Fwp%2Fv2%2Ftags&post=59640"},{"taxonomy":"sujet","embeddable":true,"href":"https:\/\/israelmagazine.net\/index.php?rest_route=%2Fwp%2Fv2%2Fsujet&post=59640"}],"curies":[{"name":"wp","href":"https:\/\/api.w.org\/{rel}","templated":true}]}}