{"id":59647,"date":"2023-01-28T19:21:30","date_gmt":"2023-01-28T17:21:30","guid":{"rendered":"https:\/\/israelmagazine.net\/?p=59647"},"modified":"2023-01-28T19:21:30","modified_gmt":"2023-01-28T17:21:30","slug":"compte-rendu-du-spectacle-de-dieudonne-pas-la-moindre-connotation-antisemite-ou-raciste","status":"publish","type":"post","link":"https:\/\/israelmagazine.net\/?p=59647","title":{"rendered":"Compte-rendu du spectacle de Dieudonn\u00e9 : pas la moindre connotation antis\u00e9mite ou raciste&#8230;"},"content":{"rendered":"<div class=\\\"td_block_wrap tdb_title tdi_89 tdb-single-title td-pb-border-top td_block_template_1\\\" data-td-block-uid=\\\"tdi_89\\\">\n<div class=\\\"tdb-block-inner td-fix-index\\\">\n<h3>D\\&rsquo;apr\u00e8s ce compte-rendu d\\&rsquo;un journaliste d\\&rsquo;Oise-Hebdo, il n\\&rsquo;y a plus une seule allusion aux anciens th\u00e8mes de pr\u00e9dilection du Dieudonn\u00e9 de l\\&rsquo;\u00e9poque o\u00f9 il a \u00e9t\u00e9 mis au ban de la sc\u00e8ne fran\u00e7aise pour ses travers antis\u00e9mites et racistes. Il a enti\u00e8rement chang\u00e9 de registre, ax\u00e9 sur le Pardon et la r\u00e9paration de ses erreurs pass\u00e9es.<\/h3>\n<h1 class=\\\"tdb-title-text\\\">Compi\u00e8gne. On a vu le spectacle interdit de Dieudonn\u00e9<\/h1>\n<div><\/div>\n<\/div>\n<\/div>\n<div class=\\\"td_block_wrap tdb_single_subtitle tdi_90 td-pb-border-top td_block_template_1\\\" data-td-block-uid=\\\"tdi_90\\\">\n<div class=\\\"tdb-block-inner td-fix-index\\\">\n<p>Le tribunal administratif lui ayant donn\u00e9 raison, Dieudonn\u00e9 a pu jouer son spectacle \u00e0 Compi\u00e8gne. Il a choisi le cin\u00e9ma le Majectic.<\/p>\n<\/div>\n<\/div>\n<div class=\\\"td_block_wrap tdb_single_date tdi_91 td-pb-border-top date-article td_block_template_1 tdb-post-meta\\\" data-td-block-uid=\\\"tdi_91\\\">\n<div class=\\\"tdb-block-inner td-fix-index\\\"><time class=\\\"entry-date updated td-module-date\\\" datetime=\\\"2023-01-28T12:08:56+01:00\\\">28 JANVIER 2023<\/time><\/div>\n<\/div>\n<p>&nbsp;<\/p>\n<div class=\\\"wpb_wrapper td_block_wrap td_block_wrap tdb_single_current_post tdi_92 auteur-article td-pb-border-top td_block_template_1\\\">\n<div class=\\\"td-fix-index\\\">Par\u00a0<strong>Guillaume Grasset<\/strong><\/div>\n<\/div>\n<div class=\\\"td_block_wrap tdb_single_content tdi_93 td-pb-border-top td_block_template_1 td-post-content tagdiv-type\\\" data-td-block-uid=\\\"tdi_93\\\">\n<div class=\\\"tdb-block-inner td-fix-index\\\">\n<figure class=\\\"wp-block-image size-large\\\"><a class=\\\"td-modal-image\\\" href=\\\"https:\/\/www.oisehebdo.fr\/wp-content\/uploads\/2023\/01\/compiegne-dieudonne-majestic4-1024x809.jpg\\\"><img class=\\\"wp-image-103025 td-animation-stack-type0-2\\\" src=\\\"https:\/\/www.oisehebdo.fr\/wp-content\/uploads\/2023\/01\/compiegne-dieudonne-majestic4-1024x809.jpg\\\" sizes=\\\"(max-width: 1024px) 100vw, 1024px\\\" srcset=\\\"https:\/\/www.oisehebdo.fr\/wp-content\/uploads\/2023\/01\/compiegne-dieudonne-majestic4-1024x809.jpg 1024w, https:\/\/www.oisehebdo.fr\/wp-content\/uploads\/2023\/01\/compiegne-dieudonne-majestic4-300x237.jpg 300w, https:\/\/www.oisehebdo.fr\/wp-content\/uploads\/2023\/01\/compiegne-dieudonne-majestic4-768x607.jpg 768w, https:\/\/www.oisehebdo.fr\/wp-content\/uploads\/2023\/01\/compiegne-dieudonne-majestic4-696x550.jpg 696w, https:\/\/www.oisehebdo.fr\/wp-content\/uploads\/2023\/01\/compiegne-dieudonne-majestic4-600x474.jpg 600w, https:\/\/www.oisehebdo.fr\/wp-content\/uploads\/2023\/01\/compiegne-dieudonne-majestic4.jpg 1052w\\\" alt=\\\"\\\" width=\\\"1024\\\" height=\\\"809\\\" \/><\/a><figcaption class=\\\"wp-element-caption\\\">A l\u2019issue de la repr\u00e9sentation, Dieudonn\u00e9 s\u2019est pr\u00eat\u00e9 au jeu des selfies avec ses fans. Photo : Guillaume Grasset<\/figcaption><\/figure>\n<p>\u00ab<em>Repr\u00e9sentation th\u00e9\u00e2trale ?<\/em>\u00bb \u00ab<em>Oui\u2026<\/em>\u00bb \u00ab<em>C\u2019est sur la droite en salle 3\u2026<\/em>\u00bb \u201cRepr\u00e9sentation th\u00e9\u00e2trale\u201d est le mot de passe pour assister au spectacle Foutu pour foutu de Dieudonn\u00e9, interdit par le maire Philippe Marini sur le territoire de Compi\u00e8gne, mais autoris\u00e9 par le tribunal administratif apr\u00e8s une proc\u00e9dure d\u2019urgence remport\u00e9e par l\u2019humoriste controvers\u00e9. Il a eu finalement lieu au cin\u00e9ma multiplex le Majestic.<\/p>\n<p>Malgr\u00e9 cette autorisation, Dieudonn\u00e9 a fait comme \u00e0 son habitude : il a envoy\u00e9 l\u2019adresse de son one-man-show deux heures avant par SMS aux d\u00e9tenteurs d\u2019une place, dont nous faisons partie, au prix de 40\u20ac. On apprendra que l\u2019\u00e9quipe de Dieudonn\u00e9 a r\u00e9serv\u00e9 la salle sous un autre nom.<\/p>\n<p>A l\u2019arriv\u00e9e au Majestic, deux personnes devancent les caisses et dirigent les spectateurs de ce spectacle clandestin, qui n\u2019ont pas \u00e0 passer par les caisses. La salle 3 est celle r\u00e9serv\u00e9e au film\u00a0<em>Tirailleurs<\/em>. Mais on ne verra pas Omar Sy, ce vendredi 27 janvier.<\/p>\n<figure class=\\\"wp-block-image size-full\\\"><a class=\\\"td-modal-image\\\" href=\\\"https:\/\/www.oisehebdo.fr\/wp-content\/uploads\/2023\/01\/compiegne-dieudonne-majestic.jpg\\\"><img class=\\\"wp-image-103026 td-animation-stack-type0-2\\\" src=\\\"https:\/\/www.oisehebdo.fr\/wp-content\/uploads\/2023\/01\/compiegne-dieudonne-majestic.jpg\\\" sizes=\\\"(max-width: 900px) 100vw, 900px\\\" srcset=\\\"https:\/\/www.oisehebdo.fr\/wp-content\/uploads\/2023\/01\/compiegne-dieudonne-majestic.jpg 900w, https:\/\/www.oisehebdo.fr\/wp-content\/uploads\/2023\/01\/compiegne-dieudonne-majestic-300x225.jpg 300w, https:\/\/www.oisehebdo.fr\/wp-content\/uploads\/2023\/01\/compiegne-dieudonne-majestic-768x576.jpg 768w, https:\/\/www.oisehebdo.fr\/wp-content\/uploads\/2023\/01\/compiegne-dieudonne-majestic-696x522.jpg 696w, https:\/\/www.oisehebdo.fr\/wp-content\/uploads\/2023\/01\/compiegne-dieudonne-majestic-265x198.jpg 265w, https:\/\/www.oisehebdo.fr\/wp-content\/uploads\/2023\/01\/compiegne-dieudonne-majestic-600x450.jpg 600w\\\" alt=\\\"\\\" width=\\\"900\\\" height=\\\"675\\\" \/><\/a><figcaption class=\\\"wp-element-caption\\\">C\u2019est cette salle du Majestic que l\u2019\u00e9quipe de Dieudonn\u00e9 a lou\u00e9e, sous un autre nom. On ne verra pas Omar Sy. Photo : Guillaume Grasset<\/figcaption><\/figure>\n<h2>Un petit mot pour le maire Philippe Marini<\/h2>\n<p>Les 274 spectateurs sont install\u00e9s. A 20h40, une voix off retentit. On entend Dieudonn\u00e9 conseiller aux spectateurs de ne pas h\u00e9siter \u00e0 aller se soulager avant le d\u00e9but du spectacle, \u00ab<em>en raison de l\u2019exigu\u00eft\u00e9 des lieux<\/em>\u00bb, rappelant que les derni\u00e8res repr\u00e9sentations ont eu lieu dans le Dieudobus, faute de salle disponible. \u00ab<em>Mais pas ce soir, on est dans une salle de cin\u00e9ma<\/em>\u00bb, se r\u00e9jouit l\u2019h\u00f4te.<\/p>\n<p>On entend ensuite Jean-Marie Bigard interview\u00e9 par Cyrille Hanouna dans TPMP, r\u00e9pondre qu\u2019il est hors de question pour lui de monter sur sc\u00e8ne. On entend ensuite le message de Jean-Marie Bigard laiss\u00e9 \u00e0 Dieudonn\u00e9, d\u00e9sol\u00e9 d\u2019annuler ce projet commun, en raison de la pression qu\u2019il subit.<\/p>\n<p>Dieudonn\u00e9 entre sur sc\u00e8ne, v\u00eatu d\u2019un boubou, rappelant son origine camerounaise. Il ne tarde pas \u00e0 parler de Philippe Marini : \u00ab<em>Marini\u2026 C\u2019est un joli nom, pourtant\u2026<\/em>\u00bb Il se dit pr\u00eat \u00e0 le rencontrer et \u00e0 pardonner, tout comme il vient lui-m\u00eame de demander pardon \u00e0 la communaut\u00e9 juive pour son escalade outranci\u00e8re dans l\u2019humour, comme il le formule lui-m\u00eame.<\/p>\n<p>\u00ab<em>T\u2019inqui\u00e8te pas, je vais faire un sketch\u2026<\/em>\u00bb dit-il aux spectateurs, apr\u00e8s cette introduction. Oui, il est quand m\u00eame l\u00e0 pour faire marrer.<\/p>\n<h2>Pas de quoi appeler la police, semble-t-il<\/h2>\n<p>On fait partie de ceux qui n\u2019ont pas entendu un sketch de l\u2019humoriste depuis qu\u2019il n\u2019est plus en duo avec \u00c9lie Semoun. Tout ce qu\u2019on sait de Dieudonn\u00e9, ce sont les pol\u00e9miques qu\u2019il suscite. \u00ab<em>Je suis devenu la lie de l\u2019humanit\u00e9\u2026<\/em>\u00a0sourit-il.\u00a0<em>Je suis pass\u00e9 du statut de mec qui fait des blagues \u00e0 Hitler.<\/em>\u00bb<\/p>\n<p>Il va faire d\u00e9filer des personnages venus des quatre coins de la plan\u00e8te, se lancer dans le pardon (encore le pardon) de ce que leur peuple a subi, avec une bonne dose de clich\u00e9s assum\u00e9s. \u00c7a n\u2019a pas l\u2019air dr\u00f4le, \u00e9crit comme \u00e7a, mais c\u2019est marrant (mince, j\u2019ai pas le droit de l\u2019\u00e9crire\u2026). Il \u00e9voque ensuite des th\u00e8mes de soci\u00e9t\u00e9 : la drogue, l\u2019euthanasie, la transsexualit\u00e9, la t\u00e9l\u00e9, un peu Macron\u2026<\/p>\n<h2>Selfies et d\u00e9dicaces avec les fans pour finir<\/h2>\n<p>A l\u2019issue de ce spectacle d\u2019une heure, on n\u2019a rien entendu qui semble tomber sous le coup de la loi.<\/p>\n<p>Dieudonn\u00e9 propose des selfies et des d\u00e9dicaces du livre qu\u2019il vend pour 15\u20ac, qui contient les lignes du spectacle \u00e9crit pour Bigard, et qui ne se jouera pas : \u00ab<em>Je me suis pourtant enferm\u00e9 deux semaines au Cameroun pour l\u2019\u00e9crire\u2026<\/em>\u00bb<\/p>\n<p>On en profite pour parler de la quenelle avec des fans, geste qu\u2019il a popularis\u00e9, consid\u00e9r\u00e9 comme antis\u00e9mite. Ils ne sont pas de cet avis, pr\u00e9sentant ce geste comme antisyst\u00e8me : \u00ab<em>\u00c7a veut juste dire que ceux qui nous gouvernent nous la mettent profond. Dieudonn\u00e9 n\u2019est pas antis\u00e9mite.<\/em>\u00bb<\/p>\n<p>\u00ab<em>Merci d\u2019\u00eatre l\u00e0 pour moi<\/em>\u00bb dit-il aux fans.<\/p>\n<figure class=\\\"wp-block-image size-full\\\"><a class=\\\"td-modal-image\\\" href=\\\"https:\/\/www.oisehebdo.fr\/wp-content\/uploads\/2023\/01\/compiegne-dieudonne-majestic2.jpg\\\"><img class=\\\"wp-image-103027 td-animation-stack-type0-2\\\" src=\\\"https:\/\/www.oisehebdo.fr\/wp-content\/uploads\/2023\/01\/compiegne-dieudonne-majestic2.jpg\\\" sizes=\\\"(max-width: 900px) 100vw, 900px\\\" srcset=\\\"https:\/\/www.oisehebdo.fr\/wp-content\/uploads\/2023\/01\/compiegne-dieudonne-majestic2.jpg 900w, https:\/\/www.oisehebdo.fr\/wp-content\/uploads\/2023\/01\/compiegne-dieudonne-majestic2-300x225.jpg 300w, https:\/\/www.oisehebdo.fr\/wp-content\/uploads\/2023\/01\/compiegne-dieudonne-majestic2-768x576.jpg 768w, https:\/\/www.oisehebdo.fr\/wp-content\/uploads\/2023\/01\/compiegne-dieudonne-majestic2-696x522.jpg 696w, https:\/\/www.oisehebdo.fr\/wp-content\/uploads\/2023\/01\/compiegne-dieudonne-majestic2-265x198.jpg 265w, https:\/\/www.oisehebdo.fr\/wp-content\/uploads\/2023\/01\/compiegne-dieudonne-majestic2-600x450.jpg 600w\\\" alt=\\\"\\\" width=\\\"900\\\" height=\\\"675\\\" \/><\/a><figcaption class=\\\"wp-element-caption\\\">272 spectateurs ont pris place dans la salle 3. Photo : Guillaume Grasset<\/figcaption><\/figure>\n<\/div>\n<\/div>\n","protected":false},"excerpt":{"rendered":"<p>D\\&rsquo;apr\u00e8s ce compte-rendu d\\&rsquo;un journaliste d\\&rsquo;Oise-Hebdo, il n\\&rsquo;y a plus une seule allusion aux anciens th\u00e8mes de pr\u00e9dilection du Dieudonn\u00e9 de l\\&rsquo;\u00e9poque o\u00f9 il a \u00e9t\u00e9 mis au ban de la sc\u00e8ne fran\u00e7aise pour ses travers antis\u00e9mites et racistes. Il a enti\u00e8rement chang\u00e9 de registre, ax\u00e9 sur le Pardon et la r\u00e9paration de ses erreurs &hellip;<\/p>\n<p class=\"read-more\"> <a class=\"\" href=\"https:\/\/israelmagazine.net\/?p=59647\"> <span class=\"screen-reader-text\">Compte-rendu du spectacle de Dieudonn\u00e9 : pas la moindre connotation antis\u00e9mite ou raciste&#8230;<\/span> Lire la suite \u00bb<\/a><\/p>\n","protected":false},"author":4,"featured_media":59648,"comment_status":"open","ping_status":"open","sticky":false,"template":"","format":"standard","meta":{"site-sidebar-layout":"default","site-content-layout":"default","ast-global-header-display":"","ast-main-header-display":"","ast-hfb-above-header-display":"","ast-hfb-below-header-display":"","ast-hfb-mobile-header-display":"","site-post-title":"","ast-breadcrumbs-content":"","ast-featured-img":"","footer-sml-layout":"","theme-transparent-header-meta":"","adv-header-id-meta":"","stick-header-meta":"","header-above-stick-meta":"","header-main-stick-meta":"","header-below-stick-meta":""},"categories":[84,1621,1630,2283,1615],"tags":[1063,1001],"sujet":[],"_links":{"self":[{"href":"https:\/\/israelmagazine.net\/index.php?rest_route=\/wp\/v2\/posts\/59647"}],"collection":[{"href":"https:\/\/israelmagazine.net\/index.php?rest_route=\/wp\/v2\/posts"}],"about":[{"href":"https:\/\/israelmagazine.net\/index.php?rest_route=\/wp\/v2\/types\/post"}],"author":[{"embeddable":true,"href":"https:\/\/israelmagazine.net\/index.php?rest_route=\/wp\/v2\/users\/4"}],"replies":[{"embeddable":true,"href":"https:\/\/israelmagazine.net\/index.php?rest_route=%2Fwp%2Fv2%2Fcomments&post=59647"}],"version-history":[{"count":0,"href":"https:\/\/israelmagazine.net\/index.php?rest_route=\/wp\/v2\/posts\/59647\/revisions"}],"wp:featuredmedia":[{"embeddable":true,"href":"https:\/\/israelmagazine.net\/index.php?rest_route=\/"}],"wp:attachment":[{"href":"https:\/\/israelmagazine.net\/index.php?rest_route=%2Fwp%2Fv2%2Fmedia&parent=59647"}],"wp:term":[{"taxonomy":"category","embeddable":true,"href":"https:\/\/israelmagazine.net\/index.php?rest_route=%2Fwp%2Fv2%2Fcategories&post=59647"},{"taxonomy":"post_tag","embeddable":true,"href":"https:\/\/israelmagazine.net\/index.php?rest_route=%2Fwp%2Fv2%2Ftags&post=59647"},{"taxonomy":"sujet","embeddable":true,"href":"https:\/\/israelmagazine.net\/index.php?rest_route=%2Fwp%2Fv2%2Fsujet&post=59647"}],"curies":[{"name":"wp","href":"https:\/\/api.w.org\/{rel}","templated":true}]}}