{"id":59653,"date":"2023-01-29T09:11:59","date_gmt":"2023-01-29T07:11:59","guid":{"rendered":"https:\/\/israelmagazine.net\/?p=59653"},"modified":"2023-01-29T09:11:59","modified_gmt":"2023-01-29T07:11:59","slug":"les-6-decisions-du-cabinet-securitaire-israelien","status":"publish","type":"post","link":"https:\/\/israelmagazine.net\/?p=59653","title":{"rendered":"Les 6 d\u00e9cisions du cabinet s\u00e9curitaire isra\u00e9lien\u00a0"},"content":{"rendered":"<h1><img class=\\\"alignnone size-medium wp-image-59659\\\" src=\\\"https:\/\/israelmagazine.co.il\/wp-content\/uploads\/2023\/01\/11054121-300x169.jpg\\\" alt=\\\"\\\" width=\\\"300\\\" height=\\\"169\\\" \/><\/h1>\n<h1 style=\\\"font-weight: 400;\\\">Les 6 d\u00e9cisions du cabinet s\u00e9curitaire isra\u00e9lien<\/h1>\n<h2 style=\\\"font-weight: 400;\\\">1)\u00a0\u00a0la maison du terroriste qui a assassin\u00e9 sept personnes \u00e0 Shabbat sera scell\u00e9e et d\u00e9truite \\\u00a0\u00bbd\u00e8s que possible\\\u00a0\u00bb.<\/h2>\n<h2 style=\\\"font-weight: 400;\\\"><strong>Voici quelles sont les autres d\u00e9cisions<\/strong><\/h2>\n<p>Le cabinet s\\&rsquo;est r\u00e9uni pendant environ trois heures et demie &#8211; et a d\u00e9cid\u00e9 de sceller la maison de Hayeri Alkam, -ce qui s\\&rsquo;est fait ce matin \u00e0 l\\&rsquo;aube &#8211; et qu\\&rsquo;il y aurait d\\&rsquo;autres discussions concernant le terroriste de 13 ans qui a bless\u00e9 deux personnes pr\u00e8s de la Cit\u00e9 de David, dont l\u2019officier-parachutiste de 23 ans qui l\u2019a neutralis\u00e9.<\/p>\n<p>Parmi les d\u00e9cisions : \\\u00a0\u00bbfaciliter les autorisations de port d\\&rsquo;armes \u00e0 des milliers de citoyens d\u00e9tenteurs du permis\\\u00a0\u00bb en acc\u00e9l\u00e9rant l\\&rsquo;octroi de licences d\\&rsquo;armes \u00e0 feu, viser au renforcement des implantations et encourager le refus de droits sociaux et de cartes d\\&rsquo;identit\u00e9 aux terroristes et \u00e0 leurs familles.<\/p>\n<h2>Viser l\\&rsquo;impact imm\u00e9diat pour briser la vague<\/h2>\n<p>Netanyahou a d\u00e9clar\u00e9 au d\u00e9but du conseil des ministres : \\\u00a0\u00bbLa r\u00e9ponse sera forte, rapide et pr\u00e9cise\\\u00a0\u00bb<\/p>\n<p>Le cabinet politico-s\u00e9curitaire a d\u00e9cid\u00e9 hier soir (samedi) que le domicile du terroriste Hayeri Alkam , qui a assassin\u00e9 sept personnes dans le quartier de Neve Ya\\&rsquo;akov \u00e0 J\u00e9rusalem , serait scell\u00e9 et d\u00e9truit \u00ab d\u00e8s que possible \u00bb. Des dizaines de personnes se sont rassembl\u00e9es hier devant la maison d\\&rsquo;Alkam, et son p\u00e8re Musa a d\u00e9clar\u00e9 hier\u00a0: \u00a0\\\u00a0\u00bbDieu merci,\u00a0<strong><em>Dieu a ordonn\u00e9 \u00e0 mon fils d\\&rsquo;\u00eatre un martyr<\/em><\/strong>\u00a0&#8211; et c\\&rsquo;est son destin\u00a0!!!\\\u00a0\u00bb.<\/p>\n<h2>6 mesures-phare avec le renfort de troupes de la police et de l\\&rsquo;arm\u00e9e<\/h2>\n<p style=\\\"font-weight: 400;\\\">\u00c0 la fin de la discussion, le cabinet a d\u00e9cid\u00e9 plusieurs mesures, \u00e0 la suite des attentats &#8211; mais pour le moment, on ne sait pas lesquelles d\\&rsquo;entre elles seront mises en \u0153uvre en priorit\u00e9 et \u00e0 quelle vitesse :<\/p>\n<ul>\n<li>Privation des droits \u00e0 l\\&rsquo;assurance nationale et autres prestations pour les familles des terroristes qui soutiennent le terrorisme.<\/li>\n<li>Refus de cartes d\\&rsquo;identit\u00e9 aux familles des terroristes qui soutiennent le terrorisme. La loi sera discut\u00e9e aujourd\\&rsquo;hui en conseil des ministres.<\/li>\n<li>Ajout du droit de port d\u2019armes \u00e0 feu \u00e0 des milliers de citoyens gr\u00e2ce \u00e0 l\\&rsquo;acc\u00e9l\u00e9ration et \u00e0 l\\&rsquo;\u00e9largissement de l\\&rsquo;octroi de licences d\\&rsquo;armes \u00e0 feu.<\/li>\n<li>Des mesures pour renforcer les implantations dont on a introduit le plan de construction cette semaine, \\\u00a0\u00bben r\u00e9ponse aux attaques odieuses et aux c\u00e9l\u00e9brations joyeuses qui ont suivi\\\u00a0\u00bb.<\/li>\n<li>Renforcement des forces de police et de l\\&rsquo;arm\u00e9e, arrestations \u00e0 grande \u00e9chelle et op\u00e9rations cibl\u00e9es de collecte d\\&rsquo;armes ill\u00e9gales.<\/li>\n<li>Comme mentionn\u00e9, la maison du terroriste qui a perp\u00e9tr\u00e9 l\\&rsquo;attaque terroriste \u00e0 J\u00e9rusalem sera imm\u00e9diatement mise sous scell\u00e9s en vue de sa d\u00e9molition.<\/li>\n<\/ul>\n<h2>L\\&rsquo;annulation des droits des familles terroristes<\/h2>\n<p>D\u00e9j\u00e0 l\\&rsquo;ann\u00e9e derni\u00e8re, une \u00e9quipe ex\u00e9cutive interminist\u00e9rielle a \u00e9t\u00e9 cr\u00e9\u00e9e pour traiter de la question des droits des familles de terroristes. La plupart des terroristes ne sont pas des r\u00e9sidents de l\\&rsquo;\u00c9tat d\\&rsquo;Isra\u00ebl et, par cons\u00e9quent, eux et leurs familles ne re\u00e7oivent pas de prestations depuis le d\u00e9but.<\/p>\n<p>L\\&rsquo;assurance nationale a d\u00e9clar\u00e9 qu\\&rsquo;entre 2019 et 2022, trois familles de terroristes ont re\u00e7u une allocation pour enfants et que le total des allocations vers\u00e9es aux terroristes au cours de ces ann\u00e9es \u00e9tait inf\u00e9rieur \u00e0 20 000 NIS.<\/p>\n<p>Les versements d\\&rsquo;allocations sont effectu\u00e9s conform\u00e9ment \u00e0 la loi, et toute modification n\u00e9cessite une l\u00e9gislation \u00e0 la Knesset.<\/p>\n<h2>Plus d\\&rsquo;allocations<\/h2>\n<p>Aujourd\\&rsquo;hui d\u00e9j\u00e0, pour ceux qui ont commis un crime nationaliste et en sont morts &#8211; leur famille est priv\u00e9e de certaines allocations, telles que les allocations de survivants et les allocations de d\u00e9c\u00e8s. M\u00eame les personnes condamn\u00e9es \u00e0 des peines de prison pour des motifs nationalistes n\\&rsquo;ont pas droit \u00e0 certaines allocations, comme, par exemple, une pension de vieillesse apr\u00e8s leur lib\u00e9ration.<\/p>\n<h2>Ben Gvir attaque la conseill\u00e8re juridique pour acc\u00e9l\u00e9rer les d\u00e9molitions<\/h2>\n<p>Au cours de la r\u00e9union du cabinet, qui a dur\u00e9 environ trois heures et demie, un d\u00e9bat s\\&rsquo;est d\u00e9velopp\u00e9 sur la question de la mise sous scell\u00e9s de la maison du terroriste, au cours duquel le ministre de la S\u00e9curit\u00e9 nationale, Itamar Ben Gvir a attaqu\u00e9 le conseiller juridique du gouvernement &#8211; comme il l\\&rsquo;avait fait avant la d\u00e9bat.<\/p>\n<p>Ben Gvir a affirm\u00e9 que le Shin Bet et Tsahal se sont impliqu\u00e9s dans la question du scellement de la maison d\u00e8s que possible, et a ajout\u00e9 qu\\&rsquo;\\\u00a0\u00bb\u00e0 08 h 00, nous avons apport\u00e9 \u00e0 la consultation juridique le mat\u00e9riel qui \u00e9tait pr\u00eat \u00e0 \u00eatre sign\u00e9, il n\\&rsquo;y avait aucune raison de ne pas l\\&rsquo;approuver alors et de terminer l\\&rsquo;affaire. Le plan \u00e9tait de le faire\u00a0<strong><em>au plus tard le samedi matin<\/em><\/strong>\u00a0\u00bb.<\/p>\n<h2>R\u00e9agir au quart de tour pour expulser les familles de terroristes<\/h2>\n<p>Le ministre de la Justice Yariv Levin a affirm\u00e9 que le syst\u00e8me judiciaire \\\u00a0\u00bbne comprend pas la dimension\u00a0<strong><em>du temps\\\u00a0\u00bb et que s\\&rsquo;il n\\&rsquo;y a pas d\\&rsquo;action rapide<\/em><\/strong>, cela pourrait conduire plus tard \u00e0 une op\u00e9ration militaire. D\\&rsquo;autre part, la conseill\u00e8re juridique Gali Beharev-Miara a pr\u00e9cis\u00e9 que, contrairement aux affirmations, l\\&rsquo;avis compl\u00e9mentaire ne lui a \u00e9t\u00e9 pr\u00e9sent\u00e9 que le soir, apr\u00e8s la fin du Shabbat. \\\u00a0\u00bbVous avez demand\u00e9 la perfection\\\u00a0\u00bb, a d\u00e9clar\u00e9 Ben Gvir. \\\u00a0\u00bbVous n\\&rsquo;aviez pas besoin de plus que l\\&rsquo;avis \u00e0 08h00 du matin, avec la recommandation du Shin Bet et du g\u00e9n\u00e9ral commandant.\\\u00a0\u00bb<\/p>\n<p>Plus t\u00f4t, la conseill\u00e8re Miara a affirm\u00e9 que les paroles de Ben Gvir ne correspondaient pas \u00e0 la r\u00e9alit\u00e9.<\/p>\n<h2>Agir dans le cadre de la loi<\/h2>\n<p>\\\u00a0\u00bbComme cela a \u00e9t\u00e9 clairement indiqu\u00e9 au ministre Ben Gvir par les professionnels des autorit\u00e9s de s\u00e9curit\u00e9 et du minist\u00e8re de la Justice, les d\u00e9cisions d\\&rsquo;action du niveau politique doivent \u00eatre soutenues par une infrastructure factuelle, et il doit la pr\u00e9senter\\\u00a0\u00bb, a-t-elle d\u00e9clar\u00e9.<\/p>\n<p>\\\u00a0\u00bbEn cons\u00e9quence, il y a \u00e0 peine une heure (l\\&rsquo;annonce a \u00e9t\u00e9 faite entre 10h 00 et 18h30), l\\&rsquo;ach\u00e8vement des avis de s\u00e9curit\u00e9 a \u00e9t\u00e9 transf\u00e9r\u00e9 au consultant, et ceux-ci sont actuellement en cours d\\&rsquo;examen. Le conseiller juridique du gouvernement mettra tout en \u0153uvre pour fournir des outils juridiques qui permettront la mise en \u0153uvre de la politique du niveau politique. \u00bb<\/p>\n<h2>Incertitudes autour de la maison des parents du terroriste de Ihr David<\/h2>\n<p>Un haut responsable du syst\u00e8me judiciaire a m\u00eame affirm\u00e9 que Ben Gvir \\\u00a0\u00bbtente de renverser la responsabilit\u00e9 des conseils juridiques\\\u00a0\u00bb et que \\\u00a0\u00bbles choses seront faites d\\&rsquo;une mani\u00e8re conforme au droit international, pour\u00a0<strong><em>emp\u00eacher les poursuites contre Isra\u00ebl<\/em><\/strong>\\\u00a0\u00bb.<\/p>\n<p>\\\u00a0\u00bbBen Gvir assume ses responsabilit\u00e9s, on doit\u00a0<strong><em>\u00e9viter les poursuites contre Isra\u00ebl<\/em><\/strong>\u00a0\\\u00a0\u00bb<\/p>\n<p>Le cabinet a \u00e9galement discut\u00e9 de la mise sous scell\u00e9s du domicile du terroriste de Silwan, qui a perp\u00e9tr\u00e9 l\\&rsquo;attentat pr\u00e8s de la Cit\u00e9 de David &#8211; au cours duquel un p\u00e8re et son fils, un officier parachutiste, ont \u00e9t\u00e9 bless\u00e9s. Netanyahou voulait d\u00e9truire la maison au plus vite, et Ben Gvir a affirm\u00e9 que \u00ab le fait que personne n\\&rsquo;y ait \u00e9t\u00e9 assassin\u00e9 n\\&rsquo;a pas d\\&rsquo;importance. C\\&rsquo;\u00e9tait un miracle l\u00e0-bas parce qu\\&rsquo;ils avaient des armes, sinon c\\&rsquo;est un \u00e9v\u00e9nement qui aurait pu tuer huit personnes.\\\u00a0\u00bb En fin de compte, aucune d\u00e9cision n\\&rsquo;a \u00e9t\u00e9 prise concernant la maison du terroriste de Silwan, mais des discussions auront lieu \u00e0 ce sujet.<\/p>\n<h2>La peine de mort pour les terroristes en d\u00e9bat<\/h2>\n<p>Ben Gvir a \u00e9galement demand\u00e9 dans la discussion d\\&rsquo;introduire la loi sur la peine de mort pour les terroristes. Les ministres ont \u00e9galement discut\u00e9 de la promotion d\\&rsquo;une peine minimale pour ceux qui portent des armes et ont soulign\u00e9 que bien que la peine dans la loi ait \u00e9t\u00e9 rendue plus s\u00e9v\u00e8re, le seuil des verdicts reste le m\u00eame et n\\&rsquo;est pas assez \u00e9lev\u00e9 \u00e0 leur avis.<\/p>\n<p>Au d\u00e9but de la r\u00e9union du cabinet, Netanyahou a d\u00e9clar\u00e9 : \\\u00a0\u00bbNotre r\u00e9ponse sera forte, rapide et pr\u00e9cise. Quiconque essaie de nous nuire &#8211; nous lui porterons pr\u00e9judice, ainsi qu\\&rsquo;\u00e0 quiconque l\\&rsquo;aidera. Nous avons d\u00e9j\u00e0 proc\u00e9d\u00e9 \u00e0 de nombreuses arrestations de partisans du terrorisme, d\\&rsquo;aides et d\u2019instigateurs. Nous augmentons nos forces et nous le faisons dans diff\u00e9rentes ar\u00e8nes. Et nous d\u00e9truirons les maisons des terroristes dans un\u00a0<strong><em>processus acc\u00e9l\u00e9r\u00e9<\/em><\/strong>\u00a0pour exiger un prix suppl\u00e9mentaire \u00e0 ceux qui ont soutenu le terrorisme.<\/p>\n<h2>Armes \u00e0 feu autoris\u00e9es et suspension de droits \u00e0 l\\&rsquo;assurance<\/h2>\n<p>Ce processus a d\u00e9j\u00e0 commenc\u00e9 hier et bat son plein. J\\&rsquo;apporterai au cabinet ce soir des mesures suppl\u00e9mentaires pour lutter contre le terrorisme. Cela comprend une acc\u00e9l\u00e9ration et une extension significatives de l\\&rsquo;octroi de\u00a0<strong><em>licences d\\&rsquo;armes \u00e0 feu<\/em><\/strong>\u00a0pour les citoyens titulaires d\\&rsquo;un permis. Comme nous l\\&rsquo;avons vu \u00e0 maintes reprises, y compris ce matin, cette chose sauve des vies. Je vais \u00e9galement apporter devant le cabinet le\u00a0<strong><em>d\u00e9ni des droits \u00e0 l\\&rsquo;assurance nationale<\/em><\/strong>\u00a0des familles qui soutiennent le terrorisme.<\/p>\n<p>Netanyahou a ajout\u00e9 : \u00ab Ce gouvernement agira fermement, de mani\u00e8re d\u00e9cisive et puissante contre le terrorisme, et nous le ferons calmement et de mani\u00e8re d\u00e9cisive. Nous ne recherchons pas une escalade, mais nous sommes pr\u00eats \u00e0 tout sc\u00e9nario. Dans le contexte de la crainte des tentatives de vengeance des extr\u00e9mistes , Netanyahou a d\u00e9clar\u00e9 : \u00ab J\\&rsquo;appelle \u00e0 nouveau les citoyens d\\&rsquo;Isra\u00ebl : ne vous faites pas justice vous-m\u00eame. Nous ne sommes pas \u00e0 l\\&rsquo;\u00e9poque de la lutte dans la clandestinit\u00e9 (Irgoun). Nous avons un pays souverain, avec une arm\u00e9e, un gouvernement et des forces de s\u00e9curit\u00e9 excellents. Laissez-les faire le travail.<\/p>\n<p><strong>La suite de l\u2019article se trouve dans le prochain num\u00e9ro d\u2019Isra\u00ebl Magazine<\/strong><\/p>\n<p><strong>D\u00e9couvrez un exemplaire du magazine gratuitement et cliquez ensuite sur le rebord droit<\/strong><\/p>\n<p><a href=\\\"https:\/\/online.fliphtml5.com\/rjspi\/ypmm\/#p=1\\\"><strong>https:\/\/online.fliphtml5.com\/rjspi\/ypmm\/#p=1<\/strong><\/a><\/p>\n<p><strong>Votre magazine est livr\u00e9 chez vous en toute confidentialit\u00e9<br \/>\nS\u2019abonner au magazine par t\u00e9l\u00e9phone ou par whats app 00972 (0) 54 254 45 20 ou au 01 86 98 27 27<\/strong><\/p>\n<p><strong>Par email\u00a0\u00a0<\/strong><a href=\\\"mailto:Andredarmon21@gmail.com\\\"><strong>Andredarmon21@gmail.com<\/strong><\/a><strong>\u00a0 pay pal<\/strong><\/p>\n<p><strong>Ou directement sur le site<\/strong><\/p>\n<p><a href=\\\"https:\/\/israelmagazine.co.il\/sabonner-au-magazine\/\\\"><strong>https:\/\/israelmagazine.co.il\/sabonner-au-magazine\/<\/strong><\/a><\/p>\n<p><strong>Loi du Retour ou qui est Juif ?Ou encore S\u2019abonner au magazine livr\u00e9 chez vous en toute confidentialit\u00e9. Remplir le formulaire<\/strong><\/p>\n<p><a href=\\\"https:\/\/docs.google.com\/forms\/d\/e\/1FAIpQLSfPYJfb8KjEya-X17w0DGPAuBlCGvqVUdh_Is8EL810Lxw82A\/viewform?entry.1189475001=Recipient_Email\\\"><strong>https:\/\/docs.google.com\/forms\/d\/e\/1FAIpQLSfPYJfb8KjEya-X17w0DGPAuBlCGvqVUdh_Is8EL810Lxw82A\/viewform?entry.1189475001=Recipient_Email<\/strong><\/a><\/p>\n","protected":false},"excerpt":{"rendered":"<p>Les 6 d\u00e9cisions du cabinet s\u00e9curitaire isra\u00e9lien 1)\u00a0\u00a0la maison du terroriste qui a assassin\u00e9 sept personnes \u00e0 Shabbat sera scell\u00e9e et d\u00e9truite \\\u00a0\u00bbd\u00e8s que possible\\\u00a0\u00bb. Voici quelles sont les autres d\u00e9cisions Le cabinet s\\&rsquo;est r\u00e9uni pendant environ trois heures et demie &#8211; et a d\u00e9cid\u00e9 de sceller la maison de Hayeri Alkam, -ce qui s\\&rsquo;est &hellip;<\/p>\n<p class=\"read-more\"> <a class=\"\" href=\"https:\/\/israelmagazine.net\/?p=59653\"> <span class=\"screen-reader-text\">Les 6 d\u00e9cisions du cabinet s\u00e9curitaire isra\u00e9lien\u00a0<\/span> Lire la suite \u00bb<\/a><\/p>\n","protected":false},"author":4,"featured_media":59658,"comment_status":"open","ping_status":"open","sticky":false,"template":"","format":"standard","meta":{"site-sidebar-layout":"default","site-content-layout":"default","ast-global-header-display":"","ast-main-header-display":"","ast-hfb-above-header-display":"","ast-hfb-below-header-display":"","ast-hfb-mobile-header-display":"","site-post-title":"","ast-breadcrumbs-content":"","ast-featured-img":"","footer-sml-layout":"","theme-transparent-header-meta":"","adv-header-id-meta":"","stick-header-meta":"","header-above-stick-meta":"","header-main-stick-meta":"","header-below-stick-meta":""},"categories":[84,1621,1387,1612,3146,841,1674,1191,1616,1624],"tags":[1739,1474,1628,1700,383,2569,1636,877],"sujet":[],"_links":{"self":[{"href":"https:\/\/israelmagazine.net\/index.php?rest_route=\/wp\/v2\/posts\/59653"}],"collection":[{"href":"https:\/\/israelmagazine.net\/index.php?rest_route=\/wp\/v2\/posts"}],"about":[{"href":"https:\/\/israelmagazine.net\/index.php?rest_route=\/wp\/v2\/types\/post"}],"author":[{"embeddable":true,"href":"https:\/\/israelmagazine.net\/index.php?rest_route=\/wp\/v2\/users\/4"}],"replies":[{"embeddable":true,"href":"https:\/\/israelmagazine.net\/index.php?rest_route=%2Fwp%2Fv2%2Fcomments&post=59653"}],"version-history":[{"count":0,"href":"https:\/\/israelmagazine.net\/index.php?rest_route=\/wp\/v2\/posts\/59653\/revisions"}],"wp:featuredmedia":[{"embeddable":true,"href":"https:\/\/israelmagazine.net\/index.php?rest_route=\/"}],"wp:attachment":[{"href":"https:\/\/israelmagazine.net\/index.php?rest_route=%2Fwp%2Fv2%2Fmedia&parent=59653"}],"wp:term":[{"taxonomy":"category","embeddable":true,"href":"https:\/\/israelmagazine.net\/index.php?rest_route=%2Fwp%2Fv2%2Fcategories&post=59653"},{"taxonomy":"post_tag","embeddable":true,"href":"https:\/\/israelmagazine.net\/index.php?rest_route=%2Fwp%2Fv2%2Ftags&post=59653"},{"taxonomy":"sujet","embeddable":true,"href":"https:\/\/israelmagazine.net\/index.php?rest_route=%2Fwp%2Fv2%2Fsujet&post=59653"}],"curies":[{"name":"wp","href":"https:\/\/api.w.org\/{rel}","templated":true}]}}