{"id":59679,"date":"2023-01-30T16:16:00","date_gmt":"2023-01-30T14:16:00","guid":{"rendered":"https:\/\/israelmagazine.net\/?p=59679"},"modified":"2023-01-30T16:16:00","modified_gmt":"2023-01-30T14:16:00","slug":"israel-et-pays-arabes-forgent-le-cyber-dome-de-fer","status":"publish","type":"post","link":"https:\/\/israelmagazine.net\/?p=59679","title":{"rendered":"Isra\u00ebl et pays arabes forgent le cyber-D\u00f4me de Fer\u00a0!"},"content":{"rendered":"<h1><img class=\\\"alignnone size-medium wp-image-59681\\\" src=\\\"https:\/\/israelmagazine.co.il\/wp-content\/uploads\/2023\/01\/Mon-projet-2023-01-30T160821.234-300x157.jpg\\\" alt=\\\"\\\" width=\\\"300\\\" height=\\\"157\\\" \/><\/h1>\n<h1><strong>Isra\u00ebl et pays arabes forgent le cyber-D\u00f4me de Fer\u00a0!<\/p>\n<p><\/strong><\/h1>\n<h2><strong>Les pays arabes et Isra\u00ebl discutent de la mise en place d\\&rsquo;un syst\u00e8me r\u00e9gional \u00a0\u00ab\u00a0D\u00f4me de Fer\u00a0\u00bb dans le domaine de la cybers\u00e9curit\u00e9<\/strong><\/h2>\n<p>&nbsp;<\/p>\n<p>La discussion portera sur la construction d\\&rsquo;un cadre r\u00e9gional int\u00e9gr\u00e9 pour am\u00e9liorer la cyberd\u00e9fense nationale et r\u00e9gionale<\/p>\n<p>Les directeurs de la cybers\u00e9curit\u00e9 d\\&rsquo;Isra\u00ebl, du Maroc, des \u00c9mirats arabes unis et de Bahre\u00efn participent cette semaine, \u00e0 la conf\u00e9rence CyberTech Global 2023 \u00e0 Tel Aviv sur la cybers\u00e9curit\u00e9, pour discuter de la construction d\\&rsquo;un cadre r\u00e9gional int\u00e9gr\u00e9 visant \u00e0 renforcer la cyberd\u00e9fense nationale et r\u00e9gionale.<\/p>\n<p>La mise en place de ce comit\u00e9 conjoint fait partie de l\u2019\u00e9v\u00e9nement, qui comprendra une s\u00e9rie de discussions concr\u00e8tes avec divers partenaires concernant la coop\u00e9ration et des visites aux principaux centres de guerre \u00e9lectronique en Isra\u00ebl. Cette visite fait suite \u00e0 la premi\u00e8re r\u00e9union du Quartet en d\u00e9cembre 2022 lors du premier Sommet \u00e9lectronique r\u00e9gional \u00e0 Bahre\u00efn.<\/p>\n<p>Isra\u00ebl a pr\u00e9c\u00e9demment annonc\u00e9 son intention de commencer \u00e0 construire le \\\u00a0\u00bbCyber-D\u00f4me de Fer\\\u00a0\u00bb, conjointement avec les pays arabes qui lui sont associ\u00e9s, contre les ennemis communs repr\u00e9sent\u00e9s par l\\&rsquo;Iran et ses alli\u00e9s et milices qui lui sont associ\u00e9s.<\/p>\n<p>La question est li\u00e9e \u00e0 la pr\u00e9sence de menaces croissantes des cyberguerriers iraniens, et le projet sera parall\u00e8le \u00e0 la coop\u00e9ration de ces pays dans le domaine de la d\u00e9fense a\u00e9rienne.<\/p>\n<p>&nbsp;<\/p>\n<p><strong>La suite de l\u2019article se trouve dans le prochain num\u00e9ro d\u2019Isra\u00ebl Magazine<\/strong><\/p>\n<p><strong>D\u00e9couvrez un exemplaire du magazine gratuitement et cliquez ensuite sur le rebord droit<\/strong><\/p>\n<p><a href=\\\"https:\/\/online.fliphtml5.com\/rjspi\/ypmm\/#p=1\\\"><strong>https:\/\/online.fliphtml5.com\/rjspi\/ypmm\/#p=1<\/strong><\/a><\/p>\n<p><strong>Votre magazine est livr\u00e9 chez vous en toute confidentialit\u00e9<br \/>\nS\u2019abonner au magazine par t\u00e9l\u00e9phone ou par whats app 00972 (0) 54 254 45 20 ou au 01 86 98 27 27<\/strong><\/p>\n<p><strong>Par email\u00a0\u00a0<\/strong><a href=\\\"mailto:Andredarmon21@gmail.com\\\"><strong>Andredarmon21@gmail.com<\/strong><\/a><strong>\u00a0 pay pal<\/strong><\/p>\n<p><strong>Ou directement sur le site<\/strong><\/p>\n<p><a href=\\\"https:\/\/israelmagazine.co.il\/sabonner-au-magazine\/\\\"><strong>https:\/\/israelmagazine.co.il\/sabonner-au-magazine\/<\/strong><\/a><\/p>\n<p><strong>Loi du Retour ou qui est Juif ?Ou encore S\u2019abonner au magazine livr\u00e9 chez vous en toute confidentialit\u00e9. Remplir le formulaire<\/strong><\/p>\n<p><a href=\\\"https:\/\/docs.google.com\/forms\/d\/e\/1FAIpQLSfPYJfb8KjEya-X17w0DGPAuBlCGvqVUdh_Is8EL810Lxw82A\/viewform?entry.1189475001=Recipient_Email\\\"><strong>https:\/\/docs.google.com\/forms\/d\/e\/1FAIpQLSfPYJfb8KjEya-X17w0DGPAuBlCGvqVUdh_Is8EL810Lxw82A\/viewform?entry.1189475001=Recipient_Email<\/strong><\/a><\/p>\n<p>&nbsp;<\/p>\n","protected":false},"excerpt":{"rendered":"<p>Isra\u00ebl et pays arabes forgent le cyber-D\u00f4me de Fer\u00a0! Les pays arabes et Isra\u00ebl discutent de la mise en place d\\&rsquo;un syst\u00e8me r\u00e9gional \u00a0\u00ab\u00a0D\u00f4me de Fer\u00a0\u00bb dans le domaine de la cybers\u00e9curit\u00e9 &nbsp; La discussion portera sur la construction d\\&rsquo;un cadre r\u00e9gional int\u00e9gr\u00e9 pour am\u00e9liorer la cyberd\u00e9fense nationale et r\u00e9gionale Les directeurs de la cybers\u00e9curit\u00e9 &hellip;<\/p>\n<p class=\"read-more\"> <a class=\"\" href=\"https:\/\/israelmagazine.net\/?p=59679\"> <span class=\"screen-reader-text\">Isra\u00ebl et pays arabes forgent le cyber-D\u00f4me de Fer\u00a0!<\/span> Lire la suite \u00bb<\/a><\/p>\n","protected":false},"author":4,"featured_media":59682,"comment_status":"open","ping_status":"open","sticky":false,"template":"","format":"standard","meta":{"site-sidebar-layout":"default","site-content-layout":"default","ast-global-header-display":"","ast-main-header-display":"","ast-hfb-above-header-display":"","ast-hfb-below-header-display":"","ast-hfb-mobile-header-display":"","site-post-title":"","ast-breadcrumbs-content":"","ast-featured-img":"","footer-sml-layout":"","theme-transparent-header-meta":"","adv-header-id-meta":"","stick-header-meta":"","header-above-stick-meta":"","header-main-stick-meta":"","header-below-stick-meta":""},"categories":[84,1621,1387,1612,1617,1679,1665,1610,841,822,3179,1614,1674,1623,1191,2837,1619,1615,3180],"tags":[1240,821],"sujet":[],"_links":{"self":[{"href":"https:\/\/israelmagazine.net\/index.php?rest_route=\/wp\/v2\/posts\/59679"}],"collection":[{"href":"https:\/\/israelmagazine.net\/index.php?rest_route=\/wp\/v2\/posts"}],"about":[{"href":"https:\/\/israelmagazine.net\/index.php?rest_route=\/wp\/v2\/types\/post"}],"author":[{"embeddable":true,"href":"https:\/\/israelmagazine.net\/index.php?rest_route=\/wp\/v2\/users\/4"}],"replies":[{"embeddable":true,"href":"https:\/\/israelmagazine.net\/index.php?rest_route=%2Fwp%2Fv2%2Fcomments&post=59679"}],"version-history":[{"count":0,"href":"https:\/\/israelmagazine.net\/index.php?rest_route=\/wp\/v2\/posts\/59679\/revisions"}],"wp:featuredmedia":[{"embeddable":true,"href":"https:\/\/israelmagazine.net\/index.php?rest_route=\/"}],"wp:attachment":[{"href":"https:\/\/israelmagazine.net\/index.php?rest_route=%2Fwp%2Fv2%2Fmedia&parent=59679"}],"wp:term":[{"taxonomy":"category","embeddable":true,"href":"https:\/\/israelmagazine.net\/index.php?rest_route=%2Fwp%2Fv2%2Fcategories&post=59679"},{"taxonomy":"post_tag","embeddable":true,"href":"https:\/\/israelmagazine.net\/index.php?rest_route=%2Fwp%2Fv2%2Ftags&post=59679"},{"taxonomy":"sujet","embeddable":true,"href":"https:\/\/israelmagazine.net\/index.php?rest_route=%2Fwp%2Fv2%2Fsujet&post=59679"}],"curies":[{"name":"wp","href":"https:\/\/api.w.org\/{rel}","templated":true}]}}