{"id":59762,"date":"2023-02-03T09:03:08","date_gmt":"2023-02-03T07:03:08","guid":{"rendered":"https:\/\/israelmagazine.net\/?p=59762"},"modified":"2023-02-03T09:03:08","modified_gmt":"2023-02-03T07:03:08","slug":"netanyahou-veut-construire-un-front-uni-avec-la-france-sur-liran","status":"publish","type":"post","link":"https:\/\/israelmagazine.net\/?p=59762","title":{"rendered":"Netanyahou veut construire un front uni avec la France contre l\\&rsquo;Iran"},"content":{"rendered":"<h1><img class=\\\"alignnone size-medium wp-image-59767\\\" src=\\\"https:\/\/israelmagazine.co.il\/wp-content\/uploads\/2023\/02\/63dc110398439.image1_-300x200.jpg\\\" alt=\\\"\\\" width=\\\"300\\\" height=\\\"200\\\" \/><\/h1>\n<h1>Netanyahou veut construire un front uni avec la France contre l\\&rsquo;Iran<\/h1>\n<p><strong>Par Marc Brzustowski<\/strong><\/p>\n<h2>Les destructions d\u2019usines de missiles iraniens contribuent \u00e0 soulager l\u2019Ukraine, m\u00eame si J\u00e9rusalem ren\u00e2cle \u00e0 fournir \u00e0 Kiev des d\u00e9fenses anti-a\u00e9riennes<\/h2>\n<p>Netanyahou a choisi la France du Pr\u00e9sident Emmanuel Macron, pour son <strong><em>premier voyage \u00e0 l\\&rsquo;\u00e9tranger<\/em><\/strong> depuis son retour au pouvoir. Il souligne qu\u2019il sera essentiellement question de l\\&rsquo;Iran. Et donc, indirectement, de la place d\u2019Isra\u00ebl dans sa lutte contre la production de missiles et de drones, qui frappent l\u2019Ukraine, depuis que Moscou devient tributaire de T\u00e9h\u00e9ran pour son armement lourd.<\/p>\n<p>&nbsp;<\/p>\n<h2>Accusations iraniennes d\\&rsquo;envoi de drones-suicide contre ses usines \u00e0 Ispahan<\/h2>\n<p>Le Premier ministre Benjamin Netanyahou a pouss\u00e9 jeudi \u00e0 construire un front commun avec la France contre T\u00e9h\u00e9ran. Depuis une semaine, la R\u00e9publique islamique accuse Isra\u00ebl d\\&rsquo;avoir fait exploser un d\u00e9p\u00f4t de munitions dans la ville iranienne d\\&rsquo;Ispahan.<\/p>\n<h2>J\u00e9rusalem, bouclier de la France contre \\\u00a0\u00bbles agressions iraniennes\\\u00a0\u00bb ?<\/h2>\n<p>Il a rencontr\u00e9 le pr\u00e9sident Emmanuel Macron presque imm\u00e9diatement apr\u00e8s son atterrissage, lors de son premier voyage \u00e0 l\\&rsquo;\u00e9tranger, depuis son retour au pouvoir fin d\u00e9cembre.<\/p>\n<p>Avant le d\u00e9part, il a d\u00e9clar\u00e9 que \\\u00a0\u00bble sujet principal de notre entretien sera l\\&rsquo;Iran, bien s\u00fbr, et les efforts conjoints pour lutter contre son agression et son aspiration \u00e0 obtenir des armes nucl\u00e9aires\\\u00a0\u00bb.<\/p>\n<h2>Des efforts conjoints avec les \u00c9tats-Unis<\/h2>\n<p>Son voyage fait suite \u00e0 une visite en Isra\u00ebl du secr\u00e9taire d\\&rsquo;\u00c9tat am\u00e9ricain Antony Blinken cette semaine. Or, elle s\\&rsquo;est \u00e9galement concentr\u00e9e sur le renforcement des efforts conjoints des deux gouvernements pour emp\u00eacher l\\&rsquo;Iran de devenir une puissance nucl\u00e9aire et mettre fin \u00e0 son agression r\u00e9gionale et mondiale.<\/p>\n<p>Le porte-parole adjoint du d\u00e9partement d\\&rsquo;\u00c9tat am\u00e9ricain, Vedant Patel, a soulign\u00e9 l\u2019importance de ces liens avec Washington mercredi.<\/p>\n<h2>D\u00e9samorcer les activit\u00e9s malveillantes de T\u00e9h\u00e9ran<\/h2>\n<p>\\\u00a0\u00bbIsra\u00ebl est un partenaire r\u00e9gional important et un alli\u00e9 dans la lutte contre les activit\u00e9s de l\\&rsquo;Iran dans la r\u00e9gion\\\u00a0\u00bb, a d\u00e9clar\u00e9 Patel. Il a expliqu\u00e9 que cela incluait des efforts pour combattre \\\u00a0\u00bbcertaines des activit\u00e9s d\u00e9stabilisatrices et malveillantes de l\\&rsquo;Iran, y compris le travail pour s\\&rsquo;assurer que l\\&rsquo;Iran n\\&rsquo;obtienne jamais une arme nucl\u00e9aire\\\u00a0\u00bb.<\/p>\n<h2>Isra\u00ebl a plusieurs coups d\\&rsquo;avance sur l\\&rsquo;Iran &#8230; Et l\\&rsquo;Occident trop conciliant<\/h2>\n<p>Netanyahou entrevoit une opportunit\u00e9 de renforcer les relations avec ces deux pays dans ce domaine : il faut bien comprendre que la discorde entre lui et ses alli\u00e9s occidentaux au sujet de l\\&rsquo;accord de 2015 avec l\\&rsquo;Iran n\\&rsquo;est plus d\\&rsquo;actualit\u00e9, \u00e9tant donn\u00e9 l\\&rsquo;incapacit\u00e9 \u00e0 le raviver. Isra\u00ebl \u00e9tait donc pr\u00e9curseur, en attendant que ses partenaires n\u2019en viennent aux m\u00eames conclusions, au d\u00e9tour de la fourniture d\u2019armes l\u00e9tales \u00e0 la Russie dans le conflit en Ukraine.<\/p>\n<p>Cet \u00e9chec de l\u2019accord avort\u00e9 ouvre la possibilit\u00e9 de nouvelles strat\u00e9gies. <strong><em>L\\&rsquo;ex\u00e9cution de manifestants par l\\&rsquo;Iran<\/em><\/strong> et son soutien militaire \u00e0 la Russie ont durci l\\&rsquo;opinion internationale contre la R\u00e9publique islamique.<\/p>\n<p>Netanyahou s\\&rsquo;est particuli\u00e8rement attach\u00e9 \u00e0 influencer l\\&rsquo;Europe pour d\u00e9signer le Corps des gardiens de la r\u00e9volution islamique comme une entit\u00e9 terroriste.<\/p>\n<h2>Antagonisme iranien<\/h2>\n<p>Le Premier ministre a suscit\u00e9 un antagonisme accru de la part de T\u00e9h\u00e9ran, qui pense qu\\&rsquo;il est \u00e0 l\\&rsquo;origine de l\\&rsquo;attaque d\\&rsquo;Ispahan. Netanyahou et les responsables isra\u00e9liens ont refus\u00e9 de commenter l\\&rsquo;affaire.<\/p>\n<p>Mais dans une lettre au secr\u00e9taire g\u00e9n\u00e9ral de l\\&rsquo;ONU, Antonio Guterres, l\\&rsquo;ambassadeur d\\&rsquo;Iran, Amir Saeid Iravani, a d\u00e9clar\u00e9 que \\\u00a0\u00bbl\\&rsquo;enqu\u00eate primaire sugg\u00e9rait qu\\&rsquo;Isra\u00ebl \u00e9tait responsable\\\u00a0\u00bb de l\\&rsquo;attaque de samedi soir.<\/p>\n<h2>T\u00e9h\u00e9ran cherche \u00e0 se venger partout sur la plan\u00e8te<\/h2>\n<p>\u00ab L\\&rsquo;Iran r\u00e9serve son droit l\u00e9gitime et inh\u00e9rent de d\u00e9fendre sa s\u00e9curit\u00e9 nationale et de r\u00e9pondre fermement \u00e0 toute menace ou acte r\u00e9pr\u00e9hensible du r\u00e9gime sioniste [Isra\u00ebl] partout et chaque fois qu\\&rsquo;il le juge n\u00e9cessaire \u00bb, a-t-il \u00e9crit.<\/p>\n<p>\u00ab Cette action entreprise par le r\u00e9gime sioniste va \u00e0 l\\&rsquo;encontre du droit international \u00bb, a-t-il d\u00e9clar\u00e9.<\/p>\n<h2>Moscou r\u00e9agit vivement \u00e0 la frappe d\\&rsquo;Ispahan<\/h2>\n<p>Moscou a \u00e9galement \u00e9mis une menace voil\u00e9e contre ceux qui \u00e9taient \u00e0 l\u2019origine de l\\&rsquo;attaque, alors que l\u2019Iran indiquait que l\\&rsquo;\u00c9tat juif \u00e9tait impliqu\u00e9. Il a \u00e9galement \u00e9mis une menace plus directe apr\u00e8s que Netanyahou a d\u00e9clar\u00e9 \u00e0 CNN qu\\&rsquo;il envisageait d\\&rsquo;envoyer des armes d\u00e9fensives \u00e0 l\\&rsquo;Ukraine. Jusqu\u2019\u00e0 pr\u00e9sent, il a h\u00e9sit\u00e9 \u00e0 prendre une telle d\u00e9cision, de peur de contrarier la Russie en Syrie.<\/p>\n<p>Il a \u00e9galement reconnu qu\\&rsquo;Isra\u00ebl avait attaqu\u00e9 des cibles impliqu\u00e9es dans la production d\\&rsquo;armes du type que T\u00e9h\u00e9ran pourrait envoyer en Russie pour que l\u2019arm\u00e9e russe les utilise contre l\\&rsquo;Ukraine.<\/p>\n<p>La porte-parole du minist\u00e8re russe des Affaires \u00e9trang\u00e8res, Maria Zakharova, a d\u00e9clar\u00e9 que tous les pays qui fournissent des armes devraient comprendre que son pays consid\u00e9rait ces armes comme des cibles l\u00e9gitimes. Une telle action conduira, selon elle, \u00e0 une \\\u00a0\u00bbescalade de la crise\\\u00a0\u00bb.<\/p>\n<h2>Comment agir pour l\\&rsquo;Ukraine sans se mettre Moscou \u00e0 dos<\/h2>\n<p>Isra\u00ebl a subi des pressions de la part des \u00c9tats-Unis et de l\\&rsquo;Occident pour qu\\&rsquo;il fasse davantage pour se tenir aux c\u00f4t\u00e9s de l\\&rsquo;Ukraine.<\/p>\n<p>Ces derni\u00e8res mesures sont susceptibles d\\&rsquo;aider \u00e0 l\\&rsquo;accueil de Netanyahou en France. Mais les deux dirigeants devraient \u00eatre en d\u00e9saccord sur le conflit isra\u00e9lo-palestinien, en particulier compte tenu de la promesse du Premier ministre d\\&rsquo;\u00e9tendre les implantations en Jud\u00e9e-Samarie.<\/p>\n<p>Netanyahou pr\u00e9voit \u00e9galement de profiter de ce voyage pour repousser les accusations int\u00e9rieures selon lesquelles son plan de refonte judiciaire pourrait nuire \u00e0 l\\&rsquo;\u00e9conomie du pays.<\/p>\n<p>Bibi Netanyahou va rencontrer les membres de la communaut\u00e9 juive fran\u00e7aise, mais aussi des entrepreneurs fran\u00e7ais.<\/p>\n<p><strong>La suite de l\u2019article se trouve dans le prochain num\u00e9ro d\u2019Isra\u00ebl Magazine<\/strong><\/p>\n<p><strong>D\u00e9couvrez un exemplaire du magazine gratuitement et cliquez ensuite sur le rebord droit<\/strong><\/p>\n<p><a href=\\\"https:\/\/online.fliphtml5.com\/rjspi\/ypmm\/#p=1\\\"><strong>https:\/\/online.fliphtml5.com\/rjspi\/ypmm\/#p=1<\/strong><\/a><\/p>\n<p><strong>Votre magazine est livr\u00e9 chez vous en toute confidentialit\u00e9<br \/>\nS\u2019abonner au magazine par t\u00e9l\u00e9phone ou par whats app 00972 (0) 54 254 45 20 ou au 01 86 98 27 27<\/strong><\/p>\n<p><strong>Par email\u00a0\u00a0<\/strong><a href=\\\"mailto:Andredarmon21@gmail.com\\\"><strong>Andredarmon21@gmail.com<\/strong><\/a><strong>\u00a0 pay pal<\/strong><\/p>\n<p><strong>Ou directement sur le site<\/strong><\/p>\n<p><a href=\\\"https:\/\/israelmagazine.co.il\/sabonner-au-magazine\/\\\"><strong>https:\/\/israelmagazine.co.il\/sabonner-au-magazine\/<\/strong><\/a><\/p>\n<p><strong>Loi du Retour ou qui est Juif ?Ou encore S\u2019abonner au magazine livr\u00e9 chez vous en toute confidentialit\u00e9. Remplir le formulaire<\/strong><\/p>\n<p><a href=\\\"https:\/\/docs.google.com\/forms\/d\/e\/1FAIpQLSfPYJfb8KjEya-X17w0DGPAuBlCGvqVUdh_Is8EL810Lxw82A\/viewform?entry.1189475001=Recipient_Email\\\"><strong>https:\/\/docs.google.com\/forms\/d\/e\/1FAIpQLSfPYJfb8KjEya-X17w0DGPAuBlCGvqVUdh_Is8EL810Lxw82A\/viewform?entry.1189475001=Recipient_Email<\/strong><\/a><\/p>\n","protected":false},"excerpt":{"rendered":"<p>Netanyahou veut construire un front uni avec la France contre l\\&rsquo;Iran Par Marc Brzustowski Les destructions d\u2019usines de missiles iraniens contribuent \u00e0 soulager l\u2019Ukraine, m\u00eame si J\u00e9rusalem ren\u00e2cle \u00e0 fournir \u00e0 Kiev des d\u00e9fenses anti-a\u00e9riennes Netanyahou a choisi la France du Pr\u00e9sident Emmanuel Macron, pour son premier voyage \u00e0 l\\&rsquo;\u00e9tranger depuis son retour au pouvoir. &hellip;<\/p>\n<p class=\"read-more\"> <a class=\"\" href=\"https:\/\/israelmagazine.net\/?p=59762\"> <span class=\"screen-reader-text\">Netanyahou veut construire un front uni avec la France contre l\\&rsquo;Iran<\/span> Lire la suite \u00bb<\/a><\/p>\n","protected":false},"author":4,"featured_media":59765,"comment_status":"open","ping_status":"open","sticky":false,"template":"","format":"standard","meta":{"site-sidebar-layout":"default","site-content-layout":"default","ast-global-header-display":"","ast-main-header-display":"","ast-hfb-above-header-display":"","ast-hfb-below-header-display":"","ast-hfb-mobile-header-display":"","site-post-title":"","ast-breadcrumbs-content":"","ast-featured-img":"","footer-sml-layout":"","theme-transparent-header-meta":"","adv-header-id-meta":"","stick-header-meta":"","header-above-stick-meta":"","header-main-stick-meta":"","header-below-stick-meta":""},"categories":[84,1621,1387,814,1612,1679,3146,2283,841,822,1622,1614,1674,1623,1191,2837,1615,1624,1616],"tags":[881,1001,1474,931,1700,1761,821],"sujet":[],"_links":{"self":[{"href":"https:\/\/israelmagazine.net\/index.php?rest_route=\/wp\/v2\/posts\/59762"}],"collection":[{"href":"https:\/\/israelmagazine.net\/index.php?rest_route=\/wp\/v2\/posts"}],"about":[{"href":"https:\/\/israelmagazine.net\/index.php?rest_route=\/wp\/v2\/types\/post"}],"author":[{"embeddable":true,"href":"https:\/\/israelmagazine.net\/index.php?rest_route=\/wp\/v2\/users\/4"}],"replies":[{"embeddable":true,"href":"https:\/\/israelmagazine.net\/index.php?rest_route=%2Fwp%2Fv2%2Fcomments&post=59762"}],"version-history":[{"count":0,"href":"https:\/\/israelmagazine.net\/index.php?rest_route=\/wp\/v2\/posts\/59762\/revisions"}],"wp:featuredmedia":[{"embeddable":true,"href":"https:\/\/israelmagazine.net\/index.php?rest_route=\/"}],"wp:attachment":[{"href":"https:\/\/israelmagazine.net\/index.php?rest_route=%2Fwp%2Fv2%2Fmedia&parent=59762"}],"wp:term":[{"taxonomy":"category","embeddable":true,"href":"https:\/\/israelmagazine.net\/index.php?rest_route=%2Fwp%2Fv2%2Fcategories&post=59762"},{"taxonomy":"post_tag","embeddable":true,"href":"https:\/\/israelmagazine.net\/index.php?rest_route=%2Fwp%2Fv2%2Ftags&post=59762"},{"taxonomy":"sujet","embeddable":true,"href":"https:\/\/israelmagazine.net\/index.php?rest_route=%2Fwp%2Fv2%2Fsujet&post=59762"}],"curies":[{"name":"wp","href":"https:\/\/api.w.org\/{rel}","templated":true}]}}