{"id":59789,"date":"2023-02-04T07:36:13","date_gmt":"2023-02-04T05:36:13","guid":{"rendered":"https:\/\/israelmagazine.net\/?p=59789"},"modified":"2023-02-04T07:36:13","modified_gmt":"2023-02-04T05:36:13","slug":"lutte-contre-lantisemitisme-et-le-racisme-letonnant-choix-francais","status":"publish","type":"post","link":"https:\/\/israelmagazine.net\/?p=59789","title":{"rendered":"Lutte contre l\u2019antis\u00e9mitisme et le racisme\u00a0: l\u2019\u00e9tonnant choix fran\u00e7ais"},"content":{"rendered":"<h1 style=\\\"text-align: center;\\\"><img class=\\\"alignnone size-medium wp-image-59796\\\" src=\\\"https:\/\/israelmagazine.co.il\/wp-content\/uploads\/2023\/02\/Mon-projet-2023-02-04T073849.149-300x157.jpg\\\" alt=\\\"\\\" width=\\\"300\\\" height=\\\"157\\\" \/><\/h1>\n<h1>Lutte contre l\u2019antis\u00e9mitisme et le racisme\u00a0: l\u2019\u00e9tonnant choix fran\u00e7ais<\/h1>\n<h2>Mich\u00e8le Mazel<\/h2>\n<p>\u00ab\u00a0La Premi\u00e8re ministre a pr\u00e9sent\u00e9 son plan national contre le racisme, l\u2019antis\u00e9mitisme et les discriminations li\u00e9es \u00e0 l\u2019origine.\u00a0\u00bb<\/p>\n<p>Le site officiel du gouvernement fran\u00e7ais qui donne cette nouvelle le 30 janvier pr\u00e9cise que \u00ab Chaque ann\u00e9e, en France, 1,2 million de victimes subissent une discrimination ou une atteinte \u00e0 caract\u00e8re raciste ou antis\u00e9mite. \u00bb<\/p>\n<h2>Pour lutter contre ce fl\u00e9au, le plan se donne cinq objectifs :<\/h2>\n<p>1. Mesurer<strong>\u00a0<\/strong>la r\u00e9alit\u00e9 du racisme, de l\u2019antis\u00e9mitisme et des discriminations<strong>\u00a0;<\/strong><\/p>\n<p>2. Oser nommer<strong>\u00a0<\/strong>la r\u00e9alit\u00e9 de la haine<strong>\u00a0;<\/strong><\/p>\n<p>3. \u00a0\u00a0Mieux \u00e9duquer<strong>\u00a0<\/strong>et former<strong>\u00a0; <\/strong><\/p>\n<p>4. Sanctionne<strong>r\u00a0<\/strong>les auteurs<strong>\u00a0;<\/strong><\/p>\n<p>5. Accompagner<strong>\u00a0<\/strong>les victimes.<\/p>\n<p>Le site officiel du gouvernement fran\u00e7ais pr\u00e9cise encore que ce plan a \u00e9t\u00e9 pr\u00e9sent\u00e9 le m\u00eame jour \u00e0 l\u2019<em><strong>Institut du Monde Arabe<\/strong><\/em>.<\/p>\n<p>On se perd en conjectures sur ce qui a pouss\u00e9 madame la premi\u00e8re ministre \u00e0 choisir justement ce majestueux b\u00e2timent.<\/p>\n<p>Certes, le Quai d\u2019Orsay est l\u2019un des plus gros contributeurs au budget de l\u2019institution et si\u00e8ge \u00e0 son conseil d\u2019administration.<\/p>\n<h2>Les pays contributeurs de l\\&rsquo;IMA<\/h2>\n<p>Toutefois, l\u2019institut est soutenu financi\u00e8rement par une Fondation cr\u00e9\u00e9e en commun par la <em><strong>France, l\u2019Alg\u00e9rie, l\u2019Arabie saoudite, Bahre\u00efn, Djibouti, les \u00c9mirats arabes unis, l\u2019Irak , la Jordanie, le Kowe\u00eft, le Liban, le Maroc, la Mauritanie, Oman, le Qatar, la Somalie, le Soudan, la Syrie, la Tunisie et le Y\u00e9men<\/strong><\/em>. Ces \u00e9tats fondateurs ont \u00e9t\u00e9 rejoints par la Libye, l\u2019\u00c9gypte et la Palestine.<\/p>\n<p>Force est de reconna\u00eetre qu\u2019\u00e0 l\u2019exception de la France, ce ne sont pas des pays qui se distinguent par leur lutte contre l\u2019antis\u00e9mitisme.<\/p>\n<p>D\u2019ailleurs, l\u2019exposition organis\u00e9e par l\u2019IMA sur le th\u00e8me \u00ab Juifs d\u2019Orient \u00bb a provoqu\u00e9 une lev\u00e9e de boucliers chez ce que Le Monde appelle \u00ab <strong><em>l\u2019intelligentsia arabe<\/em><\/strong> \u00bb qui y voyait des <em>signes explicites de <strong>normalisation<\/strong>\u00a0\u00bb\u00a0<\/em>avec Isra\u00ebl.<\/p>\n<h2>Palestinophilie ad nauseam<\/h2>\n<p>Pour \u00ab\u00a0apaiser les esprits\u00a0\u00bb ajoutait Le\u00a0Monde, \u00ab l\u2019IMA a pr\u00e9vu d\u2019organiser, un d\u00e9bat sur ses actions culturelles. Dans quelques semaines, il publiera en partenariat avec les \u00e9ditions du Seuil un ouvrage au titre \u00e9loquent\u00a0:\u00a0<em>\u00ab\u00a0<strong>Ce que la Palestine apporte au Monde<\/strong>\u00a0\u00bb<\/em>.<\/p>\n<p>La publication,\u00a0 plusieurs fois report\u00e9e, doit para\u00eetre enfin le 10 mars 2023 dans la collection \u00ab Araborama \u00bb cr\u00e9\u00e9e par l\u2019Institut du Monde Arabe et les \u00c9ditions du Seuil.<\/p>\n<p>On peut, d\u2019ores et d\u00e9j\u00e0, le pr\u00e9commander sur le site Amazon et sur celui de la FNAC. Il ne faut h\u00e9las pas s\u2019attendre \u00e0 un effort s\u00e9rieux ou \u00e0 un semblant d\u2019objectivit\u00e9.<\/p>\n<p>Il tient plus de la science-fiction que d\u2019une \u00e9tude historique. \u00a0\u00a0\u00ab Devenue le symbole de la colonisation dans un monde en train de se d\u00e9coloniser dans la deuxi\u00e8me moiti\u00e9 du XXe si\u00e8cle, la Palestine ne s\u2019appartient pas. Pour les uns, elle est un d\u00e9sir irr\u00e9pressible de se lib\u00e9rer de l\u2019oppression, le symbole du combat du plus faible pour ses droits inali\u00e9nables. Pour d\u2019autres, la Palestine signifie la guerre, le terrorisme, la mort. \u00bb<\/p>\n<p>Vous avez compris, ce savant ouvrage qui occulte toute r\u00e9f\u00e9rence \u00e0 <em><strong>l\u2019histoire et \u00e0 la pr\u00e9sence juives sur ce territoire<\/strong> <\/em>ne contribuera pas vraiment \u00e0 l\u2019\u00e9radication du racisme et de l\u2019antis\u00e9mitisme.<\/p>\n<p>L\u2019Institut du Monde Arabe ne se grandit pas en le publiant. Reste \u00e0 savoir si Madame la Premi\u00e8re Ministre en honorera le lancement de sa pr\u00e9sence.<\/p>\n<p style=\\\"text-align: center;\\\"><img class=\\\"alignnone size-medium wp-image-59791\\\" src=\\\"https:\/\/israelmagazine.co.il\/wp-content\/uploads\/2023\/02\/Image2Palmonde-300x300.jpg\\\" alt=\\\"\\\" width=\\\"300\\\" height=\\\"300\\\" \/><\/p>\n<p>&nbsp;<\/p>\n<p><strong>La suite de l\u2019article se trouve dans le prochain num\u00e9ro d\u2019Isra\u00ebl Magazine<\/strong><\/p>\n<p><strong>D\u00e9couvrez un exemplaire du magazine gratuitement et cliquez ensuite sur le rebord droit<\/strong><\/p>\n<p><a href=\\\"https:\/\/online.fliphtml5.com\/rjspi\/ypmm\/#p=1\\\"><strong>https:\/\/online.fliphtml5.com\/rjspi\/ypmm\/#p=1<\/strong><\/a><\/p>\n<p><strong>Votre magazine est livr\u00e9 chez vous en toute confidentialit\u00e9<br \/>\nS\u2019abonner au magazine par t\u00e9l\u00e9phone ou par whats app 00972 (0) 54 254 45 20 ou au 01 86 98 27 27<\/strong><\/p>\n<p><strong>Par email\u00a0\u00a0<\/strong><a href=\\\"mailto:Andredarmon21@gmail.com\\\"><strong>Andredarmon21@gmail.com<\/strong><\/a><strong>\u00a0 pay pal<\/strong><\/p>\n<p><strong>Ou directement sur le site<\/strong><\/p>\n<p><a href=\\\"https:\/\/israelmagazine.co.il\/sabonner-au-magazine\/\\\"><strong>https:\/\/israelmagazine.co.il\/sabonner-au-magazine\/<\/strong><\/a><\/p>\n<p><strong>Loi du Retour ou qui est Juif ?Ou encore S\u2019abonner au magazine livr\u00e9 chez vous en toute confidentialit\u00e9. Remplir le formulaire<\/strong><\/p>\n<p><a href=\\\"https:\/\/docs.google.com\/forms\/d\/e\/1FAIpQLSfPYJfb8KjEya-X17w0DGPAuBlCGvqVUdh_Is8EL810Lxw82A\/viewform?entry.1189475001=Recipient_Email\\\"><strong>https:\/\/docs.google.com\/forms\/d\/e\/1FAIpQLSfPYJfb8KjEya-X17w0DGPAuBlCGvqVUdh_Is8EL810Lxw82A\/viewform?entry.1189475001=Recipient_Email<\/strong><\/a><\/p>\n<p><strong><u>\u00a0<\/u><\/strong><\/p>\n","protected":false},"excerpt":{"rendered":"<p>Lutte contre l\u2019antis\u00e9mitisme et le racisme\u00a0: l\u2019\u00e9tonnant choix fran\u00e7ais Mich\u00e8le Mazel \u00ab\u00a0La Premi\u00e8re ministre a pr\u00e9sent\u00e9 son plan national contre le racisme, l\u2019antis\u00e9mitisme et les discriminations li\u00e9es \u00e0 l\u2019origine.\u00a0\u00bb Le site officiel du gouvernement fran\u00e7ais qui donne cette nouvelle le 30 janvier pr\u00e9cise que \u00ab Chaque ann\u00e9e, en France, 1,2 million de victimes subissent une &hellip;<\/p>\n<p class=\"read-more\"> <a class=\"\" href=\"https:\/\/israelmagazine.net\/?p=59789\"> <span class=\"screen-reader-text\">Lutte contre l\u2019antis\u00e9mitisme et le racisme\u00a0: l\u2019\u00e9tonnant choix fran\u00e7ais<\/span> Lire la suite \u00bb<\/a><\/p>\n","protected":false},"author":4,"featured_media":59792,"comment_status":"open","ping_status":"open","sticky":false,"template":"","format":"standard","meta":{"site-sidebar-layout":"default","site-content-layout":"default","ast-global-header-display":"","ast-main-header-display":"","ast-hfb-above-header-display":"","ast-hfb-below-header-display":"","ast-hfb-mobile-header-display":"","site-post-title":"","ast-breadcrumbs-content":"","ast-featured-img":"","footer-sml-layout":"","theme-transparent-header-meta":"","adv-header-id-meta":"","stick-header-meta":"","header-above-stick-meta":"","header-main-stick-meta":"","header-below-stick-meta":""},"categories":[84,1621,1387,1630,814,2283,841,1622,1673,1614,1191,1615],"tags":[825,1001,1628,1700,937,2569,877,1761,821],"sujet":[],"_links":{"self":[{"href":"https:\/\/israelmagazine.net\/index.php?rest_route=\/wp\/v2\/posts\/59789"}],"collection":[{"href":"https:\/\/israelmagazine.net\/index.php?rest_route=\/wp\/v2\/posts"}],"about":[{"href":"https:\/\/israelmagazine.net\/index.php?rest_route=\/wp\/v2\/types\/post"}],"author":[{"embeddable":true,"href":"https:\/\/israelmagazine.net\/index.php?rest_route=\/wp\/v2\/users\/4"}],"replies":[{"embeddable":true,"href":"https:\/\/israelmagazine.net\/index.php?rest_route=%2Fwp%2Fv2%2Fcomments&post=59789"}],"version-history":[{"count":0,"href":"https:\/\/israelmagazine.net\/index.php?rest_route=\/wp\/v2\/posts\/59789\/revisions"}],"wp:featuredmedia":[{"embeddable":true,"href":"https:\/\/israelmagazine.net\/index.php?rest_route=\/"}],"wp:attachment":[{"href":"https:\/\/israelmagazine.net\/index.php?rest_route=%2Fwp%2Fv2%2Fmedia&parent=59789"}],"wp:term":[{"taxonomy":"category","embeddable":true,"href":"https:\/\/israelmagazine.net\/index.php?rest_route=%2Fwp%2Fv2%2Fcategories&post=59789"},{"taxonomy":"post_tag","embeddable":true,"href":"https:\/\/israelmagazine.net\/index.php?rest_route=%2Fwp%2Fv2%2Ftags&post=59789"},{"taxonomy":"sujet","embeddable":true,"href":"https:\/\/israelmagazine.net\/index.php?rest_route=%2Fwp%2Fv2%2Fsujet&post=59789"}],"curies":[{"name":"wp","href":"https:\/\/api.w.org\/{rel}","templated":true}]}}