{"id":59921,"date":"2023-02-09T13:15:07","date_gmt":"2023-02-09T11:15:07","guid":{"rendered":"https:\/\/israelmagazine.net\/?p=59921"},"modified":"2023-02-09T13:15:07","modified_gmt":"2023-02-09T11:15:07","slug":"critiques-severes-de-la-haute-cour-face-a-lindecision-du-gouvernement-au-sujet-de-khan-al-ahmar","status":"publish","type":"post","link":"https:\/\/israelmagazine.net\/?p=59921","title":{"rendered":"Critiques s\u00e9v\u00e8res de la Haute Cour face \u00e0 l\\&rsquo;ind\u00e9cision du gouvernement, au sujet de Khan Al Ahmar"},"content":{"rendered":"<p dir=\\\"ltr\\\"><img class=\\\"alignnone size-medium wp-image-59926\\\" src=\\\"https:\/\/israelmagazine.co.il\/wp-content\/uploads\/2023\/02\/Mon-projet-2023-02-09T131749.597-300x157.jpg\\\" alt=\\\"\\\" width=\\\"300\\\" height=\\\"157\\\" \/><\/p>\n<p dir=\\\"ltr\\\"><strong><span style=\\\"font-size: xx-large;\\\">Critiques s\u00e9v\u00e8res de la Haute Cour face \u00e0 l\\&rsquo;ind\u00e9cision du gouvernement, au sujet de Khan Al Ahmar<\/span><\/strong><\/p>\n<p dir=\\\"ltr\\\">Le juge Solberg a donn\u00e9 deux mois \u00e0 l\\&rsquo;\u00c9tat pour r\u00e9pondre \u00e0 la demande\u00a0<i><b>d\\&rsquo;expulsion de Khan Al-Ahmar<\/b><\/i>\u00a0: \\\u00a0\u00bbNous ne sommes pas du tout \u00e0 l\\&rsquo;aise avec les reculades continuelles des acteurs de l\\&rsquo;\u00c9tat\\\u00a0\u00bb<\/p>\n<p dir=\\\"ltr\\\">Le juge de la Cour supr\u00eame Noam Solberg a rejet\u00e9, mardi 7 f\u00e9vrier, la demande de l\\&rsquo;\u00c9tat de reporter de quatre mois suppl\u00e9mentaires l\\&rsquo;expulsion de Khan Al Ahmar. Il ne lui a accord\u00e9 que deux mois.<\/p>\n<h2 dir=\\\"ltr\\\">Contradiction flagrante entre les postures et les actes<\/h2>\n<p dir=\\\"ltr\\\">Il a \u00e9galement critiqu\u00e9 la mani\u00e8re dont le gouvernement a trait\u00e9 la question et a \u00e9crit : \u00ab La prolongation que le gouvernement nous demande &#8211; la neuvi\u00e8me \u2013 dure depuis presque 4 ans, dans une longue s\u00e9rie de (non-) d\u00e9cisions ; il n\\&rsquo;y a pas lieu de s\\&rsquo;\u00e9tendre davantage. Il nous suffit de dire que nous ne sommes pas du tout \u00e0 l\\&rsquo;aise avec la conduite des d\u00e9cideurs de l\\&rsquo;\u00c9tat, qui se contredisent m\u00eame dans la mani\u00e8re de recourir \u00e0 ces demandes.\\\u00a0\u00bb<\/p>\n<p dir=\\\"ltr\\\">\\\u00a0\u00bbD\\&rsquo;une part, on a affirm\u00e9, \u00e0 plusieurs reprises, y compris dans la demande de prolongation dont nous sommes saisis, que\\\u00a0\u00bb l\\&rsquo;\u00e9chelon politique\u00a0<b><i>reste in\u00e9branlable dans sa position<\/i><\/b>\u00a0selon laquelle l\\&rsquo;\u00c9tat de droit exige l\\&rsquo;ex\u00e9cution des ordres de d\u00e9molition dans la zone de Khan Al Ahmar \\\u00a0\u00bb ; et d\\&rsquo;autre part, les actions des concern\u00e9s, jusqu\\&rsquo;\u00e0 pr\u00e9sent, montrent apparemment le contraire &#8211; qu\\&rsquo;ils sont parfaitement \u00e0 l\\&rsquo;aise avec la situation actuelle : tous les quelques mois, une demande de prolongation sera d\u00e9pos\u00e9e, la partie adverse s\\&rsquo;y opposera, le tribunal l\\&rsquo;accordera, m\u00eame si c\\&rsquo;est avec des grincements de dents, et le monde continuera de tourner selon cette coutume : \\&rsquo;d\u00e9cider de ne pas d\u00e9cider \\&rsquo;\\\u00a0\u00bb<\/p>\n<h2 dir=\\\"ltr\\\">Il devient ill\u00e9gal de ne rien faire<\/h2>\n<p dir=\\\"ltr\\\">\\\u00a0\u00bbCette ligne de conduite, peut-\u00eatre possible dans certains cas, en dehors des murs du tribunal, n\\&rsquo;est pas acceptable pour nous\\\u00a0\u00bb, a d\u00e9clar\u00e9 Solberg.<\/p>\n<p dir=\\\"ltr\\\">Le mouvement Regavim a r\u00e9pondu \u00e0 la d\u00e9cision de la Haute Cour et a d\u00e9clar\u00e9 : \\\u00a0\u00bbM\u00eame par une journ\u00e9e aussi froide, la Haute Cour ne<i><b>\u00a0devrait pas m\u00e9nager le gouvernement isra\u00e9lien<\/b><\/i>. Le gouvernement devrait formuler un plan de travail pour l\\&rsquo;\u00e9vacuation et l\\&rsquo;application de la loi.\u00e0 Khan al-Ahmar, dans le cadre d\\&rsquo;une lutte contre la prise de contr\u00f4le institutionnalis\u00e9e par l<b><i>\\&rsquo;Autorit\u00e9 palestinienne des zones ouvertes<\/i><\/b>\u00a0de Jud\u00e9e-Samarie \u00bb.<\/p>\n<h2 dir=\\\"ltr\\\">Qui est le patron : Bibi, Biden ou Abbas ?<\/h2>\n<p dir=\\\"ltr\\\">\\\u00a0\u00bbL\\&rsquo;\u00c9tat d\\&rsquo;Isra\u00ebl doit se comporter comme le<b><i>\u00a0propri\u00e9taire de la maison<\/i><\/b>, m\u00eame face \u00e0 la pression am\u00e9ricaine, sinon aucun facteur au monde ne prendra l\\&rsquo;\u00c9tat d\\&rsquo;Isra\u00ebl\u00a0<b><i>au s\u00e9rieux<\/i><\/b>\\\u00a0\u00bb, a ajout\u00e9 Regavim.<\/p>\n<p><strong>La suite de l\u2019article se trouve dans le prochain num\u00e9ro d\u2019Isra\u00ebl Magazine<\/strong><\/p>\n<p><strong>D\u00e9couvrez un exemplaire du magazine gratuitement et cliquez ensuite sur le rebord droit<\/strong><\/p>\n<p><a href=\\\"https:\/\/online.fliphtml5.com\/rjspi\/ypmm\/#p=1\\\"><strong>https:\/\/online.fliphtml5.com\/rjspi\/ypmm\/#p=1<\/strong><\/a><\/p>\n<p><strong>Votre magazine est livr\u00e9 chez vous en toute confidentialit\u00e9<br \/>\nS\u2019abonner au magazine par t\u00e9l\u00e9phone ou par whats app 00972 (0) 54 254 45 20 ou au 01 86 98 27 27<\/strong><\/p>\n<p><strong>Par email\u00a0\u00a0<\/strong><a href=\\\"mailto:Andredarmon21@gmail.com\\\"><strong>Andredarmon21@gmail.com<\/strong><\/a><strong>\u00a0 pay pal<\/strong><\/p>\n<p><strong>Ou directement sur le site<\/strong><\/p>\n<p><a href=\\\"https:\/\/israelmagazine.co.il\/sabonner-au-magazine\/\\\"><strong>https:\/\/israelmagazine.co.il\/sabonner-au-magazine\/<\/strong><\/a><\/p>\n<p><strong>Loi du Retour ou qui est Juif ?Ou encore S\u2019abonner au magazine livr\u00e9 chez vous en toute confidentialit\u00e9. Remplir le formulaire<\/strong><\/p>\n<p><a href=\\\"https:\/\/docs.google.com\/forms\/d\/e\/1FAIpQLSfPYJfb8KjEya-X17w0DGPAuBlCGvqVUdh_Is8EL810Lxw82A\/viewform?entry.1189475001=Recipient_Email\\\"><strong>https:\/\/docs.google.com\/forms\/d\/e\/1FAIpQLSfPYJfb8KjEya-X17w0DGPAuBlCGvqVUdh_Is8EL810Lxw82A\/viewform?entry.1189475001=Recipient_Email<\/strong><\/a><\/p>\n","protected":false},"excerpt":{"rendered":"<p>Critiques s\u00e9v\u00e8res de la Haute Cour face \u00e0 l\\&rsquo;ind\u00e9cision du gouvernement, au sujet de Khan Al Ahmar Le juge Solberg a donn\u00e9 deux mois \u00e0 l\\&rsquo;\u00c9tat pour r\u00e9pondre \u00e0 la demande\u00a0d\\&rsquo;expulsion de Khan Al-Ahmar\u00a0: \\\u00a0\u00bbNous ne sommes pas du tout \u00e0 l\\&rsquo;aise avec les reculades continuelles des acteurs de l\\&rsquo;\u00c9tat\\\u00a0\u00bb Le juge de la Cour &hellip;<\/p>\n<p class=\"read-more\"> <a class=\"\" href=\"https:\/\/israelmagazine.net\/?p=59921\"> <span class=\"screen-reader-text\">Critiques s\u00e9v\u00e8res de la Haute Cour face \u00e0 l\\&rsquo;ind\u00e9cision du gouvernement, au sujet de Khan Al Ahmar<\/span> Lire la suite \u00bb<\/a><\/p>\n","protected":false},"author":4,"featured_media":59922,"comment_status":"open","ping_status":"open","sticky":false,"template":"","format":"standard","meta":{"site-sidebar-layout":"default","site-content-layout":"default","ast-global-header-display":"","ast-main-header-display":"","ast-hfb-above-header-display":"","ast-hfb-below-header-display":"","ast-hfb-mobile-header-display":"","site-post-title":"","ast-breadcrumbs-content":"","ast-featured-img":"","footer-sml-layout":"","theme-transparent-header-meta":"","adv-header-id-meta":"","stick-header-meta":"","header-above-stick-meta":"","header-main-stick-meta":"","header-below-stick-meta":""},"categories":[84,1621,3146,1674,1623,1191],"tags":[2013,383,821],"sujet":[],"_links":{"self":[{"href":"https:\/\/israelmagazine.net\/index.php?rest_route=\/wp\/v2\/posts\/59921"}],"collection":[{"href":"https:\/\/israelmagazine.net\/index.php?rest_route=\/wp\/v2\/posts"}],"about":[{"href":"https:\/\/israelmagazine.net\/index.php?rest_route=\/wp\/v2\/types\/post"}],"author":[{"embeddable":true,"href":"https:\/\/israelmagazine.net\/index.php?rest_route=\/wp\/v2\/users\/4"}],"replies":[{"embeddable":true,"href":"https:\/\/israelmagazine.net\/index.php?rest_route=%2Fwp%2Fv2%2Fcomments&post=59921"}],"version-history":[{"count":0,"href":"https:\/\/israelmagazine.net\/index.php?rest_route=\/wp\/v2\/posts\/59921\/revisions"}],"wp:featuredmedia":[{"embeddable":true,"href":"https:\/\/israelmagazine.net\/index.php?rest_route=\/"}],"wp:attachment":[{"href":"https:\/\/israelmagazine.net\/index.php?rest_route=%2Fwp%2Fv2%2Fmedia&parent=59921"}],"wp:term":[{"taxonomy":"category","embeddable":true,"href":"https:\/\/israelmagazine.net\/index.php?rest_route=%2Fwp%2Fv2%2Fcategories&post=59921"},{"taxonomy":"post_tag","embeddable":true,"href":"https:\/\/israelmagazine.net\/index.php?rest_route=%2Fwp%2Fv2%2Ftags&post=59921"},{"taxonomy":"sujet","embeddable":true,"href":"https:\/\/israelmagazine.net\/index.php?rest_route=%2Fwp%2Fv2%2Fsujet&post=59921"}],"curies":[{"name":"wp","href":"https:\/\/api.w.org\/{rel}","templated":true}]}}