{"id":59937,"date":"2023-02-09T15:28:17","date_gmt":"2023-02-09T13:28:17","guid":{"rendered":"https:\/\/israelmagazine.net\/?p=59937"},"modified":"2023-02-09T15:28:17","modified_gmt":"2023-02-09T13:28:17","slug":"la-famille-druze-de-tiran-enleve-a-jenine-depose-plainte-a-la-cpi-contre-abbas","status":"publish","type":"post","link":"https:\/\/israelmagazine.net\/?p=59937","title":{"rendered":"La famille druze de Tiran, enlev\u00e9 \u00e0 J\u00e9nine d\u00e9pose plainte \u00e0 la CPI contre Abbas"},"content":{"rendered":"<h1><img class=\\\"alignnone size-medium wp-image-59941\\\" src=\\\"https:\/\/israelmagazine.co.il\/wp-content\/uploads\/2023\/02\/DSC4060-1024x6831-1-300x200.jpg\\\" alt=\\\"\\\" width=\\\"300\\\" height=\\\"200\\\" \/><\/h1>\n<h1><strong>La famille druze de Tiran, enlev\u00e9 \u00e0 J\u00e9nine d\u00e9pose une plainte \u00e0 la CPI contre Abbas <\/strong><\/h1>\n<p><strong>La famille de Tiran Fero affirme que les hommes arm\u00e9s qui l\\&rsquo;ont enlev\u00e9 de l\\&rsquo;h\u00f4pital \u00e9taient des <em>agents du parti du pr\u00e9sident palestinien Mahmoud Abbas<\/em>, et que la responsabilit\u00e9 l\u00e9gale de la mort de l\\&rsquo;adolescent incombe \u00e0 lui et \u00e0 son gouvernement<\/strong><\/p>\n<p>La famille d\\&rsquo;un adolescent isra\u00e9lien druze, qui a \u00e9t\u00e9 enlev\u00e9 en novembre dernier dans un h\u00f4pital de J\u00e9nine et tu\u00e9, a d\u00e9pos\u00e9 une plainte aupr\u00e8s de la Cour p\u00e9nale internationale de La Haye. Elle demande que l\\&rsquo;Autorit\u00e9 palestinienne fasse l\\&rsquo;objet d\\&rsquo;une enqu\u00eate sur son implication pr\u00e9sum\u00e9e.<\/p>\n<p>&nbsp;<\/p>\n<p><img class=\\\"alignnone size-medium wp-image-59943\\\" src=\\\"https:\/\/israelmagazine.co.il\/wp-content\/uploads\/2023\/02\/Bkm911ygTj_0_0_850_479_0_x-large1-300x169.png\\\" alt=\\\"\\\" width=\\\"300\\\" height=\\\"169\\\" \/><\/p>\n<p>La famille Fero exige que le tribunal enqu\u00eate sur la prise d\\&rsquo;otages dans le cadre d\\&rsquo;une campagne encourag\u00e9e et soutenue publiquement par le pr\u00e9sident palestinien Mahmoud Abbas.<\/p>\n<h2>L\\&rsquo;action de Shurat Hadin contre le terrorisme de l\\&rsquo;AP<\/h2>\n<p>Nitsana Darshan-Leitner a d\u00e9pos\u00e9 la plainte, au nom de Shurat Hadin (Centre Isra\u00e9lien pour la Justice). Ce document d\u00e9clare que la responsabilit\u00e9 p\u00e9nale dans la mort ultime de Tiran Fero incombe \u00e0 l\\&rsquo;Autorit\u00e9 Palestinienne, puisque les hommes arm\u00e9s qui ont enlev\u00e9 l\\&rsquo;adolescent de l\\&rsquo;h\u00f4pital appartenaient au parti Fatah d\\&rsquo;Abbas.<\/p>\n<p>Fero, 18 ans, a \u00e9t\u00e9 enlev\u00e9 par des Palestiniens arm\u00e9s dans un h\u00f4pital de J\u00e9nine o\u00f9 il suivait un traitement apr\u00e8s avoir \u00e9t\u00e9 victime d\u2019un accident de la circulation. Selon sa famille, l\\&rsquo;adolescent est d\u00e9c\u00e9d\u00e9 lorsque les ravisseurs l\\&rsquo;ont d\u00e9connect\u00e9 de l\\&rsquo;\u00e9quipement m\u00e9dical. Les terroristes ont d\u00e9tenu son corps, et l\\&rsquo;ont ensuite remis \u00e0 Isra\u00ebl sous la pression de l\\&rsquo;AP.<\/p>\n<p><img class=\\\"alignnone size-medium wp-image-59942\\\" src=\\\"https:\/\/israelmagazine.co.il\/wp-content\/uploads\/2023\/02\/Hyh2au28o_120_0_1026_578_0_x-large2-300x169.jpg\\\" alt=\\\"\\\" width=\\\"300\\\" height=\\\"169\\\" \/><\/p>\n<p><em>Hussam Fero<\/em><\/p>\n<p>Le p\u00e8re de Tiran, Hussam Fero, a d\u00e9clar\u00e9 que les services de s\u00e9curit\u00e9 palestiniens \u00e9taient pr\u00e9sents \u00e0 l\\&rsquo;h\u00f4pital lors de l\\&rsquo;enl\u00e8vement et \u00e9taient pleinement conscients du danger pour la vie de l\\&rsquo;adolescent. Mais, ils ont \\\u00a0\u00bbdisparu\\\u00a0\u00bb de l\\&rsquo;h\u00f4pital peu de temps avant que les djihadistes ne l\\&rsquo;enl\u00e8vent du centre m\u00e9dical.<\/p>\n<h2>L\\&rsquo;Autorit\u00e9 Palestinienne m\u00e9rite-t-elle un \u00e9tat ?<\/h2>\n<p>\\\u00a0\u00bbAu lieu de f\u00eater l\\&rsquo;anniversaire de mon fils le lendemain, je l\\&rsquo;ai enterr\u00e9\\\u00a0\u00bb, a d\u00e9clar\u00e9 le p\u00e8re du gar\u00e7on. \\\u00a0\u00bbQuelle barbarie impitoyable c\\&rsquo;est, de kidnapper un gar\u00e7on de l\\&rsquo;h\u00f4pital. Tuer un gar\u00e7on innocent. Tous ces hauts responsables de la s\u00e9curit\u00e9 de l\\&rsquo;Autorit\u00e9 palestinienne, qui \u00e9taient \u00e0 l\\&rsquo;h\u00f4pital et ont disparu des lieux au lieu de riposter et de le d\u00e9fendre, ne sont rien de moins que des meurtriers eux-m\u00eames. Et l\\&rsquo;Autorit\u00e9 palestinienne veut \u00eatre un \u00c9tat ? Cela devrait commencer par un comportement humain et la d\u00e9fense des personnes innocentes dans les h\u00f4pitaux. Nous sommes bris\u00e9s.<\/p>\n<p>La plainte d\u00e9clare que Tiran est la derni\u00e8re victime d\\&rsquo;une longue campagne de prises d\\&rsquo;otages, d\\&rsquo;enl\u00e8vements et de meurtres d\\&rsquo;Isra\u00e9liens par des Palestiniens. \u00c0 ce jour, deux citoyens isra\u00e9liens sont d\u00e9tenus par le Hamas \u00e0 Gaza et n\\&rsquo;ont aucun contact avec le monde ext\u00e9rieur. En outre, les corps de deux soldats de Tsahal, Oron Shaul et Hadar Goldin, sont d\u00e9tenus par le Hamas depuis la guerre de 2015 dans la Bande.<\/p>\n<h2>L\\&rsquo;absence de valeur morale de l\\&rsquo;Autorit\u00e9 Palestinienne<\/h2>\n<p>Pr\u00e9sidente du Centre de droit isra\u00e9lien, l\u2019avocate Nitsana Darshan-Leitner a d\u00e9clar\u00e9 que \\\u00a0\u00bble meurtre de ce gar\u00e7on innocent prouve une fois de plus que les acteurs terroristes sont d\u00e9nu\u00e9s de morale, sans respect pour la vie humaine et sans humanit\u00e9 minimale\\\u00a0\u00bb.<\/p>\n<p>Il est incroyable que lorsqu\\&rsquo;une correspondante d\\&rsquo;Al Jazeera, Shireen Abu Akleh, est tu\u00e9e par une balle perdue [de Tsahal] \u00e0 J\u00e9nine, le monde entier s\\&rsquo;est dress\u00e9 et a exig\u00e9 une enqu\u00eate. Mais lorsqu\\&rsquo;un gar\u00e7on isra\u00e9lien est assassin\u00e9, personne ne remet en question la fiabilit\u00e9 de l\\&rsquo;Autorit\u00e9 palestinienne. \u201d<\/p>\n<p><strong>La suite de l\u2019article se trouve dans le prochain num\u00e9ro d\u2019Isra\u00ebl Magazine<\/strong><\/p>\n<p><strong>D\u00e9couvrez un exemplaire du magazine gratuitement et cliquez ensuite sur le rebord droit<\/strong><\/p>\n<p><a href=\\\"https:\/\/online.fliphtml5.com\/rjspi\/ypmm\/#p=1\\\"><strong>https:\/\/online.fliphtml5.com\/rjspi\/ypmm\/#p=1<\/strong><\/a><\/p>\n<p><strong>Votre magazine est livr\u00e9 chez vous en toute confidentialit\u00e9<br \/>\nS\u2019abonner au magazine par t\u00e9l\u00e9phone ou par whats app 00972 (0) 54 254 45 20 ou au 01 86 98 27 27<\/strong><\/p>\n<p><strong>Par email\u00a0\u00a0<\/strong><a href=\\\"mailto:Andredarmon21@gmail.com\\\"><strong>Andredarmon21@gmail.com<\/strong><\/a><strong>\u00a0 pay pal<\/strong><\/p>\n<p><strong>Ou directement sur le site<\/strong><\/p>\n<p><a href=\\\"https:\/\/israelmagazine.co.il\/sabonner-au-magazine\/\\\"><strong>https:\/\/israelmagazine.co.il\/sabonner-au-magazine\/<\/strong><\/a><\/p>\n<p><strong>Loi du Retour ou qui est Juif ?Ou encore S\u2019abonner au magazine livr\u00e9 chez vous en toute confidentialit\u00e9. Remplir le formulaire<\/strong><\/p>\n<p><a href=\\\"https:\/\/docs.google.com\/forms\/d\/e\/1FAIpQLSfPYJfb8KjEya-X17w0DGPAuBlCGvqVUdh_Is8EL810Lxw82A\/viewform?entry.1189475001=Recipient_Email\\\"><strong>https:\/\/docs.google.com\/forms\/d\/e\/1FAIpQLSfPYJfb8KjEya-X17w0DGPAuBlCGvqVUdh_Is8EL810Lxw82A\/viewform?entry.1189475001=Recipient_Email<\/strong><\/a><\/p>\n","protected":false},"excerpt":{"rendered":"<p>La famille druze de Tiran, enlev\u00e9 \u00e0 J\u00e9nine d\u00e9pose une plainte \u00e0 la CPI contre Abbas La famille de Tiran Fero affirme que les hommes arm\u00e9s qui l\\&rsquo;ont enlev\u00e9 de l\\&rsquo;h\u00f4pital \u00e9taient des agents du parti du pr\u00e9sident palestinien Mahmoud Abbas, et que la responsabilit\u00e9 l\u00e9gale de la mort de l\\&rsquo;adolescent incombe \u00e0 lui et &hellip;<\/p>\n<p class=\"read-more\"> <a class=\"\" href=\"https:\/\/israelmagazine.net\/?p=59937\"> <span class=\"screen-reader-text\">La famille druze de Tiran, enlev\u00e9 \u00e0 J\u00e9nine d\u00e9pose plainte \u00e0 la CPI contre Abbas<\/span> Lire la suite \u00bb<\/a><\/p>\n","protected":false},"author":4,"featured_media":59938,"comment_status":"open","ping_status":"open","sticky":false,"template":"","format":"standard","meta":{"site-sidebar-layout":"default","site-content-layout":"default","ast-global-header-display":"","ast-main-header-display":"","ast-hfb-above-header-display":"","ast-hfb-below-header-display":"","ast-hfb-mobile-header-display":"","site-post-title":"","ast-breadcrumbs-content":"","ast-featured-img":"","footer-sml-layout":"","theme-transparent-header-meta":"","adv-header-id-meta":"","stick-header-meta":"","header-above-stick-meta":"","header-main-stick-meta":"","header-below-stick-meta":""},"categories":[84,1621,1387,814,841,1623],"tags":[383,877,821],"sujet":[],"_links":{"self":[{"href":"https:\/\/israelmagazine.net\/index.php?rest_route=\/wp\/v2\/posts\/59937"}],"collection":[{"href":"https:\/\/israelmagazine.net\/index.php?rest_route=\/wp\/v2\/posts"}],"about":[{"href":"https:\/\/israelmagazine.net\/index.php?rest_route=\/wp\/v2\/types\/post"}],"author":[{"embeddable":true,"href":"https:\/\/israelmagazine.net\/index.php?rest_route=\/wp\/v2\/users\/4"}],"replies":[{"embeddable":true,"href":"https:\/\/israelmagazine.net\/index.php?rest_route=%2Fwp%2Fv2%2Fcomments&post=59937"}],"version-history":[{"count":0,"href":"https:\/\/israelmagazine.net\/index.php?rest_route=\/wp\/v2\/posts\/59937\/revisions"}],"wp:featuredmedia":[{"embeddable":true,"href":"https:\/\/israelmagazine.net\/index.php?rest_route=\/"}],"wp:attachment":[{"href":"https:\/\/israelmagazine.net\/index.php?rest_route=%2Fwp%2Fv2%2Fmedia&parent=59937"}],"wp:term":[{"taxonomy":"category","embeddable":true,"href":"https:\/\/israelmagazine.net\/index.php?rest_route=%2Fwp%2Fv2%2Fcategories&post=59937"},{"taxonomy":"post_tag","embeddable":true,"href":"https:\/\/israelmagazine.net\/index.php?rest_route=%2Fwp%2Fv2%2Ftags&post=59937"},{"taxonomy":"sujet","embeddable":true,"href":"https:\/\/israelmagazine.net\/index.php?rest_route=%2Fwp%2Fv2%2Fsujet&post=59937"}],"curies":[{"name":"wp","href":"https:\/\/api.w.org\/{rel}","templated":true}]}}