{"id":59962,"date":"2023-02-10T15:26:59","date_gmt":"2023-02-10T13:26:59","guid":{"rendered":"https:\/\/israelmagazine.net\/?p=59962"},"modified":"2023-02-10T15:26:59","modified_gmt":"2023-02-10T13:26:59","slug":"un-enfant-de-6-et-un-jeune-de-20-ans-tues-dans-une-attaque-a-la-voiture-belier-a-jerusalem","status":"publish","type":"post","link":"https:\/\/israelmagazine.net\/?p=59962","title":{"rendered":"Un enfant de 6 et un jeune de 20 ans tu\u00e9s dans une attaque terroriste \u00e0 la voiture-b\u00e9lier \u00e0 J\u00e9rusalem"},"content":{"rendered":"<h1 dir=\\\"ltr\\\"><img class=\\\"alignnone size-medium wp-image-59968\\\" src=\\\"https:\/\/israelmagazine.co.il\/wp-content\/uploads\/2023\/02\/Ske7zVnXai_0_55_1280_721_0_x-large1-300x169.jpg\\\" alt=\\\"\\\" width=\\\"300\\\" height=\\\"169\\\" \/><\/h1>\n<h1 class=\\\"selectable-text copyable-text iq0m558w\\\" dir=\\\"ltr\\\"><span class=\\\"selectable-text copyable-text\\\">Un enfant de 6 et un jeune de 20 ans tu\u00e9s dans une attaque terroriste \u00e0 la voiture-b\u00e9lier \u00e0 J\u00e9rusalem<\/span><\/h1>\n<h2 class=\\\"selectable-text copyable-text iq0m558w\\\" dir=\\\"ltr\\\"><span class=\\\"selectable-text copyable-text\\\">Un policier qui n\\&rsquo;\u00e9tait pas en service et d\\&rsquo;autres agents qui sont arriv\u00e9s sur les lieux rapidement apr\u00e8s l\\&rsquo;attaque ont tir\u00e9 sur le terroriste.<\/span><\/h2>\n<p class=\\\"selectable-text copyable-text iq0m558w\\\" dir=\\\"ltr\\\"><span class=\\\"selectable-text copyable-text\\\">Un enfant de 6 ans et un homme dans la vingtaine, -l\\&rsquo;\u00e9tudiant en Yeshiva Alter Shlomo Lederman un hassid Pinsk Karlin, qui venait de se marier, -il y a deux mois, ont \u00e9t\u00e9 tu\u00e9s et cinq autres ont \u00e9t\u00e9 bless\u00e9s lors d\\&rsquo;une attaque terroriste \u00e0 la voiture-b\u00e9lier, pr\u00e8s du quartier de Ramot \u00e0 J\u00e9rusalem vendredi apr\u00e8s-midi.<\/span><\/p>\n<p dir=\\\"ltr\\\">Mais, pire, il semblerait (cela reste \u00e0 confirmer) que le jeune talmid ait \u00e9t\u00e9 tu\u00e9 par une balle perdue, tir\u00e9e pour neutraliser le terroriste&#8230;<\/p>\n<p class=\\\"selectable-text copyable-text iq0m558w\\\" dir=\\\"ltr\\\"><span class=\\\"selectable-text copyable-text\\\">Le terroriste, identifi\u00e9 comme \u00e9tant Hossein Karaka, un habitant de 31 ans du quartier d\\&rsquo;Isawiya \u00e0 J\u00e9rusalem-Est, a percut\u00e9 un arr\u00eat de bus \u00e0 l\\&rsquo;entr\u00e9e du quartier de Ramot.<\/span><\/p>\n<h2 dir=\\\"ltr\\\">D\u00e9molition imm\u00e9diate de l\\&rsquo;antre du tueur palestinien<\/h2>\n<p class=\\\"selectable-text copyable-text iq0m558w\\\" dir=\\\"ltr\\\"><span class=\\\"selectable-text copyable-text\\\">Le Premier ministre Benjamin Netanyahu a d\u00e9cid\u00e9 peu apr\u00e8s l\\&rsquo;attaque de sceller et de d\u00e9molir la maison de Karaka, exprimant ses condol\u00e9ances aux familles des victimes. \\\u00a0\u00bbJ\\&rsquo;ai proc\u00e9d\u00e9 \u00e0 une \u00e9valuation de la situation s\u00e9curitaire et ordonn\u00e9 aux forces de s\u00e9curit\u00e9 de renforcer, d\\&rsquo;effectuer des arrestations et d\\&rsquo;agir imm\u00e9diatement pour sceller la maison du terroriste et la d\u00e9molir. Notre r\u00e9ponse au terrorisme est de le frapper de toutes nos forces et d\\&rsquo;approfondir encore plus notre emprise sur notre pays. \\\u00a0\u00bb <\/span><\/p>\n<p class=\\\"selectable-text copyable-text iq0m558w\\\" dir=\\\"ltr\\\"><span class=\\\"selectable-text copyable-text\\\">Un policier qui n\\&rsquo;\u00e9tait pas en service et d\\&rsquo;autres agents qui sont arriv\u00e9s sur les lieux rapidement apr\u00e8s l\\&rsquo;attaque ont tir\u00e9 sur le terroriste.<\/span><\/p>\n<h2 dir=\\\"ltr\\\">D\u00e8s la pr\u00e9paration du Shabbat, les terroristes palestiniens sont sur le pied de guerre<\/h2>\n<p class=\\\"selectable-text copyable-text iq0m558w\\\" dir=\\\"ltr\\\"><span class=\\\"selectable-text copyable-text\\\">\\\u00a0\u00bbC\\&rsquo;est une sc\u00e8ne tr\u00e8s difficile, un terroriste qui s\\&rsquo;est violemment \u00e9cras\u00e9 \u00e0 travers une station de bus o\u00f9 se trouvaient de nombreuses familles\\\u00a0\u00bb, a d\u00e9clar\u00e9 Dovi Weinstern, membre de ZAKA. \\\u00a0\u00bbQuand je suis arriv\u00e9 l\u00e0-bas, j\\&rsquo;ai vu beaucoup d\\&rsquo;agitation, des images difficiles de personnes et d\\&rsquo;enfants v\u00eatus de v\u00eatements de Shabbat allong\u00e9s pr\u00e8s de l\u2019arr\u00eat de bus et souffrant de blessures graves, des appels \u00e0 l\\&rsquo;aide de toutes parts.\\\u00a0\u00bb<\/span><\/p>\n<p class=\\\"selectable-text copyable-text iq0m558w\\\" dir=\\\"ltr\\\"><span class=\\\"selectable-text copyable-text\\\">\\\u00a0\u00bbUne fois de plus, nous avons affaire \u00e0 un grave incident avec des meurtres et des blessures inflig\u00e9es \u00e0 des innocents, une attaque brutale vendredi apr\u00e8s-midi contre des civils qui attendaient \u00e0 un arr\u00eat de bus avant Shabbat.\\\u00a0\u00bb<\/span><\/p>\n<p class=\\\"selectable-text copyable-text iq0m558w\\\" dir=\\\"ltr\\\"><span class=\\\"selectable-text copyable-text\\\">Le maire de J\u00e9rusalem, Moshe Lion, a remerci\u00e9 les forces de s\u00e9curit\u00e9 pour leur travail d\\&rsquo;enqu\u00eate sur l\\&rsquo;incident, ajoutant : \u00ab Cela fait mal au c\u0153ur de se trouver devant des situations aussi difficiles. Un terroriste ignoble prend la vie d\\&rsquo;enfants et d\\&rsquo;adultes innocents simplement parce qu\\&rsquo;ils sont juifs. Nous sommes dans une p\u00e9riode tendue qui demande un surcro\u00eet de vigilance.\\\u00a0\u00bb<\/span><\/p>\n<p dir=\\\"ltr\\\">Gaza : Des enfants distribuent des bonbons aux passants en signe de joie suite \u00e0 l\\&rsquo;attentat de J\u00e9rusalem au cours duquel un gar\u00e7on isra\u00e9lien de 6 ans et un autre Isra\u00e9lien de 20 ans ont \u00e9t\u00e9 tu\u00e9s.<\/p>\n<p><strong>Itamar Ben Gvir, ministre de la S\u00e9curit\u00e9 int\u00e9rieure <\/strong>: \\\u00a0\u00bbJe demande \u00e0 la police isra\u00e9lienne de pr\u00e9parer <strong><em>des plans pour une \u00ab op\u00e9ration Bouclier d\u00e9fensif 2<\/em><\/strong> \u00bb, commen\u00e7ant dimanche \u00e0 J\u00e9rusalem-Est.<\/p>\n<p>J\\&rsquo;ai ordonn\u00e9 \u00e0 la police d\\&rsquo;installer des barrages routiers autour d\\&rsquo;Issawiya et d\\&rsquo;arr\u00eater les v\u00e9hicules un par un, de contr\u00f4ler chaque v\u00e9hicule. Je voulais faire une fermeture compl\u00e8te, mais il y a une question juridique \u00e0 ce sujet &#8211; et nous en discuterons. En tout cas, j\\&rsquo;ai ordonn\u00e9 \u00e0 la police de d\u00e9ployer des barrages routiers, autour d\\&rsquo;Issawiya, et ils vont \u00e9galement s\\&#8217;emparer de la maison du terroriste.<\/p>\n<p>Il est clair pour moi que les \u00e9tapes que je d\u00e9cris ici ne suffisent pas. Je veux mettre en \u0153uvre une l\u00e9gislation sur la <strong><em>peine de mort<\/em><\/strong> pour les terroristes. La semaine prochaine, nous pr\u00e9senterons une loi sur les armes \u00e0 feu, qui parle d\\&rsquo;aggraver la peine et de fouiller les maisons sans ordonnance du tribunal. Il reste encore beaucoup de choses \u00e0 faire, mais nous devons agir avec d\u00e9termination et fermet\u00e9, pour prot\u00e9ger nos enfants.\\\u00a0\u00bb<\/p>\n<p>&nbsp;<\/p>\n<h2>Rappel : la Premi\u00e8re op\u00e9ration Bouclier D\u00e9fensif\\\u00a0\u00bb, en 2002<\/h2>\n<p>La premi\u00e8re op\u00e9ration Bouclier d\u00e9fensif a \u00e9t\u00e9 la plus grande op\u00e9ration militaire, en Jud\u00e9e-Samarie depuis la guerre des Six jours de 1967, du 29 mars au 10 mai 2002.<\/p>\n<p><span>C\\&rsquo;\u00e9tait une r\u00e9ponse au paroxysme de la deuxi\u00e8me Intifada en 2002 et surtout \u00e0 l\\&rsquo;attentat surnomm\u00e9 le \\\u00a0\u00bbMassacre de la P\u00e2que\\\u00a0\u00bb, <\/span><span>dans l\\&rsquo;h\u00f4tel Park de Netanya qui avait fait 30 morts.<\/span><\/p>\n<p><span>Au cours de l\\&rsquo;op\u00e9ration, Tsahal est entr\u00e9e dans les villes palestiniennes avec des forces massives, y compris des r\u00e9servistes, faisant du porte-\u00e0-porte et de maison en maison pour d\u00e9truire l\\&rsquo;infrastructure terroriste. 30 soldats isra\u00e9liens ont \u00e9t\u00e9 tu\u00e9s et 127 ont \u00e9t\u00e9 bless\u00e9s.<\/span><\/p>\n<p><strong>La suite de l\u2019article se trouve dans le prochain num\u00e9ro d\u2019Isra\u00ebl Magazine<\/strong><\/p>\n<p><strong>D\u00e9couvrez un exemplaire du magazine gratuitement et cliquez ensuite sur le rebord droit<\/strong><\/p>\n<p><a href=\\\"https:\/\/online.fliphtml5.com\/rjspi\/ypmm\/#p=1\\\"><strong>https:\/\/online.fliphtml5.com\/rjspi\/ypmm\/#p=1<\/strong><\/a><\/p>\n<p><strong>Votre magazine est livr\u00e9 chez vous en toute confidentialit\u00e9<br \/>\nS\u2019abonner au magazine par t\u00e9l\u00e9phone ou par whats app 00972 (0) 54 254 45 20 ou au 01 86 98 27 27<\/strong><\/p>\n<p><strong>Par email\u00a0\u00a0<\/strong><a href=\\\"mailto:Andredarmon21@gmail.com\\\"><strong>Andredarmon21@gmail.com<\/strong><\/a><strong>\u00a0 pay pal<\/strong><\/p>\n<p><strong>Ou directement sur le site<\/strong><\/p>\n<p><a href=\\\"https:\/\/israelmagazine.co.il\/sabonner-au-magazine\/\\\"><strong>https:\/\/israelmagazine.co.il\/sabonner-au-magazine\/<\/strong><\/a><\/p>\n<p><strong>Loi du Retour ou qui est Juif ?Ou encore S\u2019abonner au magazine livr\u00e9 chez vous en toute confidentialit\u00e9. Remplir le formulaire<\/strong><\/p>\n<p><a href=\\\"https:\/\/docs.google.com\/forms\/d\/e\/1FAIpQLSfPYJfb8KjEya-X17w0DGPAuBlCGvqVUdh_Is8EL810Lxw82A\/viewform?entry.1189475001=Recipient_Email\\\"><strong>https:\/\/docs.google.com\/forms\/d\/e\/1FAIpQLSfPYJfb8KjEya-X17w0DGPAuBlCGvqVUdh_Is8EL810Lxw82A\/viewform?entry.1189475001=Recipient_Email<\/strong><\/a><\/p>\n<p><strong><u>\u00a0<\/u><\/strong><\/p>\n<p><strong><u>\u00a0<\/u><\/strong><\/p>\n","protected":false},"excerpt":{"rendered":"<p>Un enfant de 6 et un jeune de 20 ans tu\u00e9s dans une attaque terroriste \u00e0 la voiture-b\u00e9lier \u00e0 J\u00e9rusalem Un policier qui n\\&rsquo;\u00e9tait pas en service et d\\&rsquo;autres agents qui sont arriv\u00e9s sur les lieux rapidement apr\u00e8s l\\&rsquo;attaque ont tir\u00e9 sur le terroriste. Un enfant de 6 ans et un homme dans la vingtaine, &hellip;<\/p>\n<p class=\"read-more\"> <a class=\"\" href=\"https:\/\/israelmagazine.net\/?p=59962\"> <span class=\"screen-reader-text\">Un enfant de 6 et un jeune de 20 ans tu\u00e9s dans une attaque terroriste \u00e0 la voiture-b\u00e9lier \u00e0 J\u00e9rusalem<\/span> Lire la suite \u00bb<\/a><\/p>\n","protected":false},"author":4,"featured_media":59963,"comment_status":"open","ping_status":"open","sticky":false,"template":"","format":"standard","meta":{"site-sidebar-layout":"default","site-content-layout":"default","ast-global-header-display":"","ast-main-header-display":"","ast-hfb-above-header-display":"","ast-hfb-below-header-display":"","ast-hfb-mobile-header-display":"","site-post-title":"","ast-breadcrumbs-content":"","ast-featured-img":"","footer-sml-layout":"","theme-transparent-header-meta":"","adv-header-id-meta":"","stick-header-meta":"","header-above-stick-meta":"","header-main-stick-meta":"","header-below-stick-meta":""},"categories":[84,1621,1387,814,1612,841,1622,1673,1674,1191,1624],"tags":[1628,877,821],"sujet":[],"_links":{"self":[{"href":"https:\/\/israelmagazine.net\/index.php?rest_route=\/wp\/v2\/posts\/59962"}],"collection":[{"href":"https:\/\/israelmagazine.net\/index.php?rest_route=\/wp\/v2\/posts"}],"about":[{"href":"https:\/\/israelmagazine.net\/index.php?rest_route=\/wp\/v2\/types\/post"}],"author":[{"embeddable":true,"href":"https:\/\/israelmagazine.net\/index.php?rest_route=\/wp\/v2\/users\/4"}],"replies":[{"embeddable":true,"href":"https:\/\/israelmagazine.net\/index.php?rest_route=%2Fwp%2Fv2%2Fcomments&post=59962"}],"version-history":[{"count":0,"href":"https:\/\/israelmagazine.net\/index.php?rest_route=\/wp\/v2\/posts\/59962\/revisions"}],"wp:featuredmedia":[{"embeddable":true,"href":"https:\/\/israelmagazine.net\/index.php?rest_route=\/"}],"wp:attachment":[{"href":"https:\/\/israelmagazine.net\/index.php?rest_route=%2Fwp%2Fv2%2Fmedia&parent=59962"}],"wp:term":[{"taxonomy":"category","embeddable":true,"href":"https:\/\/israelmagazine.net\/index.php?rest_route=%2Fwp%2Fv2%2Fcategories&post=59962"},{"taxonomy":"post_tag","embeddable":true,"href":"https:\/\/israelmagazine.net\/index.php?rest_route=%2Fwp%2Fv2%2Ftags&post=59962"},{"taxonomy":"sujet","embeddable":true,"href":"https:\/\/israelmagazine.net\/index.php?rest_route=%2Fwp%2Fv2%2Fsujet&post=59962"}],"curies":[{"name":"wp","href":"https:\/\/api.w.org\/{rel}","templated":true}]}}