{"id":60384,"date":"2023-02-12T10:20:25","date_gmt":"2023-02-12T08:20:25","guid":{"rendered":"https:\/\/israelmagazine.net\/?p=60384"},"modified":"2023-02-12T10:20:25","modified_gmt":"2023-02-12T08:20:25","slug":"pourquoi-il-ny-aura-pas-doperation-bouclier-de-protection-a-jerusalem-est","status":"publish","type":"post","link":"https:\/\/israelmagazine.net\/?p=60384","title":{"rendered":"Pourquoi il n\u2019y aura pas d\u2019Op\u00e9ration \u00ab Bouclier de Protection \u00bb \u00e0 J\u00e9rusalem-Est"},"content":{"rendered":"<h1><img class=\\\"alignnone size-medium wp-image-60392\\\" src=\\\"https:\/\/israelmagazine.co.il\/wp-content\/uploads\/2023\/02\/Mon-projet-2023-02-12T102205.974-300x157.jpg\\\" alt=\\\"\\\" width=\\\"300\\\" height=\\\"157\\\" \/><\/h1>\n<h1>Pourquoi il n\u2019y aura pas d\u2019Op\u00e9ration \u00ab Bouclier de Protection \u00bb \u00e0 J\u00e9rusalem-Est<\/h1>\n<p><b>Un haut responsable s\u00e9curitaire souligne le d\u00e9calage entre le discours \u00e0 vif de Ben Gvir et les r\u00e9alit\u00e9s op\u00e9rationnelles sur le terrain<\/b><b><\/b><\/p>\n<p>&nbsp;<\/p>\n<p>Apr\u00e8s l\\&rsquo;attentat meurtrier au carrefour de Ramot, le ministre a annonc\u00e9 une op\u00e9ration de grande envergure\u00a0<i><b>sans coordination avec ni le Premier ministre ni les autres agences de s\u00e9curit\u00e9.<\/b><\/i><\/p>\n<h2>Le fruit d\\&rsquo;une concertation s\u00e9curitaire<\/h2>\n<p>Un responsable politique a d\u00e9clar\u00e9 : \u00ab De telles d\u00e9cisions ne se prennent pas \u00e0 un arr\u00eat de bus, imm\u00e9diatement apr\u00e8s un attentat. \\\u00a0\u00bb Il a ajout\u00e9 que le terroriste qui a perp\u00e9tr\u00e9 l\\&rsquo;attaque est sorti d\\&rsquo;un h\u00f4pital psychiatrique la veille. Et la maison que Netanyahou a appel\u00e9e \u00e0 d\u00e9truire ne lui appartient pas. C\u2019est une location.<\/p>\n<p>Le ministre de la S\u00e9curit\u00e9 nationale, Itamar Ben Gabir, s\\&rsquo;est empress\u00e9 de publier un communiqu\u00e9 selon lequel il ordonne \u00e0 la police de \u00ab se pr\u00e9parer \u00e0 mener l\\&rsquo;op\u00e9ration Mur de protection 2 \u00e0 J\u00e9rusalem-Est \u00bb, sans\u00a0explications et sans coordination avec les autres \u00e9l\u00e9ments du syst\u00e8me s\u00e9curitaire.<\/p>\n<h2>Pas de paroles en l\\&rsquo;air, que le peuple pourrait reprocher<\/h2>\n<p>Les d\u00e9cisions concernant une op\u00e9ration de type \u00ab\u00a0mur de protection\u00a0\u00bb ne se prennent pas \u00e0 la l\u00e9g\u00e8re, sur un trottoir, \u00e0 un arr\u00eat de bus, lorsqu\\&rsquo;il vient d\u2019y avoir une attaque\\\u00a0\u00bb.<\/p>\n<p>Une autre source s\u00e9curitaire a soulign\u00e9 que les propos de Ben Gvir \u00ab ne sont pas pris en accord ni avec le Premier ministre ni avec le ministre de la D\u00e9fense \u00bb.<\/p>\n<p>Lors de l\\&rsquo;attaque, Yaakov Israel Plai, 6 ans et\u00a0Eltar Shlomo Lederman, 20 ans, ont \u00e9t\u00e9 assassin\u00e9s, ainsi que cinq bless\u00e9s, dont le fr\u00e8re de Yaakov, 8 ans, ainsi que son p\u00e8re.<\/p>\n<h2>Consulter les organismes qui ont la responsabilit\u00e9<\/h2>\n<p>Selon la source politique, \u00ab la d\u00e9claration de Ben Gvir au sujet de l\u2019op\u00e9ration Bouclier de protection 2 est une d\u00e9claration \u00e0 l\u2019emporte-pi\u00e8ce d\\&rsquo;un ministre qui se trouve sur le lieu de l\\&rsquo;incident. Une d\u00e9cision sur une telle op\u00e9ration n\\&rsquo;est prise qu\\&rsquo;apr\u00e8s consultation de tous les membres des organismes de s\u00e9curit\u00e9, y compris le Shin Bet (Tsahal, Shin Bet, Mossad, Police\u2026)<\/p>\n<p>Le ministre de la S\u00e9curit\u00e9 nationale peut le pr\u00e9senter au Cabinet si n\u00e9cessaire. Le Premier ministre peut prendre n\\&rsquo;importe quelle d\u00e9cision, mais seulement apr\u00e8s une discussion ordonn\u00e9e et la r\u00e9union d\\&rsquo;un cabinet. C\\&rsquo;est ainsi qu\\&rsquo;un pays en ordre fonctionne\\\u00a0\u00bb.<\/p>\n<h2>Ne pas briser la souverainet\u00e9 isra\u00e9lienne sur tout J\u00e9rusalem<\/h2>\n<p>La source a soulign\u00e9 que la d\u00e9cision de faire une d\u00e9claration comme l\u2019ordre de d\u00e9clencher un \u00ab Mur de protection 2 \u00bb n\\&rsquo;est pas sous l\\&rsquo;autorit\u00e9 de Ben Gvir, et en tout cas, fait l\u2019objet de fortes critiques dans l\\&rsquo;establishment s\u00e9curitaire : alors que l\\&rsquo;op\u00e9ration Mur de protection a \u00e9t\u00e9 men\u00e9e contre des organisations terroristes arm\u00e9es dans les territoires de l\u2019Autorit\u00e9 palestinienne,\u00a0<b><i>J\u00e9rusalem-Est est une zone de souverainet\u00e9 isra\u00e9lienne<\/i><\/b>, avec des populations non impliqu\u00e9es, et toutes les attaques r\u00e9centes qui en sont ressorties \u00e9taient des menaces ex\u00e9cut\u00e9es par les individus qui ne peuvent \u00eatre clairement retrac\u00e9es par le renseignement , ni affili\u00e9es \u00e0 des groupes identifiables.<\/p>\n<h2>S\\&rsquo;attaquer \u00e0 des groupes constitu\u00e9s ou des individus difficiles \u00e0 identifier ?<\/h2>\n<p>\\\u00a0\u00bbL\\&rsquo;op\u00e9ration originale du Mur de protection a commenc\u00e9 apr\u00e8s 131 morts en un mois, suite \u00e0 une d\u00e9cision du gouvernement\\\u00a0\u00bb, a d\u00e9clar\u00e9 la source, soulignant les diff\u00e9rences entre la situation d\\&rsquo;alors et la situation d\\&rsquo;aujourd\\&rsquo;hui, de menaces individuelles et non d\\&rsquo;organisations arm\u00e9es.<\/p>\n<p>Des mesures op\u00e9rationnelles doivent \u00eatre prises et peuvent \u00eatre prises m\u00eame face \u00e0 une seule menace &#8211; barrages routiers, renforcement de la dissuasion, v\u00e9rification de l\\&rsquo;efficacit\u00e9 de la dissuasion contre d\\&rsquo;autres terroristes. Nous devons agir de mani\u00e8re d\u00e9cisive, mais de mani\u00e8re \u00e9quilibr\u00e9e, pour ne pas nuire aux habitants et ne pas imposer une punition collective. Sinon, en fin de compte, on va se retrouver face \u00e0 un public de J\u00e9rusalem-Est qui va vraiment protester et manifester et peut-\u00eatre provoquer une \u00e9meute, mais, \u00e0 ce stade, elle ne commet pas d\\&rsquo;attaques terroristes. Nous pr\u00e9voyons le Ramadan et la P\u00e2que, et voulons que ces gens jouissent de la libert\u00e9 religieuse et que tous\u00a0 puissent venir \u00e0 J\u00e9rusalem pendant cette p\u00e9riode \u00bb.<\/p>\n<h2>Des r\u00e9flexes de tribun, face \u00e0 des situations graves et d\u00e9licates \u00e0 mener<\/h2>\n<p>Ben Gvir a \u00e9galement appel\u00e9 \u00e0 un blocus de J\u00e9rusalem-Est et a ordonn\u00e9 \u00e0 la police d\\&rsquo;\u00e9riger des barrages routiers \u00e0 l\\&rsquo;entr\u00e9e d\\&rsquo;Issawiya.<\/p>\n<p>Ce n\\&rsquo;est pas ce que nous voulons\\\u00a0\u00bb, a pr\u00e9cis\u00e9 le responsable politique concernant la fermeture en vase clos. \\\u00a0\u00bbIl n\\&rsquo;y a pas de d\u00e9cision globale, et je ne dis pas qu\\&rsquo;il n\\&rsquo;y en aura pas. Nous ferons des \u00e9valuations de situation ordonn\u00e9es, \u00e9couterons les opinions de tous les organes et n\\&rsquo;agirons pas pour obtenir une approbation furtive sur le trottoir.\\\u00a0\u00bb<\/p>\n<h2>Tout droit sorti d\\&rsquo;asile psychiatrique<\/h2>\n<p>La source a ajout\u00e9 que dans le cadre de la lutte contre la vague de terrorisme, Netanyahou a demand\u00e9 d\\&rsquo;augmenter la protection dans les tramways.<\/p>\n<p>Contrairement \u00e0 la Jud\u00e9e-Samarie, o\u00f9 les points de contr\u00f4le sont plac\u00e9s dans les gares routi\u00e8res, \u00e0 J\u00e9rusalem, des postes de s\u00e9curit\u00e9 seront probablement plac\u00e9s \u00e0 l\\&rsquo;entr\u00e9e de chaque arr\u00eat de bus.<\/p>\n<p>Le haut responsable politique a \u00e9galement \u00e9voqu\u00e9 l\\&rsquo;identit\u00e9 du terroriste, affirmant qu\\&rsquo;hier seulement, il avait \u00e9t\u00e9 lib\u00e9r\u00e9 d\\&rsquo;un h\u00f4pital psychiatrique de Tamra, o\u00f9 il s\\&rsquo;\u00e9tait r\u00e9volt\u00e9. \\\u00a0\u00bb<\/p>\n<p>Le v\u00e9hicule appartient \u00e0 sa femme, il vit dans une maison en location \u00e0 Issawiya\\\u00a0\u00bb, a-t-il pr\u00e9cis\u00e9.<\/p>\n<h2>A qui appartient son domicile ?<\/h2>\n<p>Il a \u00e9galement fait r\u00e9f\u00e9rence \u00e0 la directive du Premier ministre de \u00ab sceller imm\u00e9diatement la maison du terroriste \u00bb, et a d\u00e9clar\u00e9 que \u00ab nous examinons l\u00e9galement ce qui peut \u00eatre fait contre un terroriste qui vit dans une maison en location. Nous voulons nous assurer que nous agissons dans le cadre de la loi et il ne s\u2019agit pas de punir une famille qui louait une maison. \u00bb<\/p>\n<p>Pendant ce temps, la police est arriv\u00e9e au domicile du terroriste et a arr\u00eat\u00e9 dix personnes &#8211; dont sa femme, ses parents, son fr\u00e8re et la personne qui lui avait lou\u00e9 l\\&rsquo;appartement.<\/p>\n<p>Comme mentionn\u00e9, le responsable politique a averti que J\u00e9rusalem sera anim\u00e9e pour le Ramadan (dans un mois et demi) et a insist\u00e9 sur l\\&rsquo;importance de calmer la r\u00e9gion. Le\u00a0cabinet\u00a0traitera des pr\u00e9paratifs du Ramadan.<\/p>\n<p><strong>La suite de l\u2019article se trouve dans le prochain num\u00e9ro d\u2019Isra\u00ebl Magazine<\/strong><\/p>\n<p><strong>D\u00e9couvrez un exemplaire du magazine gratuitement et cliquez ensuite sur le rebord droit<\/strong><\/p>\n<p><a href=\\\"https:\/\/online.fliphtml5.com\/rjspi\/ypmm\/#p=1\\\"><strong>https:\/\/online.fliphtml5.com\/rjspi\/ypmm\/#p=1<\/strong><\/a><\/p>\n<p><strong>Votre magazine est livr\u00e9 chez vous en toute confidentialit\u00e9<br \/>\nS\u2019abonner au magazine par t\u00e9l\u00e9phone ou par whats app 00972 (0) 54 254 45 20 ou au 01 86 98 27 27<\/strong><\/p>\n<p><strong>Par email\u00a0\u00a0<\/strong><a href=\\\"mailto:Andredarmon21@gmail.com\\\"><strong>Andredarmon21@gmail.com<\/strong><\/a><strong>\u00a0 pay pal<\/strong><\/p>\n<p><strong>Ou directement sur le site<\/strong><\/p>\n<p><a href=\\\"https:\/\/israelmagazine.co.il\/sabonner-au-magazine\/\\\"><strong>https:\/\/israelmagazine.co.il\/sabonner-au-magazine\/<\/strong><\/a><\/p>\n<p><strong>Loi du Retour ou qui est Juif ?Ou encore S\u2019abonner au magazine livr\u00e9 chez vous en toute confidentialit\u00e9. Remplir le formulaire<\/strong><\/p>\n<p><a href=\\\"https:\/\/docs.google.com\/forms\/d\/e\/1FAIpQLSfPYJfb8KjEya-X17w0DGPAuBlCGvqVUdh_Is8EL810Lxw82A\/viewform?entry.1189475001=Recipient_Email\\\"><strong>https:\/\/docs.google.com\/forms\/d\/e\/1FAIpQLSfPYJfb8KjEya-X17w0DGPAuBlCGvqVUdh_Is8EL810Lxw82A\/viewform?entry.1189475001=Recipient_Email<\/strong><\/a><\/p>\n","protected":false},"excerpt":{"rendered":"<p>Pourquoi il n\u2019y aura pas d\u2019Op\u00e9ration \u00ab Bouclier de Protection \u00bb \u00e0 J\u00e9rusalem-Est Un haut responsable s\u00e9curitaire souligne le d\u00e9calage entre le discours \u00e0 vif de Ben Gvir et les r\u00e9alit\u00e9s op\u00e9rationnelles sur le terrain &nbsp; Apr\u00e8s l\\&rsquo;attentat meurtrier au carrefour de Ramot, le ministre a annonc\u00e9 une op\u00e9ration de grande envergure\u00a0sans coordination avec ni &hellip;<\/p>\n<p class=\"read-more\"> <a class=\"\" href=\"https:\/\/israelmagazine.net\/?p=60384\"> <span class=\"screen-reader-text\">Pourquoi il n\u2019y aura pas d\u2019Op\u00e9ration \u00ab Bouclier de Protection \u00bb \u00e0 J\u00e9rusalem-Est<\/span> Lire la suite \u00bb<\/a><\/p>\n","protected":false},"author":4,"featured_media":60388,"comment_status":"open","ping_status":"open","sticky":false,"template":"","format":"standard","meta":{"site-sidebar-layout":"default","site-content-layout":"default","ast-global-header-display":"","ast-main-header-display":"","ast-hfb-above-header-display":"","ast-hfb-below-header-display":"","ast-hfb-mobile-header-display":"","site-post-title":"","ast-breadcrumbs-content":"","ast-featured-img":"","footer-sml-layout":"","theme-transparent-header-meta":"","adv-header-id-meta":"","stick-header-meta":"","header-above-stick-meta":"","header-main-stick-meta":"","header-below-stick-meta":""},"categories":[84,1621,1387,814,1612,841,1674,1623,1616,1624],"tags":[1739,1474,1700,742],"sujet":[],"_links":{"self":[{"href":"https:\/\/israelmagazine.net\/index.php?rest_route=\/wp\/v2\/posts\/60384"}],"collection":[{"href":"https:\/\/israelmagazine.net\/index.php?rest_route=\/wp\/v2\/posts"}],"about":[{"href":"https:\/\/israelmagazine.net\/index.php?rest_route=\/wp\/v2\/types\/post"}],"author":[{"embeddable":true,"href":"https:\/\/israelmagazine.net\/index.php?rest_route=\/wp\/v2\/users\/4"}],"replies":[{"embeddable":true,"href":"https:\/\/israelmagazine.net\/index.php?rest_route=%2Fwp%2Fv2%2Fcomments&post=60384"}],"version-history":[{"count":0,"href":"https:\/\/israelmagazine.net\/index.php?rest_route=\/wp\/v2\/posts\/60384\/revisions"}],"wp:featuredmedia":[{"embeddable":true,"href":"https:\/\/israelmagazine.net\/index.php?rest_route=\/"}],"wp:attachment":[{"href":"https:\/\/israelmagazine.net\/index.php?rest_route=%2Fwp%2Fv2%2Fmedia&parent=60384"}],"wp:term":[{"taxonomy":"category","embeddable":true,"href":"https:\/\/israelmagazine.net\/index.php?rest_route=%2Fwp%2Fv2%2Fcategories&post=60384"},{"taxonomy":"post_tag","embeddable":true,"href":"https:\/\/israelmagazine.net\/index.php?rest_route=%2Fwp%2Fv2%2Ftags&post=60384"},{"taxonomy":"sujet","embeddable":true,"href":"https:\/\/israelmagazine.net\/index.php?rest_route=%2Fwp%2Fv2%2Fsujet&post=60384"}],"curies":[{"name":"wp","href":"https:\/\/api.w.org\/{rel}","templated":true}]}}