{"id":60436,"date":"2023-02-14T09:07:00","date_gmt":"2023-02-14T07:07:00","guid":{"rendered":"https:\/\/israelmagazine.net\/?p=60436"},"modified":"2023-02-14T09:07:00","modified_gmt":"2023-02-14T07:07:00","slug":"un-terroriste-tue-un-policier-des-frontieres-a-lentree-de-shouafat","status":"publish","type":"post","link":"https:\/\/israelmagazine.net\/?p=60436","title":{"rendered":"Un terroriste tue un policier des fronti\u00e8res \u00e0 l\\&rsquo;entr\u00e9e de Shouafat"},"content":{"rendered":"<h1 dir=\\\"ltr\\\"><img title=\\\"\u05d6\u05d9\u05e8\u05ea \u05d4\u05e4\u05d9\u05d2\u05d5\u05e2 \u05d1\u05de\u05d7\u05e1\u05d5\u05dd \u05e9\u05d5\u05e2\u05e4\u05d0\u05d8 (\u05e6\u05d9\u05dc\u05d5\u05dd: \u05d3\u05d5\u05d1\u05e8\u05d5\u05ea \u05d4\u05de\u05e9\u05d8\u05e8\u05d4)\\\" src=\\\"https:\/\/images.maariv.co.il\/image\/upload\/f_auto,fl_lossy\/c_fill,g_faces:center,w_690\/808991\\\" alt=\\\"\u05d6\u05d9\u05e8\u05ea \u05d4\u05e4\u05d9\u05d2\u05d5\u05e2 \u05d1\u05de\u05d7\u05e1\u05d5\u05dd \u05e9\u05d5\u05e2\u05e4\u05d0\u05d8 (\u05e6\u05d9\u05dc\u05d5\u05dd: \u05d3\u05d5\u05d1\u05e8\u05d5\u05ea \u05d4\u05de\u05e9\u05d8\u05e8\u05d4)\\\" \/><\/h1>\n<h1 dir=\\\"ltr\\\">Un terroriste tue un<span style=\\\"font-size: xx-large;\\\"> policier des fronti\u00e8res \u00e0 l\\&rsquo;entr\u00e9e de Shouafat<\/span><\/h1>\n<h3 dir=\\\"ltr\\\"><span style=\\\"font-size: large;\\\">Un terroriste palestinien \u00e2g\u00e9 de 13 ans, pur produit du lavage de cerveau \\\u00a0\u00bb\u00e9ducatif\\\u00a0\u00bb palestinien financ\u00e9 par l\\&rsquo;Union Europ\u00e9enne -comme en atteste encore <a href=\\\"https:\/\/www.i24news.tv\/fr\/actu\/israel\/1675617863-rapport-accablant-d-israel-sur-la-glorification-du-terrorisme-dans-les-ecoles-palestiniennes-financees-par-l-ue\\\">l\\&rsquo;excellent rapport de l\\&rsquo;\u00e9quipe d\\&rsquo;Amicha\u00ef Chikli<\/a>, transmis \u00e0 tous les ambassadeurs d\\&rsquo;Europe- a assassin\u00e9 le sergent Asil Suaed dans une attaque men\u00e9e \u00e0 l\\&rsquo;ext\u00e9rieur de Shouafat a J\u00e9rusalem-Est.<\/span><\/h3>\n<p style=\\\"text-align: center;\\\"><img class=\\\"alignnone wp-image-60465 size-large\\\" src=\\\"https:\/\/israelmagazine.co.il\/wp-content\/uploads\/2023\/02\/Mon-projet-2023-02-14T122653.329-1024x537.jpg\\\" alt=\\\"\\\" width=\\\"1024\\\" height=\\\"537\\\" \/><\/p>\n<p dir=\\\"ltr\\\">L\\&rsquo;officier de la police des fronti\u00e8res isra\u00e9lienne, Asil Suaed, \u00e2g\u00e9 de 22 ans, de la minorit\u00e9 b\u00e9douine, a \u00e9t\u00e9 tu\u00e9 dans une attaque au couteau au poste de contr\u00f4le du camp de r\u00e9fugi\u00e9s de Shouafat.<\/p>\n<p dir=\\\"ltr\\\" style=\\\"text-align: center;\\\"><img class=\\\"alignnone size-medium wp-image-60484\\\" src=\\\"https:\/\/israelmagazine.co.il\/wp-content\/uploads\/2023\/02\/fbb0fb3e-48ab-4d1a-8c9c-b1dc1ca581b2-300x241.jpg\\\" alt=\\\"\\\" width=\\\"300\\\" height=\\\"241\\\" \/><\/p>\n<p dir=\\\"ltr\\\">C\\&rsquo;\u00e9tait quelques heures seulement apr\u00e8s qu\\&rsquo;un terroriste-enfant de quatorze ans a poignard\u00e9 un homme dans la vingtaine, l\u00e9g\u00e8rement bless\u00e9, pr\u00e8s de la porte des cha\u00eenes du mont du Temple lundi apr\u00e8s-midi.<\/p>\n<h2 dir=\\\"ltr\\\">Shouafat, foyer de terreur<\/h2>\n<p>Lundi soir, le terroriste de 13 ans a sorti un couteau et a agress\u00e9 des agents de la police des fronti\u00e8res qui effectuaient un contr\u00f4le de s\u00e9curit\u00e9 dans un bus au poste de contr\u00f4le du camp de r\u00e9fugi\u00e9s de Shouafat.<\/p>\n<p>Les agents ont tir\u00e9 sur le terroriste et l\\&rsquo;ont arr\u00eat\u00e9.<\/p>\n<p>L\\&rsquo;\u00e2ge tr\u00e8s jeune des terroristes, t\u00e9l\u00e9command\u00e9s par leurs clans et l\\&rsquo;incitation \u00e0 la haine incessante de l\\&rsquo;Autorit\u00e9 Palestinienne, pose un v\u00e9ritable casse-t\u00eate \u00e0 l\\&rsquo;appareil s\u00e9curitaire, afin de trouver des parades et moyens de pr\u00e9vention et de dissuasion \u00e0 ce ph\u00e9nom\u00e8ne.<\/p>\n<p style=\\\"text-align: center;\\\"><img class=\\\"alignnone size-medium wp-image-60437\\\" src=\\\"https:\/\/israelmagazine.co.il\/wp-content\/uploads\/2023\/02\/Mon-projet-2023-02-14T085518.382-240x300.jpg\\\" alt=\\\"\\\" width=\\\"240\\\" height=\\\"300\\\" \/><\/p>\n<h2>Coups de couteau et d\\&rsquo;arme \u00e0 feu crois\u00e9<\/h2>\n<p>L\\&rsquo;un des officiers a \u00e9t\u00e9 gri\u00e8vement bless\u00e9 apr\u00e8s avoir \u00e9t\u00e9 poignard\u00e9 et touch\u00e9 par des coups de feu tir\u00e9s par un agent de s\u00e9curit\u00e9 civil. Celui-ci a tir\u00e9 sur le terroriste quand le jeune terroriste les a agress\u00e9s. Malgr\u00e9 les efforts de r\u00e9animation sur les lieux et \u00e0 l\\&rsquo;h\u00f4pital, le policier a succomb\u00e9 \u00e0 ses blessures, plus tard dans la soir\u00e9e.<\/p>\n<p>L\\&rsquo;infirmier du Magen David Adom, Shimon Zaltz, a d\u00e9clar\u00e9 : \u00ab Je suis arriv\u00e9 rapidement sur les lieux et j\\&rsquo;ai vu \u00e0 l\\&rsquo;int\u00e9rieur du bus un jeune homme d\\&rsquo;une vingtaine d\\&rsquo;ann\u00e9es poignard\u00e9. Il \u00e9tait inconscient et un grand nombre de membres du personnel du MDA sont imm\u00e9diatement arriv\u00e9s. Ils se sont efforc\u00e9s d\\&rsquo;arr\u00eater l\\&rsquo;h\u00e9morragie et l\\&rsquo;ont \u00e9vacu\u00e9 \u00e0 l\\&rsquo;h\u00f4pital, alors qu\\&rsquo;il \u00e9tait dans un \u00e9tat tr\u00e8s grave.\\\u00a0\u00bb<\/p>\n<h2>R\u00e9cidives en cascade<\/h2>\n<p dir=\\\"ltr\\\">Peu de temps apr\u00e8s l\\&rsquo;attaque, Tsahal est entre dans Shouafat et a arr\u00eat\u00e9 trois membres de la famille du terroriste &#8211; ses parents et son fr\u00e8re &#8211; qu\\&rsquo;ils ont \u00e9t\u00e9 emmen\u00e9s pour un nouvel interrogatoire.<\/p>\n<p dir=\\\"ltr\\\">A<b>u cours de l\\&rsquo;op\u00e9ration d\\&rsquo;arrestation \u00e0 l\\&rsquo;int\u00e9rieur du camp de r\u00e9fugi\u00e9s, un v\u00e9hicule a fonc\u00e9 vers eux et le chauffeur a tent\u00e9 de les \u00e9craser.<\/b><\/p>\n<p dir=\\\"ltr\\\">Les soldats ont d\u00e9clar\u00e9 qu\\&rsquo;ils pensaient que leur vie \u00e9tait en danger et ont ouvert le feu sur le conducteur en repr\u00e9sailles.\u00a0Quelques heures avant cette attaque, un terroriste de quatorze ans a poignard\u00e9 dans le dos un jeune homme dans la vieille ville de J\u00e9rusalem.<\/p>\n<p dir=\\\"ltr\\\">La police a ferm\u00e9 les portes du mont du Temple et de la mosqu\u00e9e al-Aqsa peu apr\u00e8s l\\&rsquo;attaque, selon des informations palestiniennes. La police est entr\u00e9e dans l\\&rsquo;enceinte et a arr\u00eat\u00e9 le suspect qui se cachait dans la mosqu\u00e9e. Les portes ont \u00e9t\u00e9 rouvertes apr\u00e8s l\\&rsquo;arrestation. Le terroriste qui a men\u00e9 l\\&rsquo;attaque dans la Vieille ville a \u00e9t\u00e9 identifi\u00e9 comme un r\u00e9sident <em><strong>de 14 ans du quartier de Shouafat<\/strong><\/em> \u00e0 J\u00e9rusalem-Est.<\/p>\n<h2 dir=\\\"ltr\\\"><b>Une vague de terreur frappe J\u00e9rusalem<\/b><\/h2>\n<p>L\\&rsquo;attaque survient quelques jours seulement apr\u00e8s qu\u2019un terroriste a tu\u00e9 deux enfants et un jeune homme lors d\\&rsquo;un attentat terroriste \u00e0 la voiture-b\u00e9lier dans le quartier de Ramot \u00e0 J\u00e9rusalem. Plus t\u00f4t lundi, la municipalit\u00e9 de J\u00e9rusalem a d\u00e9moli deux maisons appartenant \u00e0 la famille Bashir dans le quartier Jabel Mukaber de la ville, selon des informations palestiniennes.<\/p>\n<h2>Les terroristes de Gaza marquent leur solidarit\u00e9<\/h2>\n<p>T\u00f4t lundi matin, Tsahal a men\u00e9 des frappes a\u00e9riennes dans la bande de Gaza en r\u00e9plique aux tirs de roquettes qui ont vis\u00e9 le sud d\\&rsquo;Isra\u00ebl samedi. Les frappes a\u00e9riennes visaient une usine souterraine de fabrication de roquettes appartenant au Hamas. Au cours des frappes a\u00e9riennes, des groupes terroristes palestiniens \u00e0 Gaza ont tir\u00e9 quatre missiles sol-air, dont trois ont explos\u00e9 en l\\&rsquo;air et l\\&rsquo;un d\\&rsquo;eux est tomb\u00e9 dans une zone d\u00e9gag\u00e9e. Les missiles ont d\u00e9clench\u00e9 des sir\u00e8nes de roquettes \u00e0 Sderot et Ruchama. Apr\u00e8s les tirs de missiles, Tsahal a r\u00e9pondu par des tirs de chars sur les positions du Hamas pr\u00e8s de la fronti\u00e8re de Gaza.<\/p>\n<p><strong>La suite de l\u2019article se trouve dans le prochain num\u00e9ro d\u2019Isra\u00ebl Magazine<\/strong><\/p>\n<p><strong>D\u00e9couvrez un exemplaire du magazine gratuitement et cliquez ensuite sur le rebord droit<\/strong><\/p>\n<p><a href=\\\"https:\/\/online.fliphtml5.com\/rjspi\/ypmm\/#p=1\\\"><strong>https:\/\/online.fliphtml5.com\/rjspi\/ypmm\/#p=1<\/strong><\/a><\/p>\n<p><strong>Votre magazine est livr\u00e9 chez vous en toute confidentialit\u00e9<br \/>\nS\u2019abonner au magazine par t\u00e9l\u00e9phone ou par whats app 00972 (0) 54 254 45 20 ou au 01 86 98 27 27<\/strong><\/p>\n<p><strong>Par email\u00a0\u00a0<\/strong><a href=\\\"mailto:Andredarmon21@gmail.com\\\"><strong>Andredarmon21@gmail.com<\/strong><\/a><strong>\u00a0 pay pal<\/strong><\/p>\n<p><strong>Ou directement sur le site<\/strong><\/p>\n<p><a href=\\\"https:\/\/israelmagazine.co.il\/sabonner-au-magazine\/\\\"><strong>https:\/\/israelmagazine.co.il\/sabonner-au-magazine\/<\/strong><\/a><\/p>\n<p><strong>Loi du Retour ou qui est Juif ?Ou encore S\u2019abonner au magazine livr\u00e9 chez vous en toute confidentialit\u00e9. Remplir le formulaire<\/strong><\/p>\n<p><a href=\\\"https:\/\/docs.google.com\/forms\/d\/e\/1FAIpQLSfPYJfb8KjEya-X17w0DGPAuBlCGvqVUdh_Is8EL810Lxw82A\/viewform?entry.1189475001=Recipient_Email\\\"><strong>https:\/\/docs.google.com\/forms\/d\/e\/1FAIpQLSfPYJfb8KjEya-X17w0DGPAuBlCGvqVUdh_Is8EL810Lxw82A\/viewform?entry.1189475001=Recipient_Email<\/strong><\/a><\/p>\n","protected":false},"excerpt":{"rendered":"<p>Un terroriste tue un policier des fronti\u00e8res \u00e0 l\\&rsquo;entr\u00e9e de Shouafat Un terroriste palestinien \u00e2g\u00e9 de 13 ans, pur produit du lavage de cerveau \\\u00a0\u00bb\u00e9ducatif\\\u00a0\u00bb palestinien financ\u00e9 par l\\&rsquo;Union Europ\u00e9enne -comme en atteste encore l\\&rsquo;excellent rapport de l\\&rsquo;\u00e9quipe d\\&rsquo;Amicha\u00ef Chikli, transmis \u00e0 tous les ambassadeurs d\\&rsquo;Europe- a assassin\u00e9 le sergent Asil Suaed dans une attaque &hellip;<\/p>\n<p class=\"read-more\"> <a class=\"\" href=\"https:\/\/israelmagazine.net\/?p=60436\"> <span class=\"screen-reader-text\">Un terroriste tue un policier des fronti\u00e8res \u00e0 l\\&rsquo;entr\u00e9e de Shouafat<\/span> Lire la suite \u00bb<\/a><\/p>\n","protected":false},"author":4,"featured_media":60441,"comment_status":"open","ping_status":"open","sticky":false,"template":"","format":"standard","meta":{"site-sidebar-layout":"default","site-content-layout":"default","ast-global-header-display":"","ast-main-header-display":"","ast-hfb-above-header-display":"","ast-hfb-below-header-display":"","ast-hfb-mobile-header-display":"","site-post-title":"","ast-breadcrumbs-content":"","ast-featured-img":"","footer-sml-layout":"","theme-transparent-header-meta":"","adv-header-id-meta":"","stick-header-meta":"","header-above-stick-meta":"","header-main-stick-meta":"","header-below-stick-meta":""},"categories":[84,1621,1387,814,1612,3146,3188,841,1674,1623,1616,1624],"tags":[1700,1105,877,742],"sujet":[],"_links":{"self":[{"href":"https:\/\/israelmagazine.net\/index.php?rest_route=\/wp\/v2\/posts\/60436"}],"collection":[{"href":"https:\/\/israelmagazine.net\/index.php?rest_route=\/wp\/v2\/posts"}],"about":[{"href":"https:\/\/israelmagazine.net\/index.php?rest_route=\/wp\/v2\/types\/post"}],"author":[{"embeddable":true,"href":"https:\/\/israelmagazine.net\/index.php?rest_route=\/wp\/v2\/users\/4"}],"replies":[{"embeddable":true,"href":"https:\/\/israelmagazine.net\/index.php?rest_route=%2Fwp%2Fv2%2Fcomments&post=60436"}],"version-history":[{"count":0,"href":"https:\/\/israelmagazine.net\/index.php?rest_route=\/wp\/v2\/posts\/60436\/revisions"}],"wp:featuredmedia":[{"embeddable":true,"href":"https:\/\/israelmagazine.net\/index.php?rest_route=\/"}],"wp:attachment":[{"href":"https:\/\/israelmagazine.net\/index.php?rest_route=%2Fwp%2Fv2%2Fmedia&parent=60436"}],"wp:term":[{"taxonomy":"category","embeddable":true,"href":"https:\/\/israelmagazine.net\/index.php?rest_route=%2Fwp%2Fv2%2Fcategories&post=60436"},{"taxonomy":"post_tag","embeddable":true,"href":"https:\/\/israelmagazine.net\/index.php?rest_route=%2Fwp%2Fv2%2Ftags&post=60436"},{"taxonomy":"sujet","embeddable":true,"href":"https:\/\/israelmagazine.net\/index.php?rest_route=%2Fwp%2Fv2%2Fsujet&post=60436"}],"curies":[{"name":"wp","href":"https:\/\/api.w.org\/{rel}","templated":true}]}}