{"id":60450,"date":"2023-02-14T10:24:11","date_gmt":"2023-02-14T08:24:11","guid":{"rendered":"https:\/\/israelmagazine.net\/?p=60450"},"modified":"2023-02-14T10:24:11","modified_gmt":"2023-02-14T08:24:11","slug":"la-communaute-juive-de-lille-justes-des-nations-et-serenite","status":"publish","type":"post","link":"https:\/\/israelmagazine.net\/?p=60450","title":{"rendered":"La Communaut\u00e9 juive de LILLE, Justes des nations et S\u00e9r\u00e9nit\u00e9"},"content":{"rendered":"<h1><img class=\\\"alignnone size-medium wp-image-60454\\\" src=\\\"https:\/\/israelmagazine.co.il\/wp-content\/uploads\/2023\/02\/Fajga-ZALCBERG-avec-ses-enfants-et-sa-petite-fille-Jacqueline-arretee-avec-elle-et-sauvee-par-des-habitants-de-Drancy-1-300x216.jpg\\\" alt=\\\"\\\" width=\\\"300\\\" height=\\\"216\\\" \/><\/h1>\n<p><em>Fajga ZALCBERG avec ses enfants et sauv\u00e9e par des habitants de Drancy\u00a0<\/em><\/p>\n<h1 style=\\\"font-weight: 400;\\\"><strong>La Communaut\u00e9 juive de LILLE\u00a0<\/strong><\/h1>\n<h3 style=\\\"font-weight: 400;\\\"><strong>Justes des nations et S\u00e9r\u00e9nit\u00e9<\/strong><\/h3>\n<h3 style=\\\"font-weight: 400;\\\"><strong>par Genevi\u00e8ve\u00a0Wittmann pour Isra\u00ebl\u00a0Magazine<\/strong><\/h3>\n<p style=\\\"font-weight: 400;\\\"><strong>J\u2019avais d\u00e9j\u00e0 eu l\u2019occasion de visiter Lille, \u00e0 la faveur d\u2019un fameux stage de danses d\u2019Isra\u00ebl qui r\u00e9unit chaque \u00e9t\u00e9 les meilleurs chor\u00e9graphes isra\u00e9liens et des participants venus de toute\u00a0\u00a0 l\u2019 Europe\u00a0: Mechol Hashalom*. <\/strong><\/p>\n<p style=\\\"font-weight: 400;\\\"><strong>Ce camp est LE rendez-vous estival pour tous les amoureux des danses d\u2019Isra\u00ebl et Il se tient au Creps de Lille, dans un parc plant\u00e9 d\u2019arbres centenaires, \u00a0dans une ambiance de f\u00eate qui doit beaucoup \u00e0 ses organisateurs, ses chor\u00e9graphes et son directeur, Elad Shtamer le cr\u00e9ateur des danses\u00a0<em>Toy\u00a0<\/em>(chanson interpr\u00e9t\u00e9e par Netta Barzilai, gagnante de l\u2019Eurovision 2018). J\u2019avais eu ainsi le plaisir d\u2019une halte au c\u0153ur m\u00eame de Lille \u00e0 cette occasion, de d\u00e9ambuler dans ses vieilles rues aux maisons flamandes ou de d\u00e9guster une bi\u00e8re sur la Grand\u2019Place ; il me restait \u00e0 d\u00e9couvrir sa communaut\u00e9 juive.<\/strong><\/p>\n<p><strong>La suite de l\u2019article se trouve dans le prochain num\u00e9ro d\u2019Isra\u00ebl Magazine<\/strong><\/p>\n<p><strong>D\u00e9couvrez un exemplaire du magazine gratuitement et cliquez ensuite sur le rebord droit<\/strong><\/p>\n<p><a href=\\\"https:\/\/online.fliphtml5.com\/rjspi\/ypmm\/#p=1\\\"><strong>https:\/\/online.fliphtml5.com\/rjspi\/ypmm\/#p=1<\/strong><\/a><\/p>\n<p><strong>Votre magazine est livr\u00e9 chez vous en toute confidentialit\u00e9<br \/>\nS\u2019abonner au magazine par t\u00e9l\u00e9phone ou par whats app 00972 (0) 54 254 45 20 ou au 01 86 98 27 27<\/strong><\/p>\n<p><strong>Par email\u00a0\u00a0<\/strong><a href=\\\"mailto:Andredarmon21@gmail.com\\\"><strong>Andredarmon21@gmail.com<\/strong><\/a><strong>\u00a0 pay pal<\/strong><\/p>\n<p><strong>Ou directement sur le site<\/strong><\/p>\n<p><a href=\\\"https:\/\/israelmagazine.co.il\/sabonner-au-magazine\/\\\"><strong>https:\/\/israelmagazine.co.il\/sabonner-au-magazine\/<\/strong><\/a><\/p>\n<p><strong>Loi du Retour ou qui est Juif ?Ou encore S\u2019abonner au magazine livr\u00e9 chez vous en toute confidentialit\u00e9. Remplir le formulaire<\/strong><\/p>\n<p><a href=\\\"https:\/\/docs.google.com\/forms\/d\/e\/1FAIpQLSfPYJfb8KjEya-X17w0DGPAuBlCGvqVUdh_Is8EL810Lxw82A\/viewform?entry.1189475001=Recipient_Email\\\"><strong>https:\/\/docs.google.com\/forms\/d\/e\/1FAIpQLSfPYJfb8KjEya-X17w0DGPAuBlCGvqVUdh_Is8EL810Lxw82A\/viewform?entry.1189475001=Recipient_Email<\/strong><\/a><\/p>\n<p style=\\\"font-weight: 400;\\\"><strong>\u00a0<\/strong><\/p>\n","protected":false},"excerpt":{"rendered":"<p>Fajga ZALCBERG avec ses enfants et sauv\u00e9e par des habitants de Drancy\u00a0 La Communaut\u00e9 juive de LILLE\u00a0 Justes des nations et S\u00e9r\u00e9nit\u00e9 par Genevi\u00e8ve\u00a0Wittmann pour Isra\u00ebl\u00a0Magazine J\u2019avais d\u00e9j\u00e0 eu l\u2019occasion de visiter Lille, \u00e0 la faveur d\u2019un fameux stage de danses d\u2019Isra\u00ebl qui r\u00e9unit chaque \u00e9t\u00e9 les meilleurs chor\u00e9graphes isra\u00e9liens et des participants venus de &hellip;<\/p>\n<p class=\"read-more\"> <a class=\"\" href=\"https:\/\/israelmagazine.net\/?p=60450\"> <span class=\"screen-reader-text\">La Communaut\u00e9 juive de LILLE, Justes des nations et S\u00e9r\u00e9nit\u00e9<\/span> Lire la suite \u00bb<\/a><\/p>\n","protected":false},"author":4,"featured_media":60451,"comment_status":"open","ping_status":"open","sticky":false,"template":"","format":"standard","meta":{"site-sidebar-layout":"default","site-content-layout":"default","ast-global-header-display":"","ast-main-header-display":"","ast-hfb-above-header-display":"","ast-hfb-below-header-display":"","ast-hfb-mobile-header-display":"","site-post-title":"","ast-breadcrumbs-content":"","ast-featured-img":"","footer-sml-layout":"","theme-transparent-header-meta":"","adv-header-id-meta":"","stick-header-meta":"","header-above-stick-meta":"","header-main-stick-meta":"","header-below-stick-meta":""},"categories":[839,1630,814,1673,811],"tags":[1001,1105,1644],"sujet":[],"_links":{"self":[{"href":"https:\/\/israelmagazine.net\/index.php?rest_route=\/wp\/v2\/posts\/60450"}],"collection":[{"href":"https:\/\/israelmagazine.net\/index.php?rest_route=\/wp\/v2\/posts"}],"about":[{"href":"https:\/\/israelmagazine.net\/index.php?rest_route=\/wp\/v2\/types\/post"}],"author":[{"embeddable":true,"href":"https:\/\/israelmagazine.net\/index.php?rest_route=\/wp\/v2\/users\/4"}],"replies":[{"embeddable":true,"href":"https:\/\/israelmagazine.net\/index.php?rest_route=%2Fwp%2Fv2%2Fcomments&post=60450"}],"version-history":[{"count":0,"href":"https:\/\/israelmagazine.net\/index.php?rest_route=\/wp\/v2\/posts\/60450\/revisions"}],"wp:featuredmedia":[{"embeddable":true,"href":"https:\/\/israelmagazine.net\/index.php?rest_route=\/"}],"wp:attachment":[{"href":"https:\/\/israelmagazine.net\/index.php?rest_route=%2Fwp%2Fv2%2Fmedia&parent=60450"}],"wp:term":[{"taxonomy":"category","embeddable":true,"href":"https:\/\/israelmagazine.net\/index.php?rest_route=%2Fwp%2Fv2%2Fcategories&post=60450"},{"taxonomy":"post_tag","embeddable":true,"href":"https:\/\/israelmagazine.net\/index.php?rest_route=%2Fwp%2Fv2%2Ftags&post=60450"},{"taxonomy":"sujet","embeddable":true,"href":"https:\/\/israelmagazine.net\/index.php?rest_route=%2Fwp%2Fv2%2Fsujet&post=60450"}],"curies":[{"name":"wp","href":"https:\/\/api.w.org\/{rel}","templated":true}]}}