{"id":60514,"date":"2023-02-16T08:30:24","date_gmt":"2023-02-16T06:30:24","guid":{"rendered":"https:\/\/israelmagazine.net\/?p=60514"},"modified":"2023-02-16T08:30:24","modified_gmt":"2023-02-16T06:30:24","slug":"linterview-exclusive-ditamar-ben-gvir-lelectron-libre-de-la-politique-israelienne","status":"publish","type":"post","link":"https:\/\/israelmagazine.net\/?p=60514","title":{"rendered":"L\u2019Interview Exclusive d\u2019Itamar Ben Gvir  L\u2019\u00c9lectron libre de la politique isra\u00e9lienne"},"content":{"rendered":"<h3><img class=\\\"alignnone size-medium wp-image-60519\\\" src=\\\"https:\/\/israelmagazine.co.il\/wp-content\/uploads\/2023\/02\/DSC0807-199x300.jpg\\\" alt=\\\"\\\" width=\\\"199\\\" height=\\\"300\\\" \/><\/h3>\n<h3>(L\\&rsquo;interview a \u00e9t\u00e9 r\u00e9alis\u00e9e en 2020)<\/h3>\n<h1>L\u2019Interview Exclusive d\u2019Itamar Ben Gvir, L\u2019\u00c9lectron libre de la politique isra\u00e9lienne<\/h1>\n<h2>\\\u00a0\u00bbJ\u2019appelle \u00e0 l\\&rsquo;expulsion des citoyens arabes d\\&rsquo;Isra\u00ebl qui ne sont pas fid\u00e8les \u00e0 Isra\u00ebl\\\u00a0\u00bb<\/h2>\n<p>J\u2019ai rendez-vous \u00e0 J\u00e9rusalem, \u00e0 la Knesset avec Itamar Ben Gvir, et je revoie illico, tout en cheminant, les fant\u00f4mes de Benny Elon, de Gandi, de Shaoul Mofaz et de combien d\u2019autres d\u00e9put\u00e9s et ministres que j\u2019ai rencontr\u00e9s ces 25 derni\u00e8res ann\u00e9es dans les murs du Parlement Isra\u00e9lien.<\/p>\n<p>Tr\u00eave de nostalgie, je me sors des contr\u00f4les et des d\u00e9dales de la Knesset. Ben Gvir est en retard. Qu\u2019importe. Il est d\u00e9sormais invit\u00e9 partout, car il semble \u00eatre devenu aujourd\u2019hui le repr\u00e9sentant de cet Isra\u00ebl qui ne veut plus que son identit\u00e9 juive soit bafou\u00e9e, que ses concitoyens soient battus comme pl\u00e2tre, que ses synagogues soient br\u00fbl\u00e9es.<\/p>\n<p>L\u2019antijuda\u00efsme et l\u2019antisionisme virulents des \u00e9meutiers arabes isra\u00e9liens, ont finalement recentr\u00e9, sur la carte politique, celui que tout le monde d\u00e9peignait comme un extr\u00e9miste acharn\u00e9. Mais il s\u2019av\u00e8re, au fond, qu\u2019il avait vu plus vite que les autres ce qui allait se passer, notamment lors de l\u2019agression du Hamas, de celle sauvage de nos propres concitoyens arabes. Itamar Ben Gvir enfin arrive, enfile la cravate de rigueur pour les interviews film\u00e9es et nous commen\u00e7ons.<\/p>\n<p>&nbsp;<\/p>\n<h3>Andr\u00e9 Darmon : Itamar, entrons dans le vif du sujet, Croyez-vous, vous-m\u00eame, \u00e0 la coexistence avec les Arabes et croyez-vous que les Arabes y croient eux-m\u00eames ?<\/h3>\n<p>&nbsp;<\/p>\n<p>Itamar ben Gvir : Cela peut para\u00eetre bizarre et je vais s\u00fbrement te surprendre, mais je crois en la coexistence et je pense qu\u2019il existe beaucoup d\u2019Arabes avec lesquels on peut vivre en paix et en toute s\u00e9r\u00e9nit\u00e9. Mais tout d\u2019abord, il faut balayer ce qui se trouve sous la table.<\/p>\n<p>Il faut savoir que beaucoup ne veulent pas de nous ici. Ils voudraient ici un Etat islamique, un califat, comme cela se passe en Europe et tous les non-arabes seraient consid\u00e9r\u00e9s comme des parias. Je n\u2019ai aucun probl\u00e8me avec ceux qui acceptent l\u2019Etat d\u2019Isra\u00ebl comme Etat juif. Pour ceux qui ne l\u2019acceptent pas et qui pensent \u00e0 en faire un \u00e9tat musulman, ceux-l\u00e0, je les rejette.<\/p>\n<h3>A.D. : Itamar ne crois-tu pas que les \u00e9v\u00e8nements de mai ont montr\u00e9 le vrai visage des Arabes isra\u00e9liens ?<\/h3>\n<p>Itamar BG : je ne veux pas g\u00e9n\u00e9raliser et dire que tous les Arabes isra\u00e9liens sont comme cela. Mais il est vrai que chez certains on a vu leur vrai visage. Et de ceux-l\u00e0, nous n\u2019en voulons pas en Isra\u00ebl.<\/p>\n<h3>A.D. : Ne penses-tu pas qu\u2019\u00e0 la suite de ces m\u00eames \u00e9v\u00e9nements que la Loi (de l\u2019Etat-)nation (HOK Haleoum -si d\u00e9cri\u00e9e par les Arabes et par la Gauche NDLR) doit \u00eatre am\u00e9lior\u00e9e et durcie\u00a0?<\/h3>\n<p>Itamar BG : Cette loi est une bonne loi, une loi logique, qui affirme que ce pays est un pays juif avant tout, c\u2019est le foyer des Juifs. Ceux qui sont contre cette loi sont des hypocrites.<\/p>\n<p>Oui, vous avez raison il faut la parachever avec d\u2019autres lois. Mais l\u2019autre probl\u00e8me qui se pose ce sont les juges et les tribunaux isra\u00e9liens qui se sont arrog\u00e9s le droit de diriger le pays. Le monde de la justice a cru qu\u2019il pouvait l\u00e9gif\u00e9rer \u00e0 la place de la Knesset ou du gouvernement.<\/p>\n<p>La premi\u00e8re chose que j\u2019aurais faite, si j\u2019\u00e9tais ministre de la Justice, c\u2019est de changer la fa\u00e7on de nommer les juges, Ici un juge am\u00e8ne un autre juge et sur neuf juges, cinq sont d\u00e9sign\u00e9s par leurs pairs. Je veux changer cela, changer la composition de cette commission de nomination afin que chaque juge puisse \u00eatre nomm\u00e9 avec un agenda sioniste et juif \u00e0 pr\u00e9senter.<\/p>\n<p>Int\u00e9grer des juges s\u00e9farades, des juges orthodoxes par exemple, de fa\u00e7on \u00e0 changer la composition de la Cour Supr\u00eame. J\u2019aimerais changer le poids de la commission et faire que la Knesset nomme, elle, six juges sur neuf et non 4 comme aujourd\u2019hui.<\/p>\n<h3>A.D. : Il ne se passe pas un jour sans que les journalistes, les citoyens, la gauche n\\&rsquo;affirment que Bibi s\u2019est tromp\u00e9 et que ce qu\u2019il a fait depuis 13 ans ce n\u2019est pas ce qu\u2019il fallait faire avec Gaza. Pour tout le monde, m\u00eame pour la droite, la politique men\u00e9e contre le groupe terroriste Hamas est mauvaise. Si tu avais \u00e9t\u00e9 \u00e0 sa place ou membre du cabinet s\u00e9curitaire, qu\u2019aurais-tu fait ?<\/h3>\n<p>Itamar BG : Il est certain que je suis d\u2019accord avec ceux qui pensent que ce n\u2019est pas la bonne politique. Ce qu\u2019il a fait pendant la derni\u00e8re op\u00e9ration est excellent, mais cela va tenir un an ou deux. Oui, il faut \u00e9craser le pouvoir du Hamas \u00e0 Gaza. Compl\u00e8tement. Ou bien qu\u2019ils se cachent sous terre ou ils seront tous \u00e9limin\u00e9s. Notre pays souverain et notre capitale sont bombard\u00e9s, harcel\u00e9s, et nous regardons cela comme si c\u2019\u00e9tait simplement de la pluie. Si Paris avait \u00e9t\u00e9 bombard\u00e9, puis encore bombard\u00e9, les Fran\u00e7ais auraient-ils accept\u00e9 cela avec s\u00e9r\u00e9nit\u00e9 ? Non, ils seraient partis en guerre.<\/p>\n<p>(Si vous vous) installez dans des villes isra\u00e9liennes o\u00f9 il y a des arabes, cela ne leur plait pas. Nous mettons en place des barri\u00e8res \u00e0 Chaar Chrem pour leur s\u00e9curit\u00e9, cela ne leur plait pas. Et chaque fois nous nous culpabilisons. C\u2019est tr\u00e8s juif, cela. Savez-vous quand est ce que nous les \u00e9nerverons plus!? Quand nous serons noy\u00e9s dans la mer !<\/p>\n<h2>A.D. : Itamar, les \u00e9lections ?<\/h2>\n<p>Itamar GV : Je serais presque partant pour des nouvelles \u00e9lections, car je suis certain que ce n\u2019est pas 4, 5,6 ou m\u00eame 12 mandats que nous recueillerons tant je sens la ferveur chaque fois que je parcours le pays. Du nord au Sud, les la\u00efcs et les religieux m\u2019accueillent partout avec amour. Ils savent tous que je me bats pour eux.<\/p>\n<h3>A.D. : Qu\u2019en est-t-il du Mont du Temple ? Est-il possible de r\u00e9parer cette stupidit\u00e9 historique qui date de 1967 et de reprendre, nous Isra\u00e9liens, le contr\u00f4le du Mont et de l\u2019Esplanade ?<\/h3>\n<p>Itamar GV : Savez-vous que le Mont du Temple, qui est le lieu le plus saint du Juda\u00efsme, est le seul endroit au monde o\u00f9 un Juif n\u2019a pas le droit de prier\u00a0? Si cela se passait ailleurs, \u00e0 Paris ou \u00e0 New York, on parlerait d\u2019antis\u00e9mitisme, d\u2019antijuda\u00efsme. Le Mont du Temple est un symbole et celui qui contr\u00f4le ce symbole contr\u00f4le tout le pays.<\/p>\n<h3>A.D. : Un peu de prospective. Supposons, Itamar, que vous soyez Premier ministre. Que feriez-vous tout de suite en prenant vos fonctions ?<\/h3>\n<p>Itamar GV : La premi\u00e8re des choses que je recommanderais, c\\&rsquo;est l\u2019expulsion d\u2019Isra\u00ebl de tous ceux qui se revendiquent nos ennemis. La seconde que j\u2019initierais, c\u2019est l\u2019encouragement \u00e0 l\u2019Alya des juifs d\u2019Occident.<\/p>\n<p>&nbsp;<\/p>\n<h2>A.D. : Quelle est la solution en dehors du Hamas ? Qui pour le remplacer ?<\/h2>\n<p>Itamar GV : Sinc\u00e8rement ce n\u2019est pas mon probl\u00e8me. Ils ont voulu que nous sortions de Gaza il y a 15 ans et nous en sommes sortis. Et l\u2019on voudrait que l\u2019on soit responsable aujourd\u2019hui de Gaza. Nous, nous devrions nous pr\u00e9occuper de leur alimentation, de leurs enfants, de leur \u00e9lectricit\u00e9 ? Si je devais choisir entre voir mes enfants touch\u00e9s par la guerre ou leurs enfants, il est \u00e9vident que je veux d\u2019abord voir mes enfants prot\u00e9g\u00e9s.<\/p>\n<p>Nous r\u00e9cup\u00e9rons l\u00e9galement des maisons juives \u00e0 Sheikh Jarrah (Chimon Hatsadik), et d\u00e9sign\u00e9es comme telles par la Cour Supr\u00eame, cela ne plait pas aux Arabes, nous voulons monter sur le Mont du Temple, cela ne plait pas aux Arabes, nous voulons faire venir des Juifs du monde et en particulier des Juifs de France, qui sont traditionalistes et sionistes. Leur donner tous les outils et les meilleures conditions pour monter et s\u2019installer ici. La balance d\u00e9mographique n\u2019est pas encore assez bonne. La Galil\u00e9e, Le N\u00e9guev sont des endroits ou le pays perd le contr\u00f4le et que nos nouveaux immigrants doivent peupler rapidement.<\/p>\n<h2>A.D. : j\u2019\u00e9coute les d\u00e9put\u00e9s arabes isra\u00e9liens, j\u2019entends leurs discours, j\u2019entends aussi surtout ce qu\u2019ils ne disent pas pour calmer les esprits. Ce sont pour la plupart des ennemis du pays.<\/h2>\n<p>Itamar GV : Isra\u00ebl est le seul pays qui paye des d\u00e9put\u00e9s arabes, en l\u2019occurrence qui ne font pas all\u00e9geance \u00e0 leur pays et qui le combattent de l\u2019int\u00e9rieur et qui pr\u00e9conisent d\u2019effacer Isra\u00ebl\u00a0 de la carte. Ils ont leur bureau \u00e0 quelques m\u00e8tres du mien, l\u00e0 o\u00f9 nous nous trouvons. Je suis ici justement pour changer les choses. J\u2019\u00e9tais, jusqu\u2019\u00e0 pr\u00e9sent, un avocat auquel tout r\u00e9ussit sur le plan professionnel et financier et j\\&rsquo;ai d\u00e9cid\u00e9 de laisser tout cela pour m\u2019occuper de ces probl\u00e8mes graves qui agitent le pays. Oui je suis l\u00e0 pour changer les choses.<\/p>\n<p>&nbsp;<\/p>\n<h2>Bio Express : Itamar Ben-Gvir<\/h2>\n<p>Itamar Ben-Gvir, n\u00e9 le 6 mai 1976, avocat et homme politique isra\u00e9lien est un dirigeant du parti d\\&rsquo;extr\u00eame droite, Otzma Yehoudit, l\\&rsquo;un des successeurs id\u00e9ologiques de Kahane. Il d\u00e9fend les radicaux juifs jug\u00e9s en Isra\u00ebl et a appel\u00e9 \u00e0 l\\&rsquo;expulsion des citoyens arabes d\\&rsquo;Isra\u00ebl qui ne sont pas fid\u00e8les \u00e0 Isra\u00ebl. Il est membre de la Knesset. Le mois dernier, il s\u2019est install\u00e9 dans le quartier de Sheikh Jarrah \u00e0 J\u00e9rusalem, en signe de solidarit\u00e9 avec les habitants et propri\u00e9taires juifs.<\/p>\n<p>Ben-Gvir a grandi \u00e0 Mevaseret Sion. Son p\u00e8re est n\u00e9 \u00e0 J\u00e9rusalem d\u2019immigrants juifs irakiens la\u00efcs. Sa m\u00e8re est une immigrante juive kurde qui avait \u00e9t\u00e9 active dans l\u2019Irgoun, adolescente.<\/p>\n<p>Ben-Gvir adoptera des vues religieuses et radicales pendant la premi\u00e8re Intifada. Il rejoint Moledet, un parti pr\u00e9conisant le transfert des Arabes hors d\\&rsquo;Isra\u00ebl, puis le Rav Kahana, parti finalement interdit par Isra\u00ebl. Il a \u00e9t\u00e9 arr\u00eat\u00e9 \u00e0 l\u2019\u00e2ge de 14 ans et aurait \u00e9t\u00e9 exempt\u00e9 du service militaire en raison de ses id\u00e9es politiques. Dans les ann\u00e9es 1990, il \u00e9tait actif dans les manifestations contre les accords d\u2019Oslo. En 1995, quelques jours avant l\\&rsquo;assassinat d\u2019Yitzhak Rabin, Ben-Gvir attire l\\&rsquo;attention du public lorsqu\\&rsquo;il apparait \u00e0 la t\u00e9l\u00e9vision, brandissant un embl\u00e8me de Cadillac, vol\u00e9 sur la voiture de Rabin. En novembre 2015, il a affirm\u00e9 avoir \u00e9t\u00e9 inculp\u00e9 53 fois. Dans la plupart des cas, les accusations ont \u00e9t\u00e9 rejet\u00e9es.<\/p>\n<h2>Vie politique<\/h2>\n<p>Ben-Gvir fut l\\&rsquo;assistant parlementaire de Michael Ben-Ari. Le 25 f\u00e9vrier 2019, Ben-Gvir d\u00e9clarera que les citoyens arabes d\\&rsquo;Isra\u00ebl qui n\\&rsquo;\u00e9taient pas fid\u00e8les \u00e0 Isra\u00ebl \\\u00a0\u00bbdevaient \u00eatre expuls\u00e9s\\\u00a0\u00bb. Ben-Gvir poss\u00e9dait une photo de Barouch Goldstein, accroch\u00e9e dans sa maison.<\/p>\n<p>Goldstein avait massacr\u00e9 29 musulmans \u00e0 la Grotte des Patriarches en 1994. Ben Gvir l\\&rsquo;a enlev\u00e9 pour pr\u00e9parer l\u2019\u00e9lection l\u00e9gislative de 2020 afin d\\&rsquo;\u00eatre autoris\u00e9 \u00e0 se pr\u00e9senter sur la liste de droite unifi\u00e9e dirig\u00e9e par Naftali Bennett. Il a \u00e9t\u00e9 finalement \u00e9lu \u00e0 la Knesset, quand la liste Smotrich a remport\u00e9 six si\u00e8ges. Ben-Gvir s\\&rsquo;est parfois repr\u00e9sent\u00e9 lui-m\u00eame lors de ses actes d\\&rsquo;accusation et, sur la suggestion des juges, il a d\u00e9cid\u00e9 d\\&rsquo;\u00e9tudier le droit.<\/p>\n<p>\u00c0 la fin de ses \u00e9tudes, le Barreau d\\&rsquo;Isra\u00ebl l\\&rsquo;a emp\u00each\u00e9 de passer l\\&rsquo;examen en raison de son casier judiciaire. Ben-Gvir a affirm\u00e9 que la d\u00e9cision \u00e9tait politique. Apr\u00e8s appel, cette d\u00e9cision a \u00e9t\u00e9 annul\u00e9e, mais Ben-Gvir devrait d\\&rsquo;abord r\u00e9gler trois affaires p\u00e9nales dans lesquelles il \u00e9tait inculp\u00e9 \u00e0 l\\&rsquo;\u00e9poque. Acquitt\u00e9 pour ces trois accusations, il a r\u00e9ussi les \u00e9preuves et a obtenu sa licence pour pratiquer en tant qu\\&rsquo;avocat. Ben-Gvir a repr\u00e9sent\u00e9 une s\u00e9rie d\\&rsquo;activistes juifs d\\&rsquo;extr\u00eame-droite, soup\u00e7onn\u00e9s de terrorisme et de crimes de haine. Parmi les clients notables figurent Benzi Gopstein et deux adolescents accus\u00e9s de l\u2019incendie criminel de la Douma.<\/p>\n<p>Ben-Gvir serait \\\u00a0\u00bbl\\&rsquo;homme de r\u00e9f\u00e9rence\\\u00a0\u00bb pour les extr\u00e9mistes juifs confront\u00e9s \u00e0 des probl\u00e8mes juridiques, et est \u00e9galement l\\&rsquo;avocat de Lehava, une organisation d\\&rsquo;extr\u00eame droite anti-assimilation isra\u00e9lienne qui s\\&rsquo;oppose aux mariages mixtes, juifs avec des non-juifs, et il a poursuivi le Waqf<\/p>\n<h4>Mille mercis \u00e0 Meyer Ben Hayoun et \u00e0 Danny Cohen pour leur aide.<\/h4>\n<p><strong>La suite de l\u2019article se trouve dans le prochain num\u00e9ro d\u2019Isra\u00ebl Magazine<\/strong><\/p>\n<p><strong>D\u00e9couvrez un exemplaire du magazine gratuitement et cliquez ensuite sur le rebord droit<\/strong><\/p>\n<p><a href=\\\"https:\/\/online.fliphtml5.com\/rjspi\/ypmm\/#p=1\\\"><strong>https:\/\/online.fliphtml5.com\/rjspi\/ypmm\/#p=1<\/strong><\/a><\/p>\n<p><strong>Votre magazine est livr\u00e9 chez vous en toute confidentialit\u00e9<br \/>\nS\u2019abonner au magazine par t\u00e9l\u00e9phone ou par whats app 00972 (0) 54 254 45 20 ou au 01 86 98 27 27<\/strong><\/p>\n<p><strong>Par email\u00a0\u00a0<\/strong><a href=\\\"mailto:Andredarmon21@gmail.com\\\"><strong>Andredarmon21@gmail.com<\/strong><\/a><strong>\u00a0 pay pal<\/strong><\/p>\n<p><strong>Ou directement sur le site<\/strong><\/p>\n<p><a href=\\\"https:\/\/israelmagazine.co.il\/sabonner-au-magazine\/\\\"><strong>https:\/\/israelmagazine.co.il\/sabonner-au-magazine\/<\/strong><\/a><\/p>\n<p><strong>Loi du Retour ou qui est Juif ?Ou encore S\u2019abonner au magazine livr\u00e9 chez vous en toute confidentialit\u00e9. Remplir le formulaire<\/strong><\/p>\n<p><a href=\\\"https:\/\/docs.google.com\/forms\/d\/e\/1FAIpQLSfPYJfb8KjEya-X17w0DGPAuBlCGvqVUdh_Is8EL810Lxw82A\/viewform?entry.1189475001=Recipient_Email\\\"><strong>https:\/\/docs.google.com\/forms\/d\/e\/1FAIpQLSfPYJfb8KjEya-X17w0DGPAuBlCGvqVUdh_Is8EL810Lxw82A\/viewform?entry.1189475001=Recipient_Email<\/strong><\/a><\/p>\n","protected":false},"excerpt":{"rendered":"<p>(L\\&rsquo;interview a \u00e9t\u00e9 r\u00e9alis\u00e9e en 2020) L\u2019Interview Exclusive d\u2019Itamar Ben Gvir, L\u2019\u00c9lectron libre de la politique isra\u00e9lienne \\\u00a0\u00bbJ\u2019appelle \u00e0 l\\&rsquo;expulsion des citoyens arabes d\\&rsquo;Isra\u00ebl qui ne sont pas fid\u00e8les \u00e0 Isra\u00ebl\\\u00a0\u00bb J\u2019ai rendez-vous \u00e0 J\u00e9rusalem, \u00e0 la Knesset avec Itamar Ben Gvir, et je revoie illico, tout en cheminant, les fant\u00f4mes de Benny Elon, de &hellip;<\/p>\n<p class=\"read-more\"> <a class=\"\" href=\"https:\/\/israelmagazine.net\/?p=60514\"> <span class=\"screen-reader-text\">L\u2019Interview Exclusive d\u2019Itamar Ben Gvir  L\u2019\u00c9lectron libre de la politique isra\u00e9lienne<\/span> Lire la suite \u00bb<\/a><\/p>\n","protected":false},"author":4,"featured_media":60515,"comment_status":"open","ping_status":"open","sticky":false,"template":"","format":"standard","meta":{"site-sidebar-layout":"default","site-content-layout":"default","ast-global-header-display":"","ast-main-header-display":"","ast-hfb-above-header-display":"","ast-hfb-below-header-display":"","ast-hfb-mobile-header-display":"","site-post-title":"","ast-breadcrumbs-content":"","ast-featured-img":"","footer-sml-layout":"","theme-transparent-header-meta":"","adv-header-id-meta":"","stick-header-meta":"","header-above-stick-meta":"","header-main-stick-meta":"","header-below-stick-meta":""},"categories":[84,1621,1387,814,1612,841,1622,1614,1674,1623,1191,1615],"tags":[1063,845,1474,823,815,383,1105,1839,877,1761],"sujet":[],"_links":{"self":[{"href":"https:\/\/israelmagazine.net\/index.php?rest_route=\/wp\/v2\/posts\/60514"}],"collection":[{"href":"https:\/\/israelmagazine.net\/index.php?rest_route=\/wp\/v2\/posts"}],"about":[{"href":"https:\/\/israelmagazine.net\/index.php?rest_route=\/wp\/v2\/types\/post"}],"author":[{"embeddable":true,"href":"https:\/\/israelmagazine.net\/index.php?rest_route=\/wp\/v2\/users\/4"}],"replies":[{"embeddable":true,"href":"https:\/\/israelmagazine.net\/index.php?rest_route=%2Fwp%2Fv2%2Fcomments&post=60514"}],"version-history":[{"count":0,"href":"https:\/\/israelmagazine.net\/index.php?rest_route=\/wp\/v2\/posts\/60514\/revisions"}],"wp:featuredmedia":[{"embeddable":true,"href":"https:\/\/israelmagazine.net\/index.php?rest_route=\/"}],"wp:attachment":[{"href":"https:\/\/israelmagazine.net\/index.php?rest_route=%2Fwp%2Fv2%2Fmedia&parent=60514"}],"wp:term":[{"taxonomy":"category","embeddable":true,"href":"https:\/\/israelmagazine.net\/index.php?rest_route=%2Fwp%2Fv2%2Fcategories&post=60514"},{"taxonomy":"post_tag","embeddable":true,"href":"https:\/\/israelmagazine.net\/index.php?rest_route=%2Fwp%2Fv2%2Ftags&post=60514"},{"taxonomy":"sujet","embeddable":true,"href":"https:\/\/israelmagazine.net\/index.php?rest_route=%2Fwp%2Fv2%2Fsujet&post=60514"}],"curies":[{"name":"wp","href":"https:\/\/api.w.org\/{rel}","templated":true}]}}