{"id":60521,"date":"2023-02-16T09:14:32","date_gmt":"2023-02-16T07:14:32","guid":{"rendered":"https:\/\/israelmagazine.net\/?p=60521"},"modified":"2023-02-16T09:14:32","modified_gmt":"2023-02-16T07:14:32","slug":"e-memri-relate-lepopee-de-la-demande-de-pardon-de-dieudonne","status":"publish","type":"post","link":"https:\/\/israelmagazine.net\/?p=60521","title":{"rendered":"Le MEMRI relate l\\&rsquo;\u00e9pop\u00e9e de la demande de Pardon de Dieudonn\u00e9"},"content":{"rendered":"<div class=\\\"article-header-banner\\\">\n<div class=\\\"header-wrap\\\">\n<h1>Le Com\u00e9dien antis\u00e9mite fran\u00e7ais Dieudonn\u00e9 M\\&rsquo;bala M\\&rsquo;bala : Je demande pardon<\/h1>\n<p><span class=\\\"date\\\"><span class=\\\"date-created\\\">8 f\u00e9vrier 2023<\/span><\/span><\/div>\n<\/div>\n<div id=\\\"node-59772\\\" class=\\\"node node-article node-promoted clearfix node-jttm-post-full\\\">\n<div class=\\\"meta\\\"><span class=\\\"report-meta\\\"><a href=\\\"https:\/\/www.memri.org\/categories\/special-dispatch\\\">D\u00e9p\u00eache sp\u00e9ciale<\/a> n\u00b0 10474<\/span><\/div>\n<div id=\\\"extra-page-0\\\" class=\\\"content  article-content clearfix\\\">\n<div class=\\\"field field-name-body field-type-text-with-summary field-label-hidden\\\">\n<div class=\\\"field-items\\\">\n<div class=\\\"field-item even\\\">\n<p><em>Dieudonn\u00e9 M\\&rsquo;bala M\\&rsquo;bala est un com\u00e9dien fran\u00e7ais et ancien militant politique. <\/em><\/p>\n<p><em>En 2007, lui et le leader ultranationaliste fran\u00e7ais Jean-Marie Le Pen ont rejoint les forces politiques. M\\&rsquo;bala M\\&rsquo;bala s\\&rsquo;est associ\u00e9 au n\u00e9gationniste fran\u00e7ais Robert Faurisson et \u00e0 l\\&rsquo;ancien Pr\u00e9sident Iranien Mahmoud Ahmadinejad. Il est connu en France pour avoir d\u00e9crit la comm\u00e9moration de la Shoah comme de la \u00ab pornographie m\u00e9morielle \u00bb. En plus d\\&rsquo;avoir \u00e9t\u00e9 condamn\u00e9 pour incitation \u00e0 la haine, apologie du terrorisme et diffamation en Belgique, en France et en Suisse, il a \u00e9t\u00e9 interdit de se produire \u00e0 plusieurs reprises, en raison du contenu antis\u00e9mite de ses \u00e9missions vid\u00e9os, discours, \u00a0et activit\u00e9s depuis 2010. La derni\u00e8re partie de ce rapport propose une s\u00e9rie de liens vers certains de ces rapports du MEMRI et de la DTTM.<\/em><\/p>\n<p><em>Le 10 janvier 2023, l\\&rsquo;humoriste antis\u00e9mite de 56 ans Dieudonn\u00e9 M\\&rsquo;bala M\\&rsquo;bala a demand\u00e9 pardon \u00e0 la communaut\u00e9 juive dans une lettre publi\u00e9e par Andr\u00e9 Darmon sur le site du magazine isra\u00e9lo-fran\u00e7ais de Darmon Isra\u00ebl<\/em>\u00a0<em>Magazine.\u00a0Dans des vid\u00e9os publi\u00e9es sur le propre site de l\\&rsquo;humoriste, il a expliqu\u00e9 pourquoi il avait d\u00e9cid\u00e9 de demander pardon.\u00a0La lettre a d\u00e9clench\u00e9 d\\&rsquo;intenses discussions au sein de la communaut\u00e9 juive fran\u00e7aise, certains membres percevant les excuses comme sinc\u00e8res, et d\\&rsquo;autres affirmant qu\\&rsquo;elles doivent \u00eatre suivies d\\&rsquo;actions pour corriger les torts caus\u00e9s par la promotion de th\u00e9ories du complot antis\u00e9mites et la n\u00e9gation de la Shoah.\u00a0Alors qu\\&rsquo;un grand pourcentage de juifs fran\u00e7ais consid\u00e9raient la demande de pardon de M\\&rsquo;bala M\\&rsquo;bala comme une nouvelle mauvaise blague de l\\&rsquo;humoriste, nombre de ses fans sur Telegram ont exprim\u00e9 leur d\u00e9ception et leur d\u00e9go\u00fbt face \u00e0 sa \\\u00a0\u00bbsoumission aux juifs\\\u00a0\u00bb.\u00a0Voici des extraits de la lettre et des vid\u00e9os de M\\&rsquo;bala M\\&rsquo;bala.<\/em><\/p>\n<p><img class=\\\"half-size-image\\\" src=\\\"https:\/\/www.memri.org\/sites\/default\/files\/2023\/SD10474.jpg\\\" alt=\\\"\\\" \/><\/p>\n<h2><b>Le chanteur et compositeur fran\u00e7ais Francis Lalanne a encourag\u00e9 Dieudonn\u00e9 \u00e0 \u00e9crire une lettre<\/b><\/h2>\n<p>Dans une vid\u00e9o partag\u00e9e sur sa cha\u00eene YouTube \u00ab La Dieudosph\u00e8re \u00bb le 15 janvier 2023, M\\&rsquo;bala M\\&rsquo;bala explique ce qui l\\&rsquo;a pouss\u00e9 \u00e0 demander pardon.\u00a0Il fait r\u00e9f\u00e9rence au chanteur et compositeur fran\u00e7ais Francis Lalanne, qui a sugg\u00e9r\u00e9 d\\&rsquo;\u00e9crire une lettre pour aider \u00e0 r\u00e9habiliter la carri\u00e8re de Dieudonn\u00e9.\u00a0L\\&rsquo;humoriste se souvient :<\/p>\n<p>\\\u00a0\u00bb[0:26] J\\&rsquo;ai cherch\u00e9 [le pardon] pendant plusieurs ann\u00e9es, en vain.\u00a0Cette main de paix et de pardon &#8211; je l\\&rsquo;ai ouverte \u00e0 ceux que j\\&rsquo;avais choqu\u00e9s lors de mes mimiques artistiques : je l\\&rsquo;ai tendue notamment aux membres de la communaut\u00e9 juive fran\u00e7aise qui se sont sentis insult\u00e9s par mes propos et qui l\\&rsquo;ont dit tr\u00e8s clairement.\u00a0J\\&rsquo;avais besoin de pouvoir leur demander sinc\u00e8rement pardon \u2013 \u00e0 cause de mon comportement excessif et scandaleux.\u00a0H\u00e9las, le temps a pass\u00e9 et mes mains tendues n\\&rsquo;ont jamais trouv\u00e9 l\\&rsquo;\u00e9treinte fraternelle qu\\&rsquo;elles cherchaient (\u2026).<\/p>\n<p>M\\&rsquo;bala M\\&rsquo;bala \u00e9voque alors l\\&rsquo;aide de Francis Lalanne : \u00ab [4:01:] Un jour Francis m\\&rsquo;a appel\u00e9 et m\\&rsquo;a demand\u00e9 pardon [de m\\&rsquo;avoir calomni\u00e9 \u00e0 la t\u00e9l\u00e9] (\u2026) Il voulait travailler \u00e0 ma r\u00e9\u00e9ducation : [ Lalanne a dit :] \\&rsquo;Pourquoi les Fran\u00e7ais devraient-ils \u00eatre priv\u00e9s de vous ? Vous \u00eates l\\&rsquo;un des com\u00e9diens les plus hilarants. Nous devons vous r\u00e9habiliter. Il m\\&rsquo;a demand\u00e9 : \\&rsquo;Voudrais demander pardon ?\\&rsquo; J\\&rsquo;ai dit que j\\&rsquo;avais fait cette d\u00e9marche \u00e0 plusieurs reprises, mais que je n\\&rsquo;avais jamais r\u00e9ussi \u00e0 faire entendre ma demande [de pardon]. Il m\\&rsquo;a donc demand\u00e9 d\\&rsquo;\u00e9crire un texte &#8211; un texte qui a fait le tour de la France &#8211; une demande de pardon. Je l\\&rsquo;ai fait. Il l\\&rsquo;a transmis \u00e0 son ami Frank Kalifa, que je ne connaissais pas, qui l\\&rsquo;a transmis \u00e0 son tour \u00e0 [le directeur d\\&rsquo;Israel Magazine] Andr\u00e9 Darmon. Je l\\&rsquo;ai rencontr\u00e9 il y a 20 ans. Apr\u00e8s bien des h\u00e9sitations, la <i>Revue Isra\u00ebl<\/i> M.\u00a0Cela a cr\u00e9\u00e9 une sorte de folie.\u00a0Cela a cr\u00e9\u00e9 une sorte d\\&rsquo;explosion m\u00e9diatique que personne n\\&rsquo;aurait jamais pu imaginer.\u00a0(\u2026) \u00bb\u00a0<a id=\\\"_ednref1\\\" title=\\\"\\\" href=\\\"https:\/\/www.memri.org\/reports\/french-antisemitic-comedian-dieudonn%C3%A9-mbala-mbala-i-ask-forgiveness#_edn1\\\" name=\\\"_ednref1\\\">[1]<\/a><\/p>\n<p><img class=\\\"half-size-image\\\" src=\\\"https:\/\/www.memri.org\/sites\/default\/files\/2023\/SD104741_0.jpg\\\" alt=\\\"\\\" \/><\/p>\n<p><b>La lettre d\\&rsquo;excuses de Dieudonn\u00e9, publi\u00e9e dans un magazine isra\u00e9lien fran\u00e7ais<\/b><\/p>\n<p>Andr\u00e9 Darmon \u00e9crit en introduction de la lettre : \u00ab (\u2026) Apr\u00e8s r\u00e9flexion, j\\&rsquo;ai accept\u00e9 que l\\&rsquo;humoriste \u00e9crive ce qu\\&rsquo;il a \u00e0 dire \u00e0 ceux qu\\&rsquo;il a tant maltrait\u00e9s, les juifs, et \u00e0 qui il voulait demander pardon.\u00a0Je laisse \u00e0 vous lecteurs le soin de vous faire votre propre opinion.\u00a0(\u2026) \u00bb La lettre se lit comme suit :<\/p>\n<p>\\\u00a0\u00bbJe demande pardon.<\/p>\n<p>Cela fait plusieurs d\u00e9cennies que je ne me suis pas exprim\u00e9 dans un m\u00e9dia officiel, et je ne pensais pas le refaire un jour, mais c\\&rsquo;est comme \u00e7a, le temps a pass\u00e9 et \u00e7a n\\&rsquo;a \u00e9pargn\u00e9 aucune de mes certitudes.\u00a0Je suis com\u00e9dien depuis 35 ans.<\/p>\n<p>Bien plus qu\\&rsquo;un travail, cette t\u00e2che \u00e9tait pour moi une v\u00e9ritable passion, un sacerdoce auquel j\\&rsquo;ai consacr\u00e9 l\\&rsquo;essentiel de ma vie et de mon \u00e9nergie, souvent au d\u00e9triment de mon entourage le plus proche, et notamment de mes sept enfants, que je ne voyais gu\u00e8re grandir.<\/p>\n<p>Je profite de l\\&rsquo;occasion qui m\\&rsquo;est donn\u00e9e ici pour leur demander pardon et leur redire combien je les aime.\u00a0Je veux aussi demander pardon \u00e0 tous ceux que j\\&rsquo;ai pu blesser, choquer, blesser \u00e0 travers certaines de mes mimiques artistiques.\u00a0Je pense notamment \u00e0 mes compatriotes de la communaut\u00e9 juive, \u00e0 qui j\\&rsquo;avoue humblement \u00eatre all\u00e9 trop loin.\u00a0C\\&rsquo;est vrai, je suis parfois all\u00e9 trop loin et j\\&rsquo;ai agi outrageusement, me livrant \u00e0 des provocations inappropri\u00e9es.<\/p>\n<p>Pour toutes ces fautes et ces exc\u00e8s, je demande pardon.\u00a0Mon but \u00e9tait de faire rire tout le monde, et la communaut\u00e9 juive fait partie de mon univers.<\/p>\n<p>&nbsp;<\/p>\n<p>Je n\\&rsquo;ai pas r\u00e9ussi \u00e0 les faire rire et je le regrette.\u00a0Bref, mon \u00e2ge et mon \u00e9tat de sant\u00e9 me poussent aujourd\\&rsquo;hui \u00e0 pr\u00e9parer ma retraite au Cameroun, sur la terre de mes anc\u00eatres.\u00a0Aussi, j\\&rsquo;aspire \u00e0 quitter la sc\u00e8ne en paix : en paix avec moi-m\u00eame, en paix avec les autres, dans le respect mutuel et sinc\u00e8re.\u00a0Je veux apporter ma pierre \u00e0 l\\&rsquo;\u00e9difice de la r\u00e9conciliation, dans un contexte de tensions g\u00e9n\u00e9rales exacerb\u00e9es.<\/p>\n<p>Plus que jamais, je suis convaincu que le rire et la d\u00e9rision auront un r\u00f4le \u00e0 jouer pour r\u00e9tablir le lien de fraternit\u00e9 rompu.\u00a0Je suis un \u00eatre humain imparfait mais sinc\u00e8re qui cherche \u00e0 r\u00e9parer ses erreurs et ses fautes.<\/p>\n<p>Mes sinc\u00e8res remerciements pour avoir accept\u00e9 de publier et de lire cette lettre.\u00a0Soyons clairs : je ne cherche aucune sorte d\\&rsquo;excuses car il n\\&rsquo;y en a pas quand on peut voir qu\\&rsquo;il a fait du mal \u00e0 ses semblables.\u00a0Je demande simplement pardon pour le mal que j\\&rsquo;ai fait, pas toujours expr\u00e8s.\\\u00a0\u00bb\u00a0<a id=\\\"_ednref2\\\" title=\\\"\\\" href=\\\"https:\/\/www.memri.org\/reports\/french-antisemitic-comedian-dieudonn%C3%A9-mbala-mbala-i-ask-forgiveness#_edn2\\\" name=\\\"_ednref2\\\">[2]<\/a><\/p>\n<p><img class=\\\"half-size-image\\\" src=\\\"https:\/\/www.memri.org\/sites\/default\/files\/2023\/SD104742_0.jpg\\\" alt=\\\"\\\" \/><\/p>\n<p><b>Les fans se sont sentis trahis\u00a0;\u00a0Alain Soral, th\u00e9oricien du complot et antis\u00e9mite, s\\&rsquo;interroge sur la sinc\u00e9rit\u00e9 de Dieudonn\u00e9<\/b><\/p>\n<p>De nombreux fans se sont sentis \u00ab trahis \u00bb par la lettre de l\\&rsquo;humoriste.\u00a0Dans une vid\u00e9o, le th\u00e9oricien du complot et antis\u00e9mite Alain Soral s\\&rsquo;en est moqu\u00e9 comme d\\&rsquo;un coup, qualifiant la lettre d\\&rsquo;acte de \\\u00a0\u00bbTshuvah\\\u00a0\u00bb (\\\u00a0\u00bbrepentir\\\u00a0\u00bb en h\u00e9breu) \u200b\u200bet expliquant que M\\&rsquo;bala M\\&rsquo;bala \u00e9tait vraisemblablement motiv\u00e9 par des raisons \u00e9conomiques, car il on dit qu\\&rsquo;il est compl\u00e8tement en faillite.\u00a0<a id=\\\"_ednref3\\\" title=\\\"\\\" href=\\\"https:\/\/www.memri.org\/reports\/french-antisemitic-comedian-dieudonn%C3%A9-mbala-mbala-i-ask-forgiveness#_edn3\\\" name=\\\"_ednref3\\\">[3]<\/a><\/p>\n<p><img class=\\\"half-size-image\\\" src=\\\"https:\/\/www.memri.org\/sites\/default\/files\/2023\/SD104743_0.jpg\\\" alt=\\\"\\\" \/><\/p>\n<p>Dans une vid\u00e9o de 23 minutes publi\u00e9e sur son site \u00abQuenelplus\u00bb, le com\u00e9dien a r\u00e9pondu \u00e0 Soral en disant\u00a0<a id=\\\"_ednref4\\\" title=\\\"\\\" href=\\\"https:\/\/www.memri.org\/reports\/french-antisemitic-comedian-dieudonn%C3%A9-mbala-mbala-i-ask-forgiveness#_edn4\\\" name=\\\"_ednref4\\\">[4]<\/a>: \u00ab [7:03] En m\\&rsquo;aventurant sur la voie du pardon, je ne m\\&rsquo;attendais pas \u00e0 un soutien de ta part, Alain, non.\u00a0Mais au moins un silence respectueux, au vu de toutes les \u00e9preuves que nous avons travers\u00e9es ensemble.\u00a0Comme je suis d\u00e9\u00e7u.\u00a0(\u2026) [13:04] Quand tu pensais que j\\&rsquo;\u00e9tais faible parce que je cherchais le pardon, tu t\\&rsquo;es dit : je vais en profiter.\u00a0Il faut savoir que je ne me suis jamais senti aussi fort, aussi l\u00e9ger.\u00a0(\u2026) [15:07] Nous, les hommes, devons demander pardon.\u00a0Nous sommes des p\u00e9cheurs.\u00a0Nous avons cette capacit\u00e9 \u00e0 demander pardon lorsque nous avons bless\u00e9 les gens.\u00a0Et pour la douleur que nous avons caus\u00e9e.\u00a0Toi aussi Alain.\u00a0Nous causons de la douleur tous les jours.\u00a0J\\&rsquo;ai fait des blagues de mauvais go\u00fbt.\u00a0Je l\\&rsquo;admets.\u00a0Je voudrais aussi m\\&rsquo;excuser aupr\u00e8s de la m\u00e8re d\\&rsquo;Ilan Halimi, car j\\&rsquo;ai fait une \u00e9mission \u00e0 l\\&rsquo;occasion d\\&rsquo;un drame &#8211; un drame terrible, insupportable, qui avait affect\u00e9 sa famille.\u00a0<a id=\\\"_ednref5\\\" title=\\\"\\\" href=\\\"https:\/\/www.memri.org\/reports\/french-antisemitic-comedian-dieudonn%C3%A9-mbala-mbala-i-ask-forgiveness#_edn5\\\" name=\\\"_ednref5\\\">[5]<\/a>En fait, je r\u00e9pondais aux attaques de personnes qui essayaient de me faire participer \u00e0 cette histoire, et j\\&rsquo;allais trop loin.\u00a0C\\&rsquo;est vrai que ces attaques \u00e9taient injustes, mais je n\\&rsquo;avais pas besoin de faire de la peine [aux autres], et donc je vous demande pardon, Madame Halimi.\u00a0(\u2026)\\\u00a0\u00bb<\/p>\n<p><img class=\\\"half-size-image\\\" src=\\\"https:\/\/www.memri.org\/sites\/default\/files\/2023\/SD104744_2.jpg\\\" alt=\\\"\\\" \/><\/p>\n<p><b>Une liste des rapports MEMRI et MEMRI-DTTM sur Dieudonn\u00e9<\/b><\/p>\n<p>Un n\u00e9gationniste et r\u00e9cidiviste fran\u00e7ais en tourn\u00e9e pour inclure la France, les territoires fran\u00e7ais d\\&rsquo;outre-mer, la Belgique, l\\&rsquo;Espagne, la Suisse, la Grande-Bretagne et le Canada,\u00a0<a href=\\\"https:\/\/www.memri.org\/dttm\/french-holocaust-denier-and-repeat-offender-tour-include-france-french-overseas-territories\\\">https:\/\/www.memri.org\/dttm\/french-holocaust-denier-and-repeat- d\u00e9linquant-tour-inclus-france-outre-mer<\/a>\u00a0, 23 novembre 2023.<\/p>\n<p>L\\&rsquo;humoriste antis\u00e9mite Dieudonn\u00e9 M\\&rsquo;bala M\\&rsquo;bala, qui a \u00e9t\u00e9 condamn\u00e9 \u00e0 une amende, \u00e0 une interdiction de jouer et \u00e0 une peine de prison pour discours de haine &#8211; et est sur Twitter &#8211; s\\&rsquo;est produit dans un bus de tourn\u00e9e \u00e0 travers la France, s\\&rsquo;est rendu en Belgique et au Luxembourg, https:\/\/www\u00a0<a href=\\\"https:\/\/www.memri.org\/dttm\/antisemitic-comedian-who-was-fined-banned-performing-and-sentenced-jail-hate-speech-performed\\\">. memri.org\/dttm\/antisemitic-comedian-who-was-fined-banned-performing-and-sentenced-jail-hate-speech-performed<\/a>\u00a0, 31 mai 2022.<\/p>\n<p>Le n\u00e9gationniste fran\u00e7ais de l\\&rsquo;Holocauste publie sur la guerre en Ukraine,\u00a0\u00a0<a href=\\\"https:\/\/www.memri.org\/dttm\/french-holocaust-denier-publishes-about-war-ukraine\\\">https:\/\/www.memri.org\/dttm\/french-holocaust-denier-publishes-about-war-ukraine<\/a>\u00a0, 15 mars 2022.<\/p>\n<p>L\\&rsquo;humoriste antis\u00e9mite Dieudonn\u00e9 M\\&rsquo;bala M\\&rsquo;bala, qui a \u00e9t\u00e9 condamn\u00e9 \u00e0 une amende, \u00e0 une interdiction de jouer et \u00e0 une peine de prison pour discours de haine &#8211; et est sur Twitter &#8211; s\\&rsquo;est produit dans un bus de tourn\u00e9e \u00e0 travers la France, s\\&rsquo;est rendu en Belgique et au Luxembourg, https:\/\/www\u00a0<a href=\\\"https:\/\/www.memri.org\/dttm\/antisemitic-comedian-who-was-fined-banned-performing-and-sentenced-jail-hate-speech-performed\\\">. memri.org\/dttm\/antisemitic-comedian-who-was-fined-banned-performing-and-sentenced-jail-hate-speech-performed<\/a>\u00a0, 31 mai 2022.<\/p>\n<p>Suite \u00e0 la d\u00e9nonciation par MEMRI des principaux antis\u00e9mites fran\u00e7ais Alain Sorel et Dieudonn\u00e9, YouTube supprime leurs cha\u00eenes,\u00a0<a href=\\\"https:\/\/www.memri.org\/reports\/following-memris-exposure-leading-french-antisemites-alain-sorel-and-dieudonn%C3%A9-youtube\\\">https:\/\/www.memri.org\/reports\/following-memris-exposure-leading-french-antisemites-alain-sorel-and-dieudonn%C3 %A9-youtube<\/a>\u00a0, 24 juillet 2020.<\/p>\n<p>L\\&rsquo;humoriste antis\u00e9mite fran\u00e7ais Dieudonn\u00e9 d\u00e9tourne les manifestations des \\\u00a0\u00bbgilets jaunes\\\u00a0\u00bb pour promouvoir ses opinions,\u00a0<a href=\\\"https:\/\/www.memri.org\/reports\/french-antisemitic-comedian-dieudonn%C3%A9-hijacks-yellow-vests-protests-promote-his-views\\\">https:\/\/www.memri.org\/reports\/french-antisemitic-comedian-dieudonn%C3%A9-hijacks-yellow-vests-protests-promote-his -vues<\/a>\u00a0, 17 d\u00e9cembre 2018.<\/p>\n<p>La page Facebook \\&rsquo;Quenelle+\\&rsquo; &#8211; Populaire parmi les adeptes de l\\&rsquo;humoriste fran\u00e7ais antis\u00e9mite Dieudonn\u00e9,\u00a0<a href=\\\"https:\/\/www.memri.org\/reports\/quenelle-facebook-page-popular-among-followers-antisemitic-french-comedian-dieudonn%C3%A9\\\">https:\/\/www.memri.org\/reports\/quenelle-facebook-page-popular-among-followers-antisemitic-french-comedian-dieudonn%C3% A9<\/a>\u00a0, 4 mai 2016.<\/p>\n<p>Le com\u00e9dien fran\u00e7ais Dieudonn\u00e9 promeut une nouvelle sous-culture antis\u00e9mite bas\u00e9e sur l\\&rsquo;humour,\u00a0<a href=\\\"https:\/\/www.memri.org\/reports\/french-comedian-dieudonn%C3%A9-promotes-new-humor-based-antisemitic-subculture\\\">https:\/\/www.memri.org\/reports\/french-comedian-dieudonn%C3%A9-promotes-new-humor-based-antisemitic-subculture<\/a>\u00a0, 16 janvier 2014.<\/p>\n<p>Un promoteur canadien annule le spectacle montr\u00e9alais du com\u00e9dien fran\u00e7ais antis\u00e9mite Dieudonn\u00e9,\u00a0<a href=\\\"https:\/\/www.memri.org\/reports\/canadian-promoter-cancels-montreal-show-antisemitic-french-comedian-dieudonn%C3%A9\\\">https:\/\/www.memri.org\/reports\/canadian-promoter-cancels-montreal-show-antisemitic-french-comedian-dieudonn%C3%A9<\/a>\u00a0, 18 mai 2012.<\/p>\n<p>La \u00ab Conf\u00e9rence iranienne sur l\\&rsquo;hollywoodisme et le cin\u00e9ma \u00bb rend hommage \u00e0 d\\&rsquo;\u00e9minents n\u00e9gationnistes fran\u00e7ais de l\\&rsquo;Holocauste,\u00a0<a href=\\\"https:\/\/www.memri.org\/reports\/iranian-conference-hollywoodism-and-cinema-honors-prominent-french-holocaust-deniers\\\">https:\/\/www.memri.org\/reports\/iranian-conference-hollywoodism-and-cinema-honors-prominent-french-holocaust-deniers<\/a>\u00a0, 23 f\u00e9vrier 2012 .<\/p>\n<p>La coproduction irano-fran\u00e7aise du com\u00e9dien fran\u00e7ais Dieudonn\u00e9 pr\u00e9sente une parodie sur les chambres \u00e0 gaz d\\&rsquo;Auschwitz,\u00a0<a href=\\\"https:\/\/www.memri.org\/tv\/iranian-french-co-production-french-comedian-dieudonn%C3%A9-presents-spoof-auschwitz-gas-chambers\\\">https:\/\/www.memri.org\/tv\/iranian-french-co-production-french-comedian-dieudonn%C3%A9-presents-spoof -auschwitz-gas-chambers<\/a>\u00a0, 16 f\u00e9vrier 2012.<\/p>\n<p>Extrait des archives MEMRI\u00a0: l\\&rsquo;humoriste fran\u00e7ais Dieudonn\u00e9 fait l\\&rsquo;\u00e9loge du salut antis\u00e9mite \\\u00a0\u00bbQuenelle\\\u00a0\u00bb, appelle au coup d\\&rsquo;\u00c9tat en France,\u00a0<a href=\\\"https:\/\/www.memri.org\/tv\/memri-archives-french-comedian-dieudonn%C3%A9-praises-antisemitic-quenelle-salute-calls-coup-detat\\\">https:\/\/www.memri.org\/tv\/memri-archives-french-comedian-dieudonn%C3%A9- louanges-antis\u00e9mites-quenelle-salut-appels-coup-d\\&rsquo;\u00e9tat<\/a>\u00a0, 13 f\u00e9vrier 2011.<\/p>\n<p>L\\&rsquo;humoriste fran\u00e7ais antis\u00e9mite Dieudonn\u00e9 M\\&rsquo;bala M\\&rsquo;bala sortira un film produit en Iran, \\&rsquo;The Anti-Semite\\&rsquo;,\u00a0<a href=\\\"https:\/\/www.memri.org\/reports\/antisemitic-french-comedian-dieudonn%C3%A9-mbala-mbala-release-iran-produced-film-anti-semite\\\">https:\/\/www.memri.org\/reports\/antisemitic-french-comedian-dieudonn%C3%A9-mbala- mbala-release-iran-produced-film-antisemite<\/a>\u00a0, 23 novembre 2011.<\/p>\n<p>L\\&rsquo;humoriste fran\u00e7ais Dieudonn\u00e9 M\\&rsquo;bala M\\&rsquo;bala fait la promotion de sa nouvelle chanson \u00ab Shoahnanas \u00bb (\u00ab Ananas de l\\&rsquo;Holocauste \u00bb), revendique : Une plus grande libert\u00e9 d\\&rsquo;expression en Iran qu\\&rsquo;en France ;\u00a0La plupart des marchands d\\&rsquo;esclaves \u00e9taient juifs,\u00a0<a href=\\\"https:\/\/www.memri.org\/reports\/french-comedian-dieudonn%C3%A9-mbala-mbala-promotes-his-new-song-shoahnanas-holocaust-pineapples\\\">https:\/\/www.memri.org\/reports\/french-comedian-dieudonn%C3%A9-mbala-mbala-promotes-his-new-song-shoahnanas-holocaust-pineapples<\/a>\u00a0, 21 avril 2010 .<\/p>\n<p>L\\&rsquo;humoriste fran\u00e7ais Dieudonn\u00e9 M\\&rsquo;bala M\\&rsquo;bala raconte \u00e0 la t\u00e9l\u00e9vision iranienne sa nouvelle chanson pour enfants \\\u00a0\u00bbHolocaust Pineapple\\\u00a0\u00bb et d\u00e9clare : La plupart des marchands d\\&rsquo;esclaves \u00e9taient juifs ;\u00a0Plus de libert\u00e9 d\\&rsquo;expression en Iran qu\\&rsquo;en France,\u00a0<a href=\\\"https:\/\/www.memri.org\/tv\/french-comedian-dieudonn%C3%A9-mbala-mbala-tells-iranian-tv-about-his-new-childrens-song-holocaust\\\">https:\/\/www.memri.org\/tv\/french-comedian-dieudonn%C3%A9-mbala-mbala-tells-iranian-tv-about-his-new-childrens- chanson-holocauste<\/a>\u00a0, 6 avril 2010.<\/p>\n<div><\/div>\n<\/div>\n<\/div>\n<\/div>\n<\/div>\n<\/div>\n","protected":false},"excerpt":{"rendered":"<p>Le Com\u00e9dien antis\u00e9mite fran\u00e7ais Dieudonn\u00e9 M\\&rsquo;bala M\\&rsquo;bala : Je demande pardon 8 f\u00e9vrier 2023 D\u00e9p\u00eache sp\u00e9ciale n\u00b0 10474 Dieudonn\u00e9 M\\&rsquo;bala M\\&rsquo;bala est un com\u00e9dien fran\u00e7ais et ancien militant politique. En 2007, lui et le leader ultranationaliste fran\u00e7ais Jean-Marie Le Pen ont rejoint les forces politiques. M\\&rsquo;bala M\\&rsquo;bala s\\&rsquo;est associ\u00e9 au n\u00e9gationniste fran\u00e7ais Robert Faurisson et &hellip;<\/p>\n<p class=\"read-more\"> <a class=\"\" href=\"https:\/\/israelmagazine.net\/?p=60521\"> <span class=\"screen-reader-text\">Le MEMRI relate l\\&rsquo;\u00e9pop\u00e9e de la demande de Pardon de Dieudonn\u00e9<\/span> Lire la suite \u00bb<\/a><\/p>\n","protected":false},"author":4,"featured_media":60522,"comment_status":"open","ping_status":"open","sticky":false,"template":"","format":"standard","meta":{"site-sidebar-layout":"default","site-content-layout":"default","ast-global-header-display":"","ast-main-header-display":"","ast-hfb-above-header-display":"","ast-hfb-below-header-display":"","ast-hfb-mobile-header-display":"","site-post-title":"","ast-breadcrumbs-content":"","ast-featured-img":"","footer-sml-layout":"","theme-transparent-header-meta":"","adv-header-id-meta":"","stick-header-meta":"","header-above-stick-meta":"","header-main-stick-meta":"","header-below-stick-meta":""},"categories":[84,1621,814,2283,3184,1674,811],"tags":[1063,825,1001,815,1761],"sujet":[],"_links":{"self":[{"href":"https:\/\/israelmagazine.net\/index.php?rest_route=\/wp\/v2\/posts\/60521"}],"collection":[{"href":"https:\/\/israelmagazine.net\/index.php?rest_route=\/wp\/v2\/posts"}],"about":[{"href":"https:\/\/israelmagazine.net\/index.php?rest_route=\/wp\/v2\/types\/post"}],"author":[{"embeddable":true,"href":"https:\/\/israelmagazine.net\/index.php?rest_route=\/wp\/v2\/users\/4"}],"replies":[{"embeddable":true,"href":"https:\/\/israelmagazine.net\/index.php?rest_route=%2Fwp%2Fv2%2Fcomments&post=60521"}],"version-history":[{"count":0,"href":"https:\/\/israelmagazine.net\/index.php?rest_route=\/wp\/v2\/posts\/60521\/revisions"}],"wp:featuredmedia":[{"embeddable":true,"href":"https:\/\/israelmagazine.net\/index.php?rest_route=\/"}],"wp:attachment":[{"href":"https:\/\/israelmagazine.net\/index.php?rest_route=%2Fwp%2Fv2%2Fmedia&parent=60521"}],"wp:term":[{"taxonomy":"category","embeddable":true,"href":"https:\/\/israelmagazine.net\/index.php?rest_route=%2Fwp%2Fv2%2Fcategories&post=60521"},{"taxonomy":"post_tag","embeddable":true,"href":"https:\/\/israelmagazine.net\/index.php?rest_route=%2Fwp%2Fv2%2Ftags&post=60521"},{"taxonomy":"sujet","embeddable":true,"href":"https:\/\/israelmagazine.net\/index.php?rest_route=%2Fwp%2Fv2%2Fsujet&post=60521"}],"curies":[{"name":"wp","href":"https:\/\/api.w.org\/{rel}","templated":true}]}}