{"id":60532,"date":"2023-02-16T15:18:36","date_gmt":"2023-02-16T13:18:36","guid":{"rendered":"https:\/\/israelmagazine.net\/?p=60532"},"modified":"2023-02-16T15:18:36","modified_gmt":"2023-02-16T13:18:36","slug":"eli-cohen-visite-boucha-babi-yar-et-les-officiels-ukrainiens-a-kiev","status":"publish","type":"post","link":"https:\/\/israelmagazine.net\/?p=60532","title":{"rendered":"Eli Cohen visite Boucha, Babi Yar et parle aux officiels ukrainiens \u00e0 Kiev"},"content":{"rendered":"<div class=\\\"adn ads\\\" data-message-id=\\\"#msg-a:r-6300178045146039408\\\" data-legacy-message-id=\\\"1865938a2d586c27\\\">\n<div class=\\\"gs\\\">\n<div class=\\\"\\\">\n<div id=\\\":161\\\" class=\\\"ii gt\\\">\n<div id=\\\":160\\\" class=\\\"a3s aiL \\\">\n<div dir=\\\"ltr\\\">\n<p dir=\\\"ltr\\\"><img class=\\\"alignnone size-medium wp-image-60535\\\" src=\\\"https:\/\/israelmagazine.co.il\/wp-content\/uploads\/2023\/02\/English_NEWSROOM-GENERAL_GPOSA-Cohen-Bocha1-300x225.jpg\\\" alt=\\\"\\\" width=\\\"300\\\" height=\\\"225\\\" \/><\/p>\n<p dir=\\\"ltr\\\">Eli Cohen \u00e0 Bocha, lieu de crimes de guerre de Poutine<\/p>\n<p dir=\\\"ltr\\\"><span style=\\\"font-size: xx-large;\\\">Le ministre Isra\u00e9lien des Affaires \u00e9trang\u00e8res, Eli Cohen atterrit en Ukraine lors de sa premi\u00e8re visite de haut niveau \u00e0 Kiev<\/span><\/p>\n<p dir=\\\"ltr\\\">Isra\u00ebl va-t-elle en faire davantage pour soutenir l\\&rsquo;Ukraine sur les fronts humanitaire, \u00e9conomique et s\u00e9curitaire ? Cette visite sera tr\u00e8s comment\u00e9e pour d\u00e9celer si elle s\u2019inscrit r\u00e9ellement dans une nouvelle orientation plus pro-ukrainienne ou pr\u00f4nera de nouvelles mesures humanitaires (ou d\u00e9fensives) tout en maintenant la neutralit\u00e9 relative dite \u00ab d\u2019\u00e9quilibriste \u00bb, pour aller vers une proposition de m\u00e9diation\u2026<\/p>\n<p dir=\\\"ltr\\\">Le ministre, \u00e0 Kiev jeudi matin pour rencontrer son homologue ukrainien Dmytro Kuleba et le pr\u00e9sident Volodymyr Zelensky, s\\&rsquo;est rendu au domicile des r\u00e9sidents juifs de Bucha, lieu d\\&rsquo;un terrible massacre et de crimes de guerre russes, au d\u00e9but des hostilit\u00e9s.<\/p>\n<p dir=\\\"ltr\\\">\u00ab J\\&rsquo;ai visit\u00e9 Bucha, l\\&rsquo;une des banlieues de Kiev qui a \u00e9t\u00e9 gravement endommag\u00e9e au d\u00e9but de la guerre. Il est impossible de rester indiff\u00e9rent face aux visions dures et aux histoires d\\&rsquo;horreur que j\\&rsquo;ai entendues et auxquelles j\\&rsquo;ai \u00e9t\u00e9 expos\u00e9 ici. Isra\u00ebl condamne toute <strong><em>atteinte intentionnelle \u00e0 des innocents<\/em><\/strong> \u00bb, a d\u00e9clar\u00e9 le ministre.<\/p>\n<div class=\\\"text_editor_paragraph ltr\\\" data-block=\\\"true\\\" data-editor=\\\"5dlj0\\\" data-offset-key=\\\"p7ar-0-0\\\">\n<div class=\\\"public-DraftStyleDefault-block public-DraftStyleDefault-ltr\\\" data-offset-key=\\\"p7ar-0-0\\\"><span data-offset-key=\\\"p7ar-0-0\\\">Le ministre s\\&rsquo;est ensuite rendu \u00e0 Babi Yar, l\\&rsquo;un des sites les plus tristement c\u00e9l\u00e8bres des massacres de Juifs sovi\u00e9tiques par les nazis. L\u00e0, Cohen a dit une pri\u00e8re avec des membres de la communaut\u00e9 juive locale et a d\u00e9pos\u00e9 une gerbe au m\u00e9morial des victimes de l\\&rsquo;Holocauste.<\/span><\/div>\n<\/div>\n<figure contenteditable=\\\"false\\\" data-block=\\\"true\\\" data-editor=\\\"5dlj0\\\" data-offset-key=\\\"38mg4-0-0\\\">\n<div class=\\\"ArticleImageComponenta full_wide\\\">\n<div class=\\\"expand\\\" aria-hidden=\\\"true\\\"><\/div>\n<p><a id=\\\"image_ArticleImageData.Bkxfl2Yiaj\\\" class=\\\"gelleryOpener\\\" aria-label=\\\"ouvrir la galerie d\\'articles\\\" data-image-id=\\\"ArticleImageData.Bkxfl2Yiaj\\\"><\/a><img id=\\\"ReduxEditableImage_ArticleImageData.Bkxfl2Yiaj\\\" title=\\\"Le ministre isra\u00e9lien des Affaires \u00e9trang\u00e8res, Eli Cohen, d\u00e9pose des fleurs au m\u00e9morial de Babi Yar, en Ukraine (Photo : minist\u00e8re des Affaires \u00e9trang\u00e8res)\\\" src=\\\"https:\/\/ynet-pic1.yit.co.il\/picserver5\/crop_images\/2023\/02\/16\/HJG5VsFsTo\/HJG5VsFsTo_0_19_743_683_0_x-large.jpg\\\" alt=\\\"Le ministre isra\u00e9lien des Affaires \u00e9trang\u00e8res Eli Cohen d\u00e9pose des fleurs au m\u00e9morial de Babi Yar, en Ukraine\\\" aria-hidden=\\\"false\\\" \/><\/p>\n<div class=\\\"ImageDetails\\\">\n<div class=\\\"ImageCaption\\\"><span class=\\\"\\\" contenteditable=\\\"false\\\">Le ministre isra\u00e9lien des Affaires \u00e9trang\u00e8res Eli Cohen d\u00e9pose des fleurs au m\u00e9morial de Babi Yar, en Ukraine<\/span><\/div>\n<div class=\\\"ImageCredit\\\">( <span class=\\\"\\\" contenteditable=\\\"false\\\">Photo : minist\u00e8re des Affaires \u00e9trang\u00e8res<\/span> )<\/div>\n<\/div>\n<\/div>\n<div id=\\\"taboola-mid-page-article-thumbnails-nd\\\" class=\\\" trc_related_container trc_spotlight_widget trc_elastic trc_elastic_alternating-thumbnails-abc \\\" data-placement-name=\\\"Mid Page Article Thumbnails ND\\\">\n<div class=\\\"trc_rbox_container\\\">\n<div>\n<div id=\\\"trc_wrapper_61804\\\" class=\\\"trc_rbox alternating-thumbnails-abc trc-content-hybrid \\\">\n<div id=\\\"trc_header_61804\\\" class=\\\"trc_rbox_header trc_rbox_border_elm\\\">\n<div class=\\\"trc_header_ext\\\"><\/div>\n<\/div>\n<\/div>\n<\/div>\n<\/div>\n<\/div>\n<\/figure>\n<p dir=\\\"ltr\\\">Lors de la premi\u00e8re visite de haut niveau d\\&rsquo;un responsable isra\u00e9lien en Ukraine depuis que la Russie a envahi le pays l\\&rsquo;ann\u00e9e derni\u00e8re, Cohen a marqu\u00e9 la r\u00e9ouverture de l\\&rsquo;ambassade d\\&rsquo;Isra\u00ebl \u00e0 Kiev qui avait ferm\u00e9 en raison de la guerre.<\/p>\n<p dir=\\\"ltr\\\">\u00ab Au cours de l\\&rsquo;ann\u00e9e \u00e9coul\u00e9e, Isra\u00ebl s\\&rsquo;est tenu aux c\u00f4t\u00e9s du peuple ukrainien et aux c\u00f4t\u00e9s de l\\&rsquo;Ukraine.<\/p>\n<p dir=\\\"ltr\\\">Aujourd\\&rsquo;hui, nous hissons le drapeau isra\u00e9lien \u00e0 l\\&rsquo;ambassade d\\&rsquo;Isra\u00ebl \u00e0 Kiev, qui reprendra une activit\u00e9 continue dans le but de renforcer les relations entre les pays \u00bb, a-t-il d\u00e9clar\u00e9.<\/p>\n<p dir=\\\"ltr\\\"><img class=\\\"article-image-element\\\" title=\\\" Foreign Minister Eli Cohen with Ukrainian counterpart Dmytro Kuleba on February 16, 2023\\\" src=\\\"https:\/\/images.jpost.com\/image\/upload\/f_auto,fl_lossy\/t_JD_ArticleMainImageFaceDetect\/527526\\\" alt=\\\" Foreign Minister Eli Cohen with Ukrainian counterpart Dmytro Kuleba on February 16, 2023 (photo credit: SHLOMI AMSALEM\/GPO)\\\" width=\\\"822\\\" height=\\\"537\\\" \/><\/p>\n<p dir=\\\"ltr\\\">Cohen a \u00e9galement rencontr\u00e9 son homologue ukrainien Dmytro Kuleba et des membres de la communaut\u00e9 juive.<\/p>\n<p dir=\\\"ltr\\\">Eli Cohen se rend aussi \u00e0 Kiev sous la pression occidentale pour augmenter l\\&rsquo;aide isra\u00e9lienne<\/p>\n<p dir=\\\"ltr\\\">Il est arriv\u00e9 en Pologne au milieu de la nuit, puis s\u2019est rendu \u00e0 Kiev \u00e0 travers le paysage enneig\u00e9 de l\\&rsquo;Ukraine dans un train de nuit.<\/p>\n<p dir=\\\"ltr\\\">Isra\u00ebl subit la pression des \u00c9tats-Unis pour qu\\&rsquo;il fasse davantage pour soutenir l\\&rsquo;Ukraine sur les fronts humanitaire, \u00e9conomique et s\u00e9curitaire.<\/p>\n<p dir=\\\"ltr\\\">L\\&rsquo;Ukraine veut qu\\&rsquo;Isra\u00ebl lui fournisse des armes d\u00e9fensives contre les missiles et les drones, une d\u00e9cision contre laquelle Moscou a d\u00e9j\u00e0 publiquement mis Isra\u00ebl en garde.<\/p>\n<p dir=\\\"ltr\\\">Isra\u00ebl s\\&rsquo;est d\u00e9marqu\u00e9 de ses alli\u00e9s occidentaux dans le soutien \u00e0 l\\&rsquo;Ukraine et a maintenu une position plus neutre sous ses deux premiers ministres pr\u00e9c\u00e9dents, Yair Lapid et Naftali Bennett.<\/p>\n<p dir=\\\"ltr\\\">On s\\&rsquo;attendait \u00e0 ce que le Premier ministre Benjamin Netanyahou, qui entretient des relations \u00e9troites avec le pr\u00e9sident russe Vladimir Poutine, oriente Isra\u00ebl vers la Russie, mais ce n\u2019est pas ce qui se dessine lors de ce voyage, dont on ne sait pas encore si on peut le consid\u00e9rer comme un tournant.<\/p>\n<\/div>\n<div class=\\\"yj6qo\\\"><\/div>\n<div class=\\\"adL\\\">\n<p><strong>La suite de l\u2019article se trouve dans le prochain num\u00e9ro d\u2019Isra\u00ebl Magazine<\/strong><\/p>\n<p><strong>D\u00e9couvrez un exemplaire du magazine gratuitement et cliquez ensuite sur le rebord droit<\/strong><\/p>\n<p><a href=\\\"https:\/\/online.fliphtml5.com\/rjspi\/ypmm\/#p=1\\\"><strong>https:\/\/online.fliphtml5.com\/rjspi\/ypmm\/#p=1<\/strong><\/a><\/p>\n<p><strong>Votre magazine est livr\u00e9 chez vous en toute confidentialit\u00e9<br \/>\nS\u2019abonner au magazine par t\u00e9l\u00e9phone ou par whats app 00972 (0) 54 254 45 20 ou au 01 86 98 27 27<\/strong><\/p>\n<p><strong>Par email\u00a0\u00a0<\/strong><a href=\\\"mailto:Andredarmon21@gmail.com\\\"><strong>Andredarmon21@gmail.com<\/strong><\/a><strong>\u00a0 pay pal<\/strong><\/p>\n<p><strong>Ou directement sur le site<\/strong><\/p>\n<p><a href=\\\"https:\/\/israelmagazine.co.il\/sabonner-au-magazine\/\\\"><strong>https:\/\/israelmagazine.co.il\/sabonner-au-magazine\/<\/strong><\/a><\/p>\n<p><strong>Loi du Retour ou qui est Juif ?Ou encore S\u2019abonner au magazine livr\u00e9 chez vous en toute confidentialit\u00e9. Remplir le formulaire<\/strong><\/p>\n<p><a href=\\\"https:\/\/docs.google.com\/forms\/d\/e\/1FAIpQLSfPYJfb8KjEya-X17w0DGPAuBlCGvqVUdh_Is8EL810Lxw82A\/viewform?entry.1189475001=Recipient_Email\\\"><strong>https:\/\/docs.google.com\/forms\/d\/e\/1FAIpQLSfPYJfb8KjEya-X17w0DGPAuBlCGvqVUdh_Is8EL810Lxw82A\/viewform?entry.1189475001=Recipient_Email<\/strong><\/a><\/p>\n<\/div>\n<\/div>\n<\/div>\n<div class=\\\"hi\\\"><\/div>\n<\/div>\n<\/div>\n<div class=\\\"ajx\\\"><\/div>\n<\/div>\n<div class=\\\"gA gt acV\\\">\n<div class=\\\"gB xu\\\">\n<div class=\\\"ip iq\\\">\n<div id=\\\":162\\\"><\/div>\n<\/div>\n<\/div>\n<\/div>\n","protected":false},"excerpt":{"rendered":"<p>Eli Cohen \u00e0 Bocha, lieu de crimes de guerre de Poutine Le ministre Isra\u00e9lien des Affaires \u00e9trang\u00e8res, Eli Cohen atterrit en Ukraine lors de sa premi\u00e8re visite de haut niveau \u00e0 Kiev Isra\u00ebl va-t-elle en faire davantage pour soutenir l\\&rsquo;Ukraine sur les fronts humanitaire, \u00e9conomique et s\u00e9curitaire ? Cette visite sera tr\u00e8s comment\u00e9e pour d\u00e9celer &hellip;<\/p>\n<p class=\"read-more\"> <a class=\"\" href=\"https:\/\/israelmagazine.net\/?p=60532\"> <span class=\"screen-reader-text\">Eli Cohen visite Boucha, Babi Yar et parle aux officiels ukrainiens \u00e0 Kiev<\/span> Lire la suite \u00bb<\/a><\/p>\n","protected":false},"author":4,"featured_media":60540,"comment_status":"open","ping_status":"open","sticky":false,"template":"","format":"standard","meta":{"site-sidebar-layout":"default","site-content-layout":"default","ast-global-header-display":"","ast-main-header-display":"","ast-hfb-above-header-display":"","ast-hfb-below-header-display":"","ast-hfb-mobile-header-display":"","site-post-title":"","ast-breadcrumbs-content":"","ast-featured-img":"","footer-sml-layout":"","theme-transparent-header-meta":"","adv-header-id-meta":"","stick-header-meta":"","header-above-stick-meta":"","header-main-stick-meta":"","header-below-stick-meta":""},"categories":[84,1621,1387,814,1642,822,1622,1191,2837,3162],"tags":[1739,881,1240,1644],"sujet":[],"_links":{"self":[{"href":"https:\/\/israelmagazine.net\/index.php?rest_route=\/wp\/v2\/posts\/60532"}],"collection":[{"href":"https:\/\/israelmagazine.net\/index.php?rest_route=\/wp\/v2\/posts"}],"about":[{"href":"https:\/\/israelmagazine.net\/index.php?rest_route=\/wp\/v2\/types\/post"}],"author":[{"embeddable":true,"href":"https:\/\/israelmagazine.net\/index.php?rest_route=\/wp\/v2\/users\/4"}],"replies":[{"embeddable":true,"href":"https:\/\/israelmagazine.net\/index.php?rest_route=%2Fwp%2Fv2%2Fcomments&post=60532"}],"version-history":[{"count":0,"href":"https:\/\/israelmagazine.net\/index.php?rest_route=\/wp\/v2\/posts\/60532\/revisions"}],"wp:featuredmedia":[{"embeddable":true,"href":"https:\/\/israelmagazine.net\/index.php?rest_route=\/"}],"wp:attachment":[{"href":"https:\/\/israelmagazine.net\/index.php?rest_route=%2Fwp%2Fv2%2Fmedia&parent=60532"}],"wp:term":[{"taxonomy":"category","embeddable":true,"href":"https:\/\/israelmagazine.net\/index.php?rest_route=%2Fwp%2Fv2%2Fcategories&post=60532"},{"taxonomy":"post_tag","embeddable":true,"href":"https:\/\/israelmagazine.net\/index.php?rest_route=%2Fwp%2Fv2%2Ftags&post=60532"},{"taxonomy":"sujet","embeddable":true,"href":"https:\/\/israelmagazine.net\/index.php?rest_route=%2Fwp%2Fv2%2Fsujet&post=60532"}],"curies":[{"name":"wp","href":"https:\/\/api.w.org\/{rel}","templated":true}]}}