{"id":60547,"date":"2023-02-16T16:55:54","date_gmt":"2023-02-16T14:55:54","guid":{"rendered":"https:\/\/israelmagazine.net\/?p=60547"},"modified":"2023-02-16T16:55:54","modified_gmt":"2023-02-16T14:55:54","slug":"liran-cartographie-les-juifs-de-la-diaspora-comme-cibles-de-ses-escadrons-de-la-mort","status":"publish","type":"post","link":"https:\/\/israelmagazine.net\/?p=60547","title":{"rendered":"L\\&rsquo;Iran \\\u00a0\u00bbcartographie\\\u00a0\u00bb les Juifs de la diaspora comme cibles de ses escadrons de la mort"},"content":{"rendered":"<div class=\\\"head__article\\\">\n<div class=\\\"container\\\">\n<div class=\\\"head__inner\\\">\n<h1><picture><img class=\\\"Image\\\" src=\\\"https:\/\/beymedias.brightspotcdn.com\/dims4\/default\/be32dd7\/2147483647\/strip\/true\/crop\/6016x3137+0+440\/resize\/840x438!\/quality\/90\/?url=http%3A%2F%2Fl-opinion-brightspot.s3.amazonaws.com%2F30%2F18%2F916c3abf484296dc01a1e4478504%2Fsipa-shutterstock40957434-000016.jpg\\\" srcset=\\\"https:\/\/beymedias.brightspotcdn.com\/dims4\/default\/be32dd7\/2147483647\/strip\/true\/crop\/6016x3137+0+440\/resize\/840x438!\/quality\/90\/?url=http%3A%2F%2Fl-opinion-brightspot.s3.amazonaws.com%2F30%2F18%2F916c3abf484296dc01a1e4478504%2Fsipa-shutterstock40957434-000016.jpg 1x,https:\/\/beymedias.brightspotcdn.com\/dims4\/default\/70f2e66\/2147483647\/strip\/true\/crop\/6016x3137+0+440\/resize\/1680x876!\/quality\/90\/?url=http%3A%2F%2Fl-opinion-brightspot.s3.amazonaws.com%2F30%2F18%2F916c3abf484296dc01a1e4478504%2Fsipa-shutterstock40957434-000016.jpg 2x\\\" alt=\\\"Gardiens de la r\u00e9volution Iran\\\" width=\\\"840\\\" height=\\\"438\\\" \/><\/picture><\/h1>\n<div class=\\\"Figure-content\\\">\n<p>Des gardiens de la r\u00e9volution, en Iran, le 29 avril 2022.<\/p>\n<div class=\\\"Figure-credit\\\">Sobhan Farajvan<\/div>\n<\/div>\n<h1>L\\&rsquo;Iran \\\u00a0\u00bbcartographie\\\u00a0\u00bb les Juifs de la diaspora comme cibles pour ses escadrons de la mort<\/h1>\n<h2>Ces commandos de tueurs seraient d\u00e9ploy\u00e9s si jamais Isra\u00ebl attaquait l\\&rsquo;Iran<\/h2>\n<\/div>\n<\/div>\n<\/div>\n<div class=\\\"article__gallery\\\">\n<div class=\\\"container\\\">\n<div class=\\\"article__author\\\">\n<div class=\\\"author__left\\\">\n<div class=\\\"author__profile\\\">\n<div class=\\\"author__image\\\">\n<div class=\\\"author__socials\\\"><\/div>\n<\/div>\n<\/div>\n<\/div>\n<div class=\\\"author__socials\\\">\n<div class=\\\"bookmark__socials\\\"><\/div>\n<\/div>\n<\/div>\n<\/div>\n<div class=\\\"article__image\\\">\n<p><img src=\\\"https:\/\/images.ctfassets.net\/tyagww523muq\/3Bnb30ETTLz1dXViu9vWUg\/6b02635bd0d829b3863b7add081aa42f\/GettyImages-1236339025.jpeg?w=1045&amp;h=588&amp;q=50&amp;fit=fill&amp;f=faces\\\" alt=\\\"article principal\\\" \/><em>Le chef du Corps des gardiens de la r\u00e9volution iraniens, Hossein Salami, prononce un discours lors d\\&rsquo;un rassemblement devant l\\&rsquo;ancienne ambassade des \u00c9tats-Unis dans la capitale, T\u00e9h\u00e9ran, le 4 novembre 2021, pour marquer le 42e anniversaire du d\u00e9but de la crise des otages en Iran. (Photo par AFP via Getty Images)<\/em><\/p>\n<h2>Rep\u00e9rer les personnalit\u00e9s juives qui comptent<\/h2>\n<\/div>\n<div class=\\\"article__desc\\\">\n<div class=\\\"container\\\">\n<div class=\\\"inner__description\\\">\n<div id=\\\"article-content\\\" class=\\\"left__description\\\">\n<p>L\\&rsquo;Iran a \u00ab cartographi\u00e9 \u00bb la diaspora juive pour une campagne d\\&rsquo;assassinats qui sera d\u00e9clench\u00e9e si Isra\u00ebl attaque ses installations nucl\u00e9aires, a d\u00e9clar\u00e9 au Jewish Chronicle une femme juive qui a rencontr\u00e9 l\\&rsquo;ayatollah Khamenei.<\/p>\n<p>Ce plan effrayant, d\u00e9voil\u00e9 lors d\\&rsquo;une r\u00e9union de haut niveau \u00e0 T\u00e9h\u00e9ran, impliquait d\\&rsquo;identifier des personnalit\u00e9s juives aux fonctions centrales et de d\u00e9terminer \\\u00a0\u00bbcomment et o\u00f9 frapper\\\u00a0\u00bb.<\/p>\n<h2>Un plan vengeur en cas de frappe isra\u00e9lienne<\/h2>\n<p>Les commandos seraient d\u00e9ploy\u00e9s si jamais Isra\u00ebl attaquait l\\&rsquo;Iran, lui a-t-on dit, et en ce cas, \u00ab la diaspora aurait une tr\u00e8s mauvaise surprise \u00bb.<\/p>\n<p>Les dirigeants iraniens ont r\u00e9v\u00e9l\u00e9 ce complot de vengeance \u00e0 Catherine Perez-Shakdam, l\\&rsquo;une des rares Occidentales \u00e0 avoir obtenu une audience avec le guide supr\u00eame de l\\&rsquo;Iran, l\\&rsquo;ayatollah Ali Khamenei.<\/p>\n<div class=\\\"post__info\\\">\n<div class=\\\"post__image\\\"><img src=\\\"https:\/\/images.ctfassets.net\/tyagww523muq\/6rwgdE3oisYWBVIkfaWZib\/256ccddbdc8553e5030c096b127b69a6\/JNV_CATHERINE_PEREZ_SHAKDAM_19.jpg?w=585&amp;q=50\\\" alt=\\\"JNV CATHERINE PEREZ SHAKDAM 19\\\" \/><\/div>\n<p>Catherine Perez Shakdam (John Nguyen)<\/p>\n<\/div>\n<p>Khamenei ne semblait avoir peur que d\\&rsquo;une chose \u2013 une attaque isra\u00e9lienne, a-t-elle dit, ajoutant : \u00ab Il croit aux menaces de Netanyahu et il sait que, \\\u00a0\u00bbpour l\\&rsquo;instant\\\u00a0\u00bb, Isra\u00ebl est militairement sup\u00e9rieur. \u201d<\/p>\n<p>Elle a \u00e9galement rencontr\u00e9 Qasem Soleimani, le cerveau terroriste \u00e9limin\u00e9 dans une frappe de drone am\u00e9ricain il y a trois ans, et Ebrahim Raisi, le pr\u00e9sident extr\u00e9miste du pays.<\/p>\n<h2>Elle doit son acc\u00e8s de haut niveau au \\\u00a0\u00bbGoebbels iranien\\\u00a0\u00bb<\/h2>\n<p>\u00c0 l\\&rsquo;insu du r\u00e9gime despotique, Mme Perez-Shakdam, analyste sur le Moyen-Orient et chercheuse au groupe de r\u00e9flexion Henry Jackson Society, qui a contribu\u00e9 \u00e0 des sites Web pro-iraniens et \u00e0 la cha\u00eene de t\u00e9l\u00e9vision de <strong><em>p<\/em><em>ropagande russe RT, est \u00e9galement juive.<\/em><\/strong><\/p>\n<p>Elle a dit avoir obtenu son acc\u00e8s de haut niveau par l\\&rsquo;interm\u00e9diaire de l\\&rsquo;homme qu\\&rsquo;elle appelle <em><strong>\u00ab le Dr Goebbels iranien \u00bb<\/strong><\/em>, le cin\u00e9aste d\\&rsquo;\u00e9tat Nader Talebzadeh, qui a men\u00e9 des campagnes de propagande et l\\&rsquo;a pr\u00e9sent\u00e9e comme une amie et une alli\u00e9e.<\/p>\n<p style=\\\"text-align: center;\\\"><img class=\\\"alignnone size-medium wp-image-60554\\\" src=\\\"https:\/\/israelmagazine.co.il\/wp-content\/uploads\/2023\/02\/Catherine_with_Talebzadeh1-300x225.jpg\\\" alt=\\\"\\\" width=\\\"300\\\" height=\\\"225\\\" \/><\/p>\n<p style=\\\"text-align: center;\\\"><em>Catherine avec Nader Talebzadeh<\/em><\/p>\n<h2>Identifier la colonne vert\u00e9brale de la communaut\u00e9 juive dans le monde<\/h2>\n<p>C\\&rsquo;est lors d\\&rsquo;un \u00e9v\u00e9nement ferm\u00e9 qu\\&rsquo;il a organis\u00e9 en Iran qu\\&rsquo;elle a dit avoir \u00e9t\u00e9 inform\u00e9e du plan consistant \u00e0 \\\u00a0\u00bb<strong><em> identifier toutes les ONG de premier plan dirig\u00e9es par des Juifs<\/em><\/strong>, qui faisait quoi dans chaque secteur d\\&rsquo;activit\u00e9, les rabbins importants.<\/p>\n<p>Ils voulaient comprendre leur influence et <em><strong>o\u00f9 ils vivaient<\/strong><\/em> avec leurs familles afin de les cibler.\u00a0Talebzadeh, a-t-elle dit, a \u00e9t\u00e9 explicite sur le fait que la cartographie \u00e9tait une <strong><em>pr\u00e9paration au meurtre<\/em><\/strong> pour faire \u00ab payer le prix d\\&rsquo;une action d\\&rsquo;Isra\u00ebl \u00e0 la diaspora \u00bb.<\/p>\n<p>En novembre, le directeur g\u00e9n\u00e9ral du MI5, Ken McCallum, a d\u00e9clar\u00e9 que <em><strong>dix complots d\\&rsquo;assassinat iraniens<\/strong> <\/em>avaient \u00e9t\u00e9 d\u00e9jou\u00e9s au Royaume-Uni en l\\&rsquo;espace d\\&rsquo;un an, bien qu\\&rsquo;il n\\&rsquo;ait pas pr\u00e9cis\u00e9 si des Juifs en \u00e9taient les cibles.<\/p>\n<h2>Certains pays refusent de classer les Pasdaran comme terroristes<\/h2>\n<p>Ces r\u00e9v\u00e9lations augmenteront la pression sur les gouvernements europ\u00e9ens et britannique, pour qu\\&rsquo;ils suivent les \u00c9tats-Unis et proscrivent le Corps des gardiens de la r\u00e9volution iraniens (CGRI) en tant qu\\&rsquo;organisation terroriste.<\/p>\n<p>Un porte-parole du <strong><em>Community Security Trust<\/em><\/strong> a d\u00e9clar\u00e9 : \u00ab Nous savons depuis de nombreuses ann\u00e9es que l\\&rsquo;Iran est impliqu\u00e9 dans un vaste complot terroriste contre les communaut\u00e9s juives, mais il est tout \u00e0 fait terrifiant de l\\&rsquo;avoir \u00e9nonc\u00e9 de mani\u00e8re<em><strong> aussi claire et d\u00e9taill\u00e9e<\/strong><\/em>. Lorsque les gens demandent pourquoi les \u00e9coles et les synagogues juives ont besoin de s\u00e9curit\u00e9, on d\u00e9tient ici une grande partie de la r\u00e9ponse.<\/p>\n<p><strong>La suite de l\u2019article se trouve dans le prochain num\u00e9ro d\u2019Isra\u00ebl Magazine<\/strong><\/p>\n<p><strong>D\u00e9couvrez un exemplaire du magazine gratuitement et cliquez ensuite sur le rebord droit<\/strong><\/p>\n<p><a href=\\\"https:\/\/online.fliphtml5.com\/rjspi\/ypmm\/#p=1\\\"><strong>https:\/\/online.fliphtml5.com\/rjspi\/ypmm\/#p=1<\/strong><\/a><\/p>\n<p><strong>Votre magazine est livr\u00e9 chez vous en toute confidentialit\u00e9<br \/>\nS\u2019abonner au magazine par t\u00e9l\u00e9phone ou par whats app 00972 (0) 54 254 45 20 ou au 01 86 98 27 27<\/strong><\/p>\n<p><strong>Par email\u00a0\u00a0<\/strong><a href=\\\"mailto:Andredarmon21@gmail.com\\\"><strong>Andredarmon21@gmail.com<\/strong><\/a><strong>\u00a0 pay pal<\/strong><\/p>\n<p><strong>Ou directement sur le site<\/strong><\/p>\n<p><a href=\\\"https:\/\/israelmagazine.co.il\/sabonner-au-magazine\/\\\"><strong>https:\/\/israelmagazine.co.il\/sabonner-au-magazine\/<\/strong><\/a><\/p>\n<p><strong>Loi du Retour ou qui est Juif ?Ou encore S\u2019abonner au magazine livr\u00e9 chez vous en toute confidentialit\u00e9. Remplir le formulaire<\/strong><\/p>\n<p><a href=\\\"https:\/\/docs.google.com\/forms\/d\/e\/1FAIpQLSfPYJfb8KjEya-X17w0DGPAuBlCGvqVUdh_Is8EL810Lxw82A\/viewform?entry.1189475001=Recipient_Email\\\"><strong>https:\/\/docs.google.com\/forms\/d\/e\/1FAIpQLSfPYJfb8KjEya-X17w0DGPAuBlCGvqVUdh_Is8EL810Lxw82A\/viewform?entry.1189475001=Recipient_Email<\/strong><\/a><\/p>\n<p><strong><u>\u00a0<\/u><\/strong><\/p>\n<p><strong><u>\u00a0<\/u><\/strong><\/p>\n<\/div>\n<\/div>\n<\/div>\n<\/div>\n<\/div>\n","protected":false},"excerpt":{"rendered":"<p>Des gardiens de la r\u00e9volution, en Iran, le 29 avril 2022. Sobhan Farajvan L\\&rsquo;Iran \\\u00a0\u00bbcartographie\\\u00a0\u00bb les Juifs de la diaspora comme cibles pour ses escadrons de la mort Ces commandos de tueurs seraient d\u00e9ploy\u00e9s si jamais Isra\u00ebl attaquait l\\&rsquo;Iran Le chef du Corps des gardiens de la r\u00e9volution iraniens, Hossein Salami, prononce un discours lors &hellip;<\/p>\n<p class=\"read-more\"> <a class=\"\" href=\"https:\/\/israelmagazine.net\/?p=60547\"> <span class=\"screen-reader-text\">L\\&rsquo;Iran \\\u00a0\u00bbcartographie\\\u00a0\u00bb les Juifs de la diaspora comme cibles de ses escadrons de la mort<\/span> Lire la suite \u00bb<\/a><\/p>\n","protected":false},"author":4,"featured_media":60549,"comment_status":"open","ping_status":"open","sticky":false,"template":"","format":"standard","meta":{"site-sidebar-layout":"default","site-content-layout":"default","ast-global-header-display":"","ast-main-header-display":"","ast-hfb-above-header-display":"","ast-hfb-below-header-display":"","ast-hfb-mobile-header-display":"","site-post-title":"","ast-breadcrumbs-content":"","ast-featured-img":"","footer-sml-layout":"","theme-transparent-header-meta":"","adv-header-id-meta":"","stick-header-meta":"","header-above-stick-meta":"","header-main-stick-meta":"","header-below-stick-meta":""},"categories":[41],"tags":[3189,955,931],"sujet":[],"_links":{"self":[{"href":"https:\/\/israelmagazine.net\/index.php?rest_route=\/wp\/v2\/posts\/60547"}],"collection":[{"href":"https:\/\/israelmagazine.net\/index.php?rest_route=\/wp\/v2\/posts"}],"about":[{"href":"https:\/\/israelmagazine.net\/index.php?rest_route=\/wp\/v2\/types\/post"}],"author":[{"embeddable":true,"href":"https:\/\/israelmagazine.net\/index.php?rest_route=\/wp\/v2\/users\/4"}],"replies":[{"embeddable":true,"href":"https:\/\/israelmagazine.net\/index.php?rest_route=%2Fwp%2Fv2%2Fcomments&post=60547"}],"version-history":[{"count":0,"href":"https:\/\/israelmagazine.net\/index.php?rest_route=\/wp\/v2\/posts\/60547\/revisions"}],"wp:featuredmedia":[{"embeddable":true,"href":"https:\/\/israelmagazine.net\/index.php?rest_route=\/"}],"wp:attachment":[{"href":"https:\/\/israelmagazine.net\/index.php?rest_route=%2Fwp%2Fv2%2Fmedia&parent=60547"}],"wp:term":[{"taxonomy":"category","embeddable":true,"href":"https:\/\/israelmagazine.net\/index.php?rest_route=%2Fwp%2Fv2%2Fcategories&post=60547"},{"taxonomy":"post_tag","embeddable":true,"href":"https:\/\/israelmagazine.net\/index.php?rest_route=%2Fwp%2Fv2%2Ftags&post=60547"},{"taxonomy":"sujet","embeddable":true,"href":"https:\/\/israelmagazine.net\/index.php?rest_route=%2Fwp%2Fv2%2Fsujet&post=60547"}],"curies":[{"name":"wp","href":"https:\/\/api.w.org\/{rel}","templated":true}]}}