{"id":60568,"date":"2023-02-17T10:22:19","date_gmt":"2023-02-17T08:22:19","guid":{"rendered":"https:\/\/israelmagazine.net\/?p=60568"},"modified":"2023-02-17T10:22:19","modified_gmt":"2023-02-17T08:22:19","slug":"que-dire-de-lagression-presumee-dun-policier-de-magav-contre-limor-son-har-melech","status":"publish","type":"post","link":"https:\/\/israelmagazine.net\/?p=60568","title":{"rendered":"Que dire de \\\u00a0\u00bbl\\&rsquo;agression\\\u00a0\u00bb pr\u00e9sum\u00e9e d\\&rsquo;un policier de Magav contre Limor Son Har-Melech ?"},"content":{"rendered":"<h1>Que dire de l\\&rsquo;agression pr\u00e9sum\u00e9e d\\&rsquo;un policier de Magav contre Limor Son Har-Melech ?<\/h1>\n<p>De nouveaux \u00e9l\u00e9ments apparaissent dans le contexte de ce que la d\u00e9put\u00e9e Limor Son Har-Melech a signal\u00e9 comme une agression, qu\\&rsquo;elle a qualifi\u00e9 de \\\u00a0\u00bbsexuelle\\\u00a0\u00bb, et elle seule le sait. L\\&rsquo;incartade implique un officier de la police des fronti\u00e8res ou Magav.<\/p>\n<p>Une source proche du dossier souligne que l\\&rsquo;officier pris \u00e0 partie (voir la fin de la vid\u00e9o ci-dessous) aurait jou\u00e9 un r\u00f4le actif, au cours de la derni\u00e8re campagne \u00e9lectorale, dans les rangs de Yesh Atid, le parti de Ya\u00efr Lapid.<\/p>\n<p>Mais peut-on affirmer, pour autant, qu\\&rsquo;il aurait mis une intention particuli\u00e8re \u00e0 effectuer un geste d\u00e9plac\u00e9 (difficile \u00e0 prouver), lors de cette altercation\u00a0 ? Au passage des images ci-dessous, il est tr\u00e8s difficile d\\&rsquo;en conclure \u00e0 une qualification caract\u00e9ris\u00e9e de \\\u00a0\u00bbgeste d\u00e9plac\u00e9\\\u00a0\u00bb : la d\u00e9put\u00e9e sort difficilement de la m\u00eal\u00e9e et son foulard est pr\u00e8s de se d\u00e9faire, ce qui, pour une femme Dati, est proche de l\\&rsquo;ind\u00e9cence. On ne pourra si vite conclure \u00e0 l\\&rsquo;intentionnalit\u00e9 de la part du cordon, qui fait son travail.<\/p>\n<p>Limor Son Har-Melech est consid\u00e9r\u00e9e comme la repr\u00e9sentante des victimes du terrorisme sur les routes de Jud\u00e9e-Samarie, \u00e0 la Knesset. De fait, elle pense que le cordon policier a entrav\u00e9 l\\&rsquo;expression de son immunit\u00e9 parlementaire, puisqu\\&rsquo;elle peut logiquement se d\u00e9placer dans des zones interdites au citoyen ordinaire. L\\&rsquo;autre volet de son accusation est plus litigieux.<\/p>\n<p>&nbsp;<\/p>\n<blockquote class=\"twitter-tweet\" data-width=\"500\" data-dnt=\"true\">\n<p lang=\"iw\" dir=\"rtl\">\u05d0\u05e0\u05d9 \u05de\u05d2\u05d1\u05d4 \u05d0\u05ea \u05d7\u05d1\u05e8\u05ea\u05d9 \u05d4\u05dc\u05d5\u05d7\u05de\u05ea \u05d7&quot;\u05db \u05dc\u05d9\u05de\u05d5\u05e8 \u05e1\u05d5\u05df \u05d4\u05e8 \u05de\u05dc\u05da, \u05e2\u05dc \u05e2\u05de\u05d9\u05d3\u05ea\u05d4 \u05d4\u05d0\u05d9\u05ea\u05e0\u05d4 \u05db\u05e0\u05d2\u05d3 \u05d4\u05d0\u05db\u05d9\u05e4\u05d4 \u05d4\u05d1\u05e8\u05e8\u05e0\u05d9\u05ea \u05d5\u05d4\u05d1\u05e8\u05d9\u05d5\u05e0\u05d9\u05ea, \u05d4\u05de\u05e4\u05e7\u05d3\u05d9\u05dd \u05e9\u05d4\u05e0\u05d7\u05d5 \u05dc\u05e4\u05d2\u05d5\u05e2 \u05d1\u05d7\u05e1\u05d9\u05e0\u05d5\u05ea\u05d4, \u05e6\u05e8\u05d9\u05db\u05d9\u05dd \u05dc\u05ea\u05ea \u05d0\u05ea \u05d4\u05d3\u05d9\u05df \u05e2\u05d5\u05d3 \u05d4\u05d9\u05d5\u05dd!<a href=\"https:\/\/twitter.com\/limor_sonhrmelh?ref_src=twsrc%5Etfw\">@limor_sonhrmelh<\/a> <a href=\"https:\/\/t.co\/OyR3eg0w48\">pic.twitter.com\/OyR3eg0w48<\/a><\/p>\n<p>&mdash; \u05d0\u05dc\u05de\u05d5\u05d2 \u05db\u05d4\u05df Almog cohen (@almog_cohen08) <a href=\"https:\/\/twitter.com\/almog_cohen08\/status\/1625757050230738944?ref_src=twsrc%5Etfw\">February 15, 2023<\/a><\/p><\/blockquote>\n<p><script async src=\"https:\/\/platform.twitter.com\/widgets.js\" charset=\"utf-8\"><\/script><\/p>\n<h2>Rappelons le contexte de cet arrachement de vignoble, consid\u00e9r\u00e9 comme ill\u00e9gal<\/h2>\n<p>L\\&rsquo;application de cette mesure \u00e9tait pr\u00e9vue avant les accords \u00e9lectoraux entre le Parti Sioniste-Religieux et le Likoud :<\/p>\n<p>&nbsp;<\/p>\n<p>Des affrontements ont \u00e9clat\u00e9 entre des militants d\\&rsquo;Otzma Yehudi et les forces de l\\&rsquo;ordre mercredi 15 f\u00e9vrier au matin, lors de la destruction d\\&rsquo;un vignoble plant\u00e9 ill\u00e9galement dans la r\u00e9gion de Binyamin en Jud\u00e9e-Samarie.<\/p>\n<p>\u00c0 la suite des violences sur le site, une enqu\u00eate a \u00e9t\u00e9 ordonn\u00e9e par Tsahal, qui a suspendu trois soldats, le temps des investigations, car ils sont accus\u00e9s d\\&rsquo;avoir frapp\u00e9 des adolescents. La d\u00e9put\u00e9e Limor Son Har-Malech du Sionisme religieux a par ailleurs affirm\u00e9 avoir \u00e9t\u00e9 \\\u00a0\u00bbagress\u00e9e sexuellement\\\u00a0\u00bb par un membre de la police des fronti\u00e8res.<\/p>\n<h2>Betsalel Smotrich relance le conflit de pouvoirs avec Yoav Galant<\/h2>\n<p>R\u00e9agissant \u00e0 ces \u00e9v\u00e9nements, le ministre de la D\u00e9fense Betsalel Smotrich a fustig\u00e9 la d\u00e9cision du ministre de la D\u00e9fense Yoav Galant et exig\u00e9 que Benjamin Netanyahou lui transf\u00e8re les pouvoirs dans la r\u00e9gion, comme il s\\&rsquo;y est engag\u00e9 dans les accords de coalition. Le parti Sionisme religieux a \u00e9galement annonc\u00e9 qu\\&rsquo;il tiendrait une r\u00e9union d\\&rsquo;urgence.<\/p>\n<h4>Ce qui compte vraiment, au-del\u00e0 de ces enjeux de pouvoir, est d\\&#8217;emp\u00eacher une colonisation en creux d\\&rsquo;une partie consid\u00e9rable de la Zone C de Jud\u00e9e-Samarie, par l\\&rsquo;Autorit\u00e9 Palestinienne et ses soutiens financiers et id\u00e9ologiques de l\\&rsquo;Union Europ\u00e9enne. Les rapports de l\\&rsquo;organisation Regavim sont tr\u00e8s pr\u00e9cis sur ces points. Et la zone C, a minima, est enti\u00e8rement sous juridiction isra\u00e9lienne. L\\&rsquo;UE est donc en infraction avec les \\\u00a0\u00bbLois Internationales\\\u00a0\u00bb et surtout les accords sign\u00e9s par les repr\u00e9sentants des peuples sur le terrain.<\/h4>\n<p><strong>La suite de l\u2019article se trouve dans le prochain num\u00e9ro d\u2019Isra\u00ebl Magazine<\/strong><\/p>\n<p><strong>D\u00e9couvrez un exemplaire du magazine gratuitement et cliquez ensuite sur le rebord droit<\/strong><\/p>\n<p><a href=\\\"https:\/\/online.fliphtml5.com\/rjspi\/ypmm\/#p=1\\\"><strong>https:\/\/online.fliphtml5.com\/rjspi\/ypmm\/#p=1<\/strong><\/a><\/p>\n<p><strong>Votre magazine est livr\u00e9 chez vous en toute confidentialit\u00e9<br \/>\nS\u2019abonner au magazine par t\u00e9l\u00e9phone ou par whats app 00972 (0) 54 254 45 20 ou au 01 86 98 27 27<\/strong><\/p>\n<p><strong>Par email\u00a0\u00a0<\/strong><a href=\\\"mailto:Andredarmon21@gmail.com\\\"><strong>Andredarmon21@gmail.com<\/strong><\/a><strong>\u00a0 pay pal<\/strong><\/p>\n<p><strong>Ou directement sur le site<\/strong><\/p>\n<p><a href=\\\"https:\/\/israelmagazine.co.il\/sabonner-au-magazine\/\\\"><strong>https:\/\/israelmagazine.co.il\/sabonner-au-magazine\/<\/strong><\/a><\/p>\n<p><strong>Loi du Retour ou qui est Juif ?Ou encore S\u2019abonner au magazine livr\u00e9 chez vous en toute confidentialit\u00e9. Remplir le formulaire<\/strong><\/p>\n<p><a href=\\\"https:\/\/docs.google.com\/forms\/d\/e\/1FAIpQLSfPYJfb8KjEya-X17w0DGPAuBlCGvqVUdh_Is8EL810Lxw82A\/viewform?entry.1189475001=Recipient_Email\\\"><strong>https:\/\/docs.google.com\/forms\/d\/e\/1FAIpQLSfPYJfb8KjEya-X17w0DGPAuBlCGvqVUdh_Is8EL810Lxw82A\/viewform?entry.1189475001=Recipient_Email<\/strong><\/a><\/p>\n<p>&nbsp;<\/p>\n","protected":false},"excerpt":{"rendered":"<p>Que dire de l\\&rsquo;agression pr\u00e9sum\u00e9e d\\&rsquo;un policier de Magav contre Limor Son Har-Melech ? De nouveaux \u00e9l\u00e9ments apparaissent dans le contexte de ce que la d\u00e9put\u00e9e Limor Son Har-Melech a signal\u00e9 comme une agression, qu\\&rsquo;elle a qualifi\u00e9 de \\\u00a0\u00bbsexuelle\\\u00a0\u00bb, et elle seule le sait. L\\&rsquo;incartade implique un officier de la police des fronti\u00e8res ou Magav. &hellip;<\/p>\n<p class=\"read-more\"> <a class=\"\" href=\"https:\/\/israelmagazine.net\/?p=60568\"> <span class=\"screen-reader-text\">Que dire de \\\u00a0\u00bbl\\&rsquo;agression\\\u00a0\u00bb pr\u00e9sum\u00e9e d\\&rsquo;un policier de Magav contre Limor Son Har-Melech ?<\/span> Lire la suite \u00bb<\/a><\/p>\n","protected":false},"author":4,"featured_media":60569,"comment_status":"open","ping_status":"open","sticky":false,"template":"","format":"standard","meta":{"site-sidebar-layout":"default","site-content-layout":"default","ast-global-header-display":"","ast-main-header-display":"","ast-hfb-above-header-display":"","ast-hfb-below-header-display":"","ast-hfb-mobile-header-display":"","site-post-title":"","ast-breadcrumbs-content":"","ast-featured-img":"","footer-sml-layout":"","theme-transparent-header-meta":"","adv-header-id-meta":"","stick-header-meta":"","header-above-stick-meta":"","header-main-stick-meta":"","header-below-stick-meta":""},"categories":[84,1621,814,1673,1191],"tags":[2549,1474,2013,383,1989,1761],"sujet":[],"_links":{"self":[{"href":"https:\/\/israelmagazine.net\/index.php?rest_route=\/wp\/v2\/posts\/60568"}],"collection":[{"href":"https:\/\/israelmagazine.net\/index.php?rest_route=\/wp\/v2\/posts"}],"about":[{"href":"https:\/\/israelmagazine.net\/index.php?rest_route=\/wp\/v2\/types\/post"}],"author":[{"embeddable":true,"href":"https:\/\/israelmagazine.net\/index.php?rest_route=\/wp\/v2\/users\/4"}],"replies":[{"embeddable":true,"href":"https:\/\/israelmagazine.net\/index.php?rest_route=%2Fwp%2Fv2%2Fcomments&post=60568"}],"version-history":[{"count":0,"href":"https:\/\/israelmagazine.net\/index.php?rest_route=\/wp\/v2\/posts\/60568\/revisions"}],"wp:featuredmedia":[{"embeddable":true,"href":"https:\/\/israelmagazine.net\/index.php?rest_route=\/"}],"wp:attachment":[{"href":"https:\/\/israelmagazine.net\/index.php?rest_route=%2Fwp%2Fv2%2Fmedia&parent=60568"}],"wp:term":[{"taxonomy":"category","embeddable":true,"href":"https:\/\/israelmagazine.net\/index.php?rest_route=%2Fwp%2Fv2%2Fcategories&post=60568"},{"taxonomy":"post_tag","embeddable":true,"href":"https:\/\/israelmagazine.net\/index.php?rest_route=%2Fwp%2Fv2%2Ftags&post=60568"},{"taxonomy":"sujet","embeddable":true,"href":"https:\/\/israelmagazine.net\/index.php?rest_route=%2Fwp%2Fv2%2Fsujet&post=60568"}],"curies":[{"name":"wp","href":"https:\/\/api.w.org\/{rel}","templated":true}]}}