{"id":60573,"date":"2023-02-19T07:23:33","date_gmt":"2023-02-19T05:23:33","guid":{"rendered":"https:\/\/israelmagazine.net\/?p=60573"},"modified":"2023-02-19T07:23:33","modified_gmt":"2023-02-19T05:23:33","slug":"une-frappe-israelienne-presumee-sur-une-implantation-militaire-iranienne-a-damas-tue-cinq-miliciens","status":"publish","type":"post","link":"https:\/\/israelmagazine.net\/?p=60573","title":{"rendered":"Une frappe isra\u00e9lienne pr\u00e9sum\u00e9e sur une implantation militaire iranienne \u00e0 Damas tue cinq miliciens"},"content":{"rendered":"<h1 class=\\\"selectable-text copyable-text iq0m558w\\\" dir=\\\"ltr\\\"><span class=\\\"selectable-text copyable-text\\\">Une frappe isra\u00e9lienne pr\u00e9sum\u00e9e sur une implantation militaire iranienne \u00e0 Damas tue cinq miliciens <\/span><\/h1>\n<h2 class=\\\"selectable-text copyable-text iq0m558w\\\" dir=\\\"ltr\\\"><span class=\\\"selectable-text copyable-text\\\">Une source militaire syrienne a d\u00e9clar\u00e9 \u00e0 SANA News que la frappe venait des hauteurs du Golan.<\/span><\/h2>\n<p class=\\\"selectable-text copyable-text iq0m558w\\\" dir=\\\"ltr\\\"><span class=\\\"selectable-text copyable-text\\\">Une frappe pr\u00e9sum\u00e9e de missile isra\u00e9lien a touch\u00e9 dimanche matin un immeuble dans le quartier de Kafr Sousa, dans le centre de Damas, qui sert de bouclier r\u00e9sidentiel \u00e0 un grand complexe de s\u00e9curit\u00e9 \u00e0 proximit\u00e9 d\\&rsquo;installations militaires iraniennes, ont d\u00e9clar\u00e9 des t\u00e9moins et une source officielle.<\/span><\/p>\n<p class=\\\"selectable-text copyable-text iq0m558w\\\" dir=\\\"ltr\\\"><span class=\\\"selectable-text copyable-text\\\">Cinq individus li\u00e9s aux mercenaires iraniens ont trouv\u00e9 la mort, dont un soldat syrien, et 15 ont \u00e9t\u00e9 bless\u00e9s dans l\\&rsquo;attaque pr\u00e9sum\u00e9e. Sana pr\u00e9tend que parmi eux, il y aurait des civils. On sait qu\\&rsquo;en r\u00e8gle g\u00e9n\u00e9rale, Isra\u00ebl est capable de surseoir \u00e0 une frappe qui impliquerait des \\\u00a0\u00bbpertes collat\u00e9rales\\\u00a0\u00bb et que ses frappes sont d\\&rsquo;une pr\u00e9cision extr\u00eame, contrairement \u00e0 celles de tous ses voisins. Selon une source militaire syrienne reprise par Sana, l\u2019attaque provenait de la direction des hauteurs du Golan.<\/span><\/p>\n<p class=\\\"selectable-text copyable-text iq0m558w\\\" dir=\\\"ltr\\\"><span class=\\\"selectable-text copyable-text\\\">La frappe a \u00e9galement caus\u00e9 \\\u00a0\u00bbla destruction d\\&rsquo;un certain nombre d\\&rsquo;habitations civiles et des d\u00e9g\u00e2ts mat\u00e9riels dans des quartiers \u00e0 l\\&rsquo;int\u00e9rieur et autour de Damas\\\u00a0\u00bb, a ajout\u00e9 la source militaire.<\/span><\/p>\n<h2 class=\\\"selectable-text copyable-text iq0m558w\\\" dir=\\\"ltr\\\"><span class=\\\"selectable-text copyable-text\\\">Op\u00e9rations militaires isra\u00e9liennes en Syrie<\/span><\/h2>\n<p class=\\\"selectable-text copyable-text iq0m558w\\\" dir=\\\"ltr\\\"><span class=\\\"selectable-text copyable-text\\\">Isra\u00ebl m\u00e8ne r\u00e9guli\u00e8rement des raids contre des cibles iraniennes en Syrie alors que la R\u00e9publique islamique s\u2019est empar\u00e9e de l\u2019industrie syrienne de missiles et s\\&rsquo;enracine davantage dans la r\u00e9gion.<\/span><\/p>\n<p dir=\\\"ltr\\\">Notons, par ailleurs, qu\\&rsquo;Isra\u00ebl a achemin\u00e9 des vivres et des secours aux Syriens victimes des tremblements de terre ou de la Guerre, avec un h\u00f4pital de campagne \u00e0 Tel Hasara, sur le Golan.<\/p>\n","protected":false},"excerpt":{"rendered":"<p>Une frappe isra\u00e9lienne pr\u00e9sum\u00e9e sur une implantation militaire iranienne \u00e0 Damas tue cinq miliciens Une source militaire syrienne a d\u00e9clar\u00e9 \u00e0 SANA News que la frappe venait des hauteurs du Golan. Une frappe pr\u00e9sum\u00e9e de missile isra\u00e9lien a touch\u00e9 dimanche matin un immeuble dans le quartier de Kafr Sousa, dans le centre de Damas, qui &hellip;<\/p>\n<p class=\"read-more\"> <a class=\"\" href=\"https:\/\/israelmagazine.net\/?p=60573\"> <span class=\"screen-reader-text\">Une frappe isra\u00e9lienne pr\u00e9sum\u00e9e sur une implantation militaire iranienne \u00e0 Damas tue cinq miliciens<\/span> Lire la suite \u00bb<\/a><\/p>\n","protected":false},"author":4,"featured_media":60574,"comment_status":"open","ping_status":"open","sticky":false,"template":"","format":"standard","meta":{"site-sidebar-layout":"default","site-content-layout":"default","ast-global-header-display":"","ast-main-header-display":"","ast-hfb-above-header-display":"","ast-hfb-below-header-display":"","ast-hfb-mobile-header-display":"","site-post-title":"","ast-breadcrumbs-content":"","ast-featured-img":"","footer-sml-layout":"","theme-transparent-header-meta":"","adv-header-id-meta":"","stick-header-meta":"","header-above-stick-meta":"","header-main-stick-meta":"","header-below-stick-meta":""},"categories":[84,1621,1387,1612,822,1623,1624,1616],"tags":[955,931,1628,1757],"sujet":[],"_links":{"self":[{"href":"https:\/\/israelmagazine.net\/index.php?rest_route=\/wp\/v2\/posts\/60573"}],"collection":[{"href":"https:\/\/israelmagazine.net\/index.php?rest_route=\/wp\/v2\/posts"}],"about":[{"href":"https:\/\/israelmagazine.net\/index.php?rest_route=\/wp\/v2\/types\/post"}],"author":[{"embeddable":true,"href":"https:\/\/israelmagazine.net\/index.php?rest_route=\/wp\/v2\/users\/4"}],"replies":[{"embeddable":true,"href":"https:\/\/israelmagazine.net\/index.php?rest_route=%2Fwp%2Fv2%2Fcomments&post=60573"}],"version-history":[{"count":0,"href":"https:\/\/israelmagazine.net\/index.php?rest_route=\/wp\/v2\/posts\/60573\/revisions"}],"wp:featuredmedia":[{"embeddable":true,"href":"https:\/\/israelmagazine.net\/index.php?rest_route=\/"}],"wp:attachment":[{"href":"https:\/\/israelmagazine.net\/index.php?rest_route=%2Fwp%2Fv2%2Fmedia&parent=60573"}],"wp:term":[{"taxonomy":"category","embeddable":true,"href":"https:\/\/israelmagazine.net\/index.php?rest_route=%2Fwp%2Fv2%2Fcategories&post=60573"},{"taxonomy":"post_tag","embeddable":true,"href":"https:\/\/israelmagazine.net\/index.php?rest_route=%2Fwp%2Fv2%2Ftags&post=60573"},{"taxonomy":"sujet","embeddable":true,"href":"https:\/\/israelmagazine.net\/index.php?rest_route=%2Fwp%2Fv2%2Fsujet&post=60573"}],"curies":[{"name":"wp","href":"https:\/\/api.w.org\/{rel}","templated":true}]}}