{"id":60609,"date":"2023-02-20T13:46:58","date_gmt":"2023-02-20T11:46:58","guid":{"rendered":"https:\/\/israelmagazine.net\/?p=60609"},"modified":"2023-02-20T13:46:58","modified_gmt":"2023-02-20T11:46:58","slug":"en-quoi-empecher-la-mere-dune-enfant-autiste-de-laccompagner-fait-progresser-la-democratie","status":"publish","type":"post","link":"https:\/\/israelmagazine.net\/?p=60609","title":{"rendered":"En quoi emp\u00eacher la m\u00e8re d\u2019une enfant autiste de l\u2019accompagner fait \u00ab progresser la d\u00e9mocratie \u00bb ?"},"content":{"rendered":"<div class=\\\"adn ads\\\" data-message-id=\\\"#msg-a:r8788601537925839448\\\" data-legacy-message-id=\\\"1866e9413cfc77a2\\\">\n<div class=\\\"gs\\\">\n<div class=\\\"\\\">\n<div id=\\\":1en\\\" class=\\\"ii gt\\\">\n<div id=\\\":1eo\\\" class=\\\"a3s aiL \\\">\n<div dir=\\\"ltr\\\">\n<div>\n<p dir=\\\"ltr\\\"><span style=\\\"font-size: xx-large;\\\">En quoi emp\u00eacher la m\u00e8re d\u2019une enfant autiste de l\u2019accompagner fait \u00ab progresser la d\u00e9mocratie \u00bb ?<\/span><\/p>\n<p dir=\\\"ltr\\\">Toute la matin\u00e9e, des groupements de manifestants ont tent\u00e9 de s\u00e9questrer chez eux les d\u00e9put\u00e9s de la majorit\u00e9, afin de les emp\u00eacher d\u2019aller accomplir le mandat pour lequel ils ont \u00e9t\u00e9 \u00e9lus : voter les lois \u00e0 la Knesset.<\/p>\n<p dir=\\\"ltr\\\">Mais pire dans la brutalit\u00e9 sans \u00e2me, certaines exactions de cordons oppos\u00e9s au vote d\u00e9mocratique, s\u2019apparentent \u00e0 de la \u00ab torture psychologique \u00bb, puisque ces manifestants qui se pr\u00e9\u00e9tendent \u00ab contre la dictature \u00bb (sic) ont cherch\u00e9 \u00e0 s\u00e9parer la d\u00e9put\u00e9e Tally Gotliv de sa fille, autiste, qu\u2019elle cherchait \u00e0 conduire \u00e0 l\u2019\u00e9cole. Ces bourreaux d\\&rsquo;enfant \u00e0 besoins particuliers ont exig\u00e9 qu\u2019elle la confie \u00e0 un adulte de substitution. C\u2019est peu dire que de tels comportements s\u2019opposent radicalement \u00e0 toute \u00e9thique juive et d\u00e9mocratique, pour se rapprocher cruellement de m\u00e9thodes sovi\u00e9tiques ou khm\u00e8res rouges, et que ces attitudes discriminatoires violentes discr\u00e9ditent gravement le mouvement en question.<\/p>\n<h2 dir=\\\"ltr\\\">Supprimer la libre circulation des biens et des personnes<\/h2>\n<p dir=\\\"ltr\\\">Des r\u00e9servistes de Tsahal de l\\&rsquo;organisation Brothers in Arms se sont rassembl\u00e9s devant le domicile du pr\u00e9sident du comit\u00e9 de l\u00e9gislation, le d\u00e9put\u00e9 Simcha Rothman, \u00e0 Pnei Kedem, et lui ont bloqu\u00e9 l\\&rsquo;acc\u00e8s \u00e0 sa voiture lundi matin. Ils ont \u00e9galement bloqu\u00e9 l\\&rsquo;entr\u00e9e de l\u2019implantation.<\/p>\n<p dir=\\\"ltr\\\">D\\&rsquo;autres manifestants ont manifest\u00e9 devant la maison de la d\u00e9put\u00e9e du Likoud Tally Gotliv \u00e0 Givat Shmuel et se sont scotch\u00e9s \u00e0 son immeuble. La police isra\u00e9lienne a arr\u00eat\u00e9 deux des manifestants qui bloquaient la porte de l\\&rsquo;appartement de Tally Gotliv.<\/p>\n<h2 dir=\\\"ltr\\\">Les manifestations contre le droit et la justice sociale<\/h2>\n<p dir=\\\"ltr\\\">Une vid\u00e9o du b\u00e2timent de Gotliv la montrait en train de dire aux manifestants qu\\&rsquo;elle devait emmener sa fille, qui est autiste, \u00e0 l\\&rsquo;\u00e9cole. Mais les manifestants lui disent de trouver quelqu\\&rsquo;un d\\&rsquo;autre pour le faire, car <em><strong>elle ne quittera pas la maison<\/strong> <\/em>(ni pour l\u2019\u00e9cole, ni pour rejoindre la Knesset et faire son travail d\u2019\u00e9lue).<\/p>\n<h2 dir=\\\"ltr\\\"><span style=\\\"font-size: large;\\\">Le chef de l\\&rsquo;opposition Yair Lapid a condamn\u00e9 le comportement des manifestants<\/span>.<\/h2>\n<p dir=\\\"ltr\\\">\\\u00a0\u00bbJe condamne fermement le si\u00e8ge de la maison de la d\u00e9put\u00e9e Tally Gotliv (donc pas celle des autres d\u00e9put\u00e9s &#8211; NDLR), m\u00e8re d\\&rsquo;une fille ayant des besoins sp\u00e9ciaux, et le fait qu\\&rsquo;ils ne lui ont pas permis d\\&#8217;emmener sa fille \u00e0 l\\&rsquo;\u00e9cole\\\u00a0\u00bb, a-t-il d\u00e9clar\u00e9. \\\u00a0\u00bbCe n\\&rsquo;est pas notre voie. Ce n\\&rsquo;est pas la fa\u00e7on de faire de la manifestation. J\\&rsquo;envoie de la force \u00e0 Tally et un c\u00e2lin pour sa fille.\\\u00a0\u00bb<\/p>\n<p dir=\\\"ltr\\\">Un autre point de la manifestation \u00e9tait \u00e0 Ashkelon, o\u00f9 les manifestants se sont rassembl\u00e9s devant la maison du ministre de l\\&rsquo;Agriculture Avi Dichter.<\/p>\n<p dir=\\\"ltr\\\">Six autres manifestants ont \u00e9t\u00e9 arr\u00eat\u00e9s alors qu\\&rsquo;un petit groupe se rassemblait devant le domicile du ministre de l\\&rsquo;\u00c9ducation Yoav Kisch \u00e0 Ramat Gan et se collait dans le couloir.<\/p>\n<h2 dir=\\\"ltr\\\">Le mot de la fin au chef de la majorit\u00e9 \u00e9lue<\/h2>\n<p dir=\\\"ltr\\\">\\\u00a0\u00bbQuand des manifestants emp\u00eachent des repr\u00e9sentants publics de se rendre \u00e0 la Knesset pour voter et rendent malheureuse une fille autiste, ce n\\&rsquo;est plus une protestation l\u00e9gitime\\\u00a0\u00bb, a d\u00e9clar\u00e9 le Premier ministre Benjamin Netanyahu. \\\u00a0\u00bbLes manifestants parlent de d\u00e9mocratie, mais ils mettent fin \u00e0 la d\u00e9mocratie lorsqu\\&rsquo;ils emp\u00eachent les repr\u00e9sentants publics d\\&rsquo;exercer leur droit d\u00e9mocratique fondamental &#8211; le vote. J\\&rsquo;appelle la police \u00e0 agir imm\u00e9diatement pour permettre aux d\u00e9put\u00e9s de se rendre \u00e0 la Knesset.\\\u00a0\u00bb<\/p>\n<p dir=\\\"ltr\\\">\\\u00a0\u00bbEn tant qu\\&rsquo;ancien manifestant, je m\\&rsquo;identifie aux manifestants, en particulier \u00e0 ceux qui sont venus dans le trou dans lequel je vis, mais bloquer le chemin des d\u00e9put\u00e9s n\\&rsquo;est pas une d\u00e9cision d\u00e9mocratique, mais une d\u00e9cision antid\u00e9mocratique\\\u00a0\u00bb, a d\u00e9clar\u00e9 Rothman. \\\u00a0\u00bbLe blocage physique, dans le but d\\&#8217;emp\u00eacher un vote parlementaire est le mouvement des r\u00e9gimes et un comportement antid\u00e9mocratique.\\\u00a0\u00bb<\/p>\n<p dir=\\\"ltr\\\">La police a dispers\u00e9 les manifestations devant les domiciles des quatre d\u00e9put\u00e9s et tous les quatre se sont finalement rendus \u00e0 la Knesset.<\/p>\n<\/div>\n<\/div>\n<div class=\\\"adL\\\"><\/div>\n<\/div>\n<\/div>\n<\/div>\n<\/div>\n<\/div>\n","protected":false},"excerpt":{"rendered":"<p>En quoi emp\u00eacher la m\u00e8re d\u2019une enfant autiste de l\u2019accompagner fait \u00ab progresser la d\u00e9mocratie \u00bb ? Toute la matin\u00e9e, des groupements de manifestants ont tent\u00e9 de s\u00e9questrer chez eux les d\u00e9put\u00e9s de la majorit\u00e9, afin de les emp\u00eacher d\u2019aller accomplir le mandat pour lequel ils ont \u00e9t\u00e9 \u00e9lus : voter les lois \u00e0 la &hellip;<\/p>\n<p class=\"read-more\"> <a class=\"\" href=\"https:\/\/israelmagazine.net\/?p=60609\"> <span class=\"screen-reader-text\">En quoi emp\u00eacher la m\u00e8re d\u2019une enfant autiste de l\u2019accompagner fait \u00ab progresser la d\u00e9mocratie \u00bb ?<\/span> Lire la suite \u00bb<\/a><\/p>\n","protected":false},"author":4,"featured_media":60610,"comment_status":"open","ping_status":"open","sticky":false,"template":"","format":"standard","meta":{"site-sidebar-layout":"default","site-content-layout":"default","ast-global-header-display":"","ast-main-header-display":"","ast-hfb-above-header-display":"","ast-hfb-below-header-display":"","ast-hfb-mobile-header-display":"","site-post-title":"","ast-breadcrumbs-content":"","ast-featured-img":"","footer-sml-layout":"","theme-transparent-header-meta":"","adv-header-id-meta":"","stick-header-meta":"","header-above-stick-meta":"","header-main-stick-meta":"","header-below-stick-meta":""},"categories":[84,1621,814,841,1674,1191,1615],"tags":[1739,1474,1989],"sujet":[],"_links":{"self":[{"href":"https:\/\/israelmagazine.net\/index.php?rest_route=\/wp\/v2\/posts\/60609"}],"collection":[{"href":"https:\/\/israelmagazine.net\/index.php?rest_route=\/wp\/v2\/posts"}],"about":[{"href":"https:\/\/israelmagazine.net\/index.php?rest_route=\/wp\/v2\/types\/post"}],"author":[{"embeddable":true,"href":"https:\/\/israelmagazine.net\/index.php?rest_route=\/wp\/v2\/users\/4"}],"replies":[{"embeddable":true,"href":"https:\/\/israelmagazine.net\/index.php?rest_route=%2Fwp%2Fv2%2Fcomments&post=60609"}],"version-history":[{"count":0,"href":"https:\/\/israelmagazine.net\/index.php?rest_route=\/wp\/v2\/posts\/60609\/revisions"}],"wp:featuredmedia":[{"embeddable":true,"href":"https:\/\/israelmagazine.net\/index.php?rest_route=\/"}],"wp:attachment":[{"href":"https:\/\/israelmagazine.net\/index.php?rest_route=%2Fwp%2Fv2%2Fmedia&parent=60609"}],"wp:term":[{"taxonomy":"category","embeddable":true,"href":"https:\/\/israelmagazine.net\/index.php?rest_route=%2Fwp%2Fv2%2Fcategories&post=60609"},{"taxonomy":"post_tag","embeddable":true,"href":"https:\/\/israelmagazine.net\/index.php?rest_route=%2Fwp%2Fv2%2Ftags&post=60609"},{"taxonomy":"sujet","embeddable":true,"href":"https:\/\/israelmagazine.net\/index.php?rest_route=%2Fwp%2Fv2%2Fsujet&post=60609"}],"curies":[{"name":"wp","href":"https:\/\/api.w.org\/{rel}","templated":true}]}}