{"id":60633,"date":"2023-02-20T19:10:03","date_gmt":"2023-02-20T17:10:03","guid":{"rendered":"https:\/\/israelmagazine.net\/?p=60633"},"modified":"2023-02-20T19:10:03","modified_gmt":"2023-02-20T17:10:03","slug":"le-cirque-dhiver-a-bien-etabli-les-conditions-dun-contrat-a-francis-lalanne-et-dieudonne","status":"publish","type":"post","link":"https:\/\/israelmagazine.net\/?p=60633","title":{"rendered":"Le Cirque d\\&rsquo;Hiver a bien \u00e9tabli les conditions d\\&rsquo;un contrat valide avec Francis Lalanne et Dieudonn\u00e9"},"content":{"rendered":"<h2>Les termes \u00e9tablis en vue d\\&rsquo;un spectacle de Lalanne et Dieudonn\u00e9 le 7 avril au Cirque d\\&rsquo;Hiver<\/h2>\n<p>Isra\u00ebl-Magazine est parvenu \u00e0 se procurer le document qui fait d\u00e9faut \u00e0 beaucoup d\\&rsquo;organes de presse qui sp\u00e9culent autour d\\&rsquo;un projet de spectacle, sans en tenir les tenants et aboutissants.<\/p>\n<p>&nbsp;<\/p>\n<p>Contrairement \u00e0 ce que raconte la presse, notamment <a href=\\\"https:\/\/www.lefigaro.fr\/culture\/le-cirque-d-hiver-dement-avoir-signe-pour-accueillir-un-spectacle-de-dieudonne-et-lalanne-20230219\\\">le Figaro<\/a>, sur la base des d\u00e9clarations non-v\u00e9rifi\u00e9es de <a href=\\\"https:\/\/www.streetpress.com\/sujet\/1676641546-dieudonne-francis-lalanne-cirque-hiver-arnaque-spectacle\\\">StreetPress<\/a>, le Cirque d\\&rsquo;Hiver Bouglione \u00e9tait bien lanc\u00e9 dans les pr\u00e9paratifs du spectacle d\\&rsquo;adieu de Francis Lalanne, en compagnie de Dieudonn\u00e9, intitul\u00e9 : \\\u00a0\u00bbLa Cage aux Fous\\\u00a0\u00bb.<\/p>\n<p>Mais apr\u00e8s un premier engagement, se d\u00e9roulant comme il est d\\&rsquo;usage, l\\&rsquo;agent de Francis Lalanne et Dieudonn\u00e9 a re\u00e7u un laconique courrier de d\u00e9dite, en pr\u00e9tendant que la \\\u00a0\u00bbdate n\\&rsquo;\u00e9tait plus <strong><em>disponible<\/em><\/strong>\\\u00a0\u00bb.<\/p>\n<p>Quiconque a d\u00e9j\u00e0 travaill\u00e9 dans le monde du spectacle ou la location de salles sait que lorsqu\\&rsquo;une date est convenue entre deux parties, on fait en sorte, au moment o\u00f9 on prend l\\&rsquo;option, de la bloquer, de telle sorte qu\\&rsquo;aucun autre spectacle ne viendra s\\&rsquo;installer sur votre terrain \u00e0 b\u00e2tir pour vous gruger.<\/p>\n<h2>Manquement \u00e0 la parole \u00e9crite<\/h2>\n<p>La notion \\\u00a0\u00bb<strong><em>n\\&rsquo;est plus disponible<\/em><\/strong>\\\u00a0\u00bb, alors que cette date l\\&rsquo;\u00e9tait, au moment des premiers \u00e9changes, intervient comme un pr\u00e9texte, une excuse, qui tient tellement peu debout qu\\&rsquo;on en sera plus \\\u00a0\u00bblaconique\\\u00a0\u00bb. Ce que l\\&rsquo;on croit savoir, c\\&rsquo;est que le cirque Bouglione mentionne des menaces re\u00e7ues d\\&rsquo;une obscure officine \\\u00a0\u00bbextr\u00e9miste juive\\\u00a0\u00bb, qui l\\&rsquo;aurait dissuad\u00e9 d\\&rsquo;aller jusqu\\&rsquo;au bout de ses primo-engagements.<\/p>\n<p>On restera assez circonspect, voire tr\u00e8s dubitatif, sur l\\&rsquo;incapacit\u00e9 d\\&rsquo;une salle de spectacle \u00e0 louer les services d\\&rsquo;une soci\u00e9t\u00e9 de s\u00e9curit\u00e9 priv\u00e9e ou de pr\u00e9venir les services de police suffisants \u00e0 dissuader quelques perturbateurs que ce soient de \\\u00a0\u00bbtroubler l\\&rsquo;ordre public\\\u00a0\u00bb (selon les termes de la loi). On sait, par ailleurs, qu\\&rsquo;aucune annulation ne devrait \u00e9maner d\\&rsquo;une municipalit\u00e9 ou d\\&rsquo;un tribunal administratif, apr\u00e8s la d\u00e9convenue de la ville de Compi\u00e8gne, qui avait tent\u00e9 en vain de faire annuler une r\u00e9cente repr\u00e9sentation.<\/p>\n<h2>Le contrat est valid\u00e9 \u00e0 r\u00e9ception du paiement<\/h2>\n<p>Les juristes \u00e9tudieront comment sortir de l\\&rsquo;imbroglio (ou l\\&rsquo;Im-Bouglione) et notre objectif n\\&rsquo;est pas de fournir une expertise de cet ordre. Mais, au moment de passer \u00e0 la demande de versement d\\&rsquo;argent pour la r\u00e9servation de la salle, il y a bien eu une forme de \\\u00a0\u00bb<strong><em>d\u00e9but de r\u00e9alisation du contrat<\/em><\/strong>\\\u00a0\u00bb entre les parties, avec un d\u00e9sistement qui provient bien du Cirque d\\&rsquo;Hiver, alors qu\\&rsquo;il a, d\\&rsquo;apr\u00e8s nos informations, <strong><em>re\u00e7u le paiement pour la location, ce qui validait, de facto, le contrat<\/em><\/strong>. En droit, cela \u00e9quivaut, \u00e0 priori, \u00e0 la valeur d\\&rsquo;un contrat contresign\u00e9 par les deux parties.<\/p>\n<p>Toujours est-il, \u00e0 ce stade, que les insinuations de Street-Press, -reprises en c\u0153ur par Le Figaro- faisant des propos de Francis Lalanne ou de Dieudonn\u00e9 <strong><em>une \\\u00a0\u00bbArnaque\\\u00a0\u00bb<\/em> <\/strong>rel\u00e8vent, elles-m\u00eames, de la contrefa\u00e7on.<\/p>\n<p>En premi\u00e8re instance, les deux artistes pouvaient raisonnablement se projeter dans leur futur spectacle, comme devant bel et bien se d\u00e9rouler \u00e0 cette date convenue avec Bouglione : le 7 avril, dans les locaux du Cirque d\\&rsquo;Hiver. Tout le reste n\\&rsquo;est qu\\&rsquo;affabulation.<\/p>\n<h2>Ci-joint copie du courrier original \u00e9nigmatique :<\/h2>\n<p>&nbsp;<\/p>\n<p>&nbsp;<\/p>\n<p>&nbsp;<\/p>\n<p>&nbsp;<\/p>\n<p>&nbsp;<\/p>\n<p style=\\\"text-align: center;\\\"><img class=\\\"alignnone size-full wp-image-60634\\\" src=\\\"https:\/\/israelmagazine.co.il\/wp-content\/uploads\/2023\/02\/Boug.png\\\" alt=\\\"\\\" width=\\\"158\\\" height=\\\"99\\\" \/><\/p>\n<p>&nbsp;<\/p>\n<p>Le 08 F\u00e9vrier 2023 A Paris<\/p>\n<p>KAMDO PRODUCTIONS<\/p>\n<p>1, route des V.<\/p>\n<p>20 000 Saint L de la H<\/p>\n<p>A l\u2019attention de Madame C. L.<\/p>\n<p>Ch\u00e8re Madame,<\/p>\n<p>Nous vous avons adress\u00e9 un projet de contrat pour la location du Cirque d\u2019Hiver le 07 Avril 2023 \u00e0 20h30.<\/p>\n<p>La date propos\u00e9e n\u2019est plus disponible.<\/p>\n<p>Nous tenions \u00e0 vous en informer dans les meilleurs d\u00e9lais. Cordialement.<\/p>\n<p>Monsieur Thierry Bouglione<\/p>\n<p>S.E.S des Fr\u00e8res Bouglione 110, rue Amelot 75011 Paris &#8211; T\u00e9l : 01.47.00.28.81<\/p>\n<p>S.A au Capital de 40 000 \u20ac &#8211; RCS Paris 582 015 608 &#8211; APE 9001Z &#8211; TVA FR 82 582 015 608<\/p>\n","protected":false},"excerpt":{"rendered":"<p>Les termes \u00e9tablis en vue d\\&rsquo;un spectacle de Lalanne et Dieudonn\u00e9 le 7 avril au Cirque d\\&rsquo;Hiver Isra\u00ebl-Magazine est parvenu \u00e0 se procurer le document qui fait d\u00e9faut \u00e0 beaucoup d\\&rsquo;organes de presse qui sp\u00e9culent autour d\\&rsquo;un projet de spectacle, sans en tenir les tenants et aboutissants. &nbsp; Contrairement \u00e0 ce que raconte la presse, &hellip;<\/p>\n<p class=\"read-more\"> <a class=\"\" href=\"https:\/\/israelmagazine.net\/?p=60633\"> <span class=\"screen-reader-text\">Le Cirque d\\&rsquo;Hiver a bien \u00e9tabli les conditions d\\&rsquo;un contrat valide avec Francis Lalanne et Dieudonn\u00e9<\/span> Lire la suite \u00bb<\/a><\/p>\n","protected":false},"author":4,"featured_media":60635,"comment_status":"open","ping_status":"open","sticky":false,"template":"","format":"standard","meta":{"site-sidebar-layout":"default","site-content-layout":"default","ast-global-header-display":"","ast-main-header-display":"","ast-hfb-above-header-display":"","ast-hfb-below-header-display":"","ast-hfb-mobile-header-display":"","site-post-title":"","ast-breadcrumbs-content":"","ast-featured-img":"","footer-sml-layout":"","theme-transparent-header-meta":"","adv-header-id-meta":"","stick-header-meta":"","header-above-stick-meta":"","header-main-stick-meta":"","header-below-stick-meta":""},"categories":[84,1621,1630,814,2283],"tags":[810,815],"sujet":[],"_links":{"self":[{"href":"https:\/\/israelmagazine.net\/index.php?rest_route=\/wp\/v2\/posts\/60633"}],"collection":[{"href":"https:\/\/israelmagazine.net\/index.php?rest_route=\/wp\/v2\/posts"}],"about":[{"href":"https:\/\/israelmagazine.net\/index.php?rest_route=\/wp\/v2\/types\/post"}],"author":[{"embeddable":true,"href":"https:\/\/israelmagazine.net\/index.php?rest_route=\/wp\/v2\/users\/4"}],"replies":[{"embeddable":true,"href":"https:\/\/israelmagazine.net\/index.php?rest_route=%2Fwp%2Fv2%2Fcomments&post=60633"}],"version-history":[{"count":0,"href":"https:\/\/israelmagazine.net\/index.php?rest_route=\/wp\/v2\/posts\/60633\/revisions"}],"wp:featuredmedia":[{"embeddable":true,"href":"https:\/\/israelmagazine.net\/index.php?rest_route=\/"}],"wp:attachment":[{"href":"https:\/\/israelmagazine.net\/index.php?rest_route=%2Fwp%2Fv2%2Fmedia&parent=60633"}],"wp:term":[{"taxonomy":"category","embeddable":true,"href":"https:\/\/israelmagazine.net\/index.php?rest_route=%2Fwp%2Fv2%2Fcategories&post=60633"},{"taxonomy":"post_tag","embeddable":true,"href":"https:\/\/israelmagazine.net\/index.php?rest_route=%2Fwp%2Fv2%2Ftags&post=60633"},{"taxonomy":"sujet","embeddable":true,"href":"https:\/\/israelmagazine.net\/index.php?rest_route=%2Fwp%2Fv2%2Fsujet&post=60633"}],"curies":[{"name":"wp","href":"https:\/\/api.w.org\/{rel}","templated":true}]}}