{"id":60649,"date":"2023-02-21T14:57:56","date_gmt":"2023-02-21T12:57:56","guid":{"rendered":"https:\/\/israelmagazine.net\/?p=60649"},"modified":"2023-02-21T14:57:56","modified_gmt":"2023-02-21T12:57:56","slug":"le-gouvernement-israelien-adopte-par-63-47-le-projet-de-loi-sur-la-reforme-judiciaire-en-1ere-lecture","status":"publish","type":"post","link":"https:\/\/israelmagazine.net\/?p=60649","title":{"rendered":"Le Gouvernement isra\u00e9lien adopte par 63-47 le projet de loi sur la r\u00e9forme judiciaire en 1\u00e8re lecture"},"content":{"rendered":"<div class=\\\"nH aHU\\\">\n<div class=\\\"nH hx\\\">\n<div class=\\\"nH\\\" role=\\\"list\\\">\n<div class=\\\"h7 bg ie nH oy8Mbf\\\" tabindex=\\\"-1\\\" role=\\\"listitem\\\" aria-expanded=\\\"true\\\">\n<div class=\\\"Bk\\\">\n<div class=\\\"G3 G2 afm\\\">\n<div id=\\\":nc\\\">\n<div class=\\\"adn ads\\\" data-message-id=\\\"#msg-f:1758418945536234268\\\" data-legacy-message-id=\\\"186728b6e701131c\\\">\n<div class=\\\"gs\\\">\n<div class=\\\"\\\">\n<div id=\\\":nf\\\" class=\\\"ii gt\\\">\n<div id=\\\":ne\\\" class=\\\"a3s aiL \\\">\n<div dir=\\\"ltr\\\">\n<div class=\\\"gmail_quote\\\">\n<div dir=\\\"ltr\\\">\n<div>\n<p dir=\\\"ltr\\\"><span style=\\\"font-size: xx-large;\\\">Le Gouvernement isra\u00e9lien adopte le projet de loi 63-47 sur la r\u00e9forme judiciaire en 1\u00e8re lecture<\/span><\/p>\n<p dir=\\\"ltr\\\">La session pl\u00e9ni\u00e8re f\u00e9roce de la Knesset a commenc\u00e9 lundi \u00e0 16 heures et s\\&rsquo;est termin\u00e9e vers 00h30 mardi matin.<\/p>\n<p>La Knesset a adopt\u00e9 en premi\u00e8re lecture le premier projet de loi sur la r\u00e9forme judiciaire propos\u00e9e par le gouvernement par un vote de 63 voix contre 47. Le projet de loi controvers\u00e9 modifiera la composition du Comit\u00e9 des nominations judiciaires afin que la coalition ait une majorit\u00e9 automatique et interdira \u00e0 la Haute Cour de justice de statuer sur les recours contre les lois fondamentales.<\/p>\n<p>Le chef de l\\&rsquo;opposition Yair Lapid a r\u00e9agi \u00e0 la d\u00e9cision controvers\u00e9e sur Twitter. \\\u00a0\u00bbMembres de la coalition &#8211; l\\&rsquo;histoire vous jugera pour (ce qui s\\&rsquo;est pass\u00e9) cette nuit. Pour les dommages \u00e0 la d\u00e9mocratie, pour les dommages \u00e0 l\\&rsquo;\u00e9conomie, pour les dommages \u00e0 la s\u00e9curit\u00e9, il est certain que vous divisez le peuple d\\&rsquo;Isra\u00ebl.\\\u00a0\u00bb La session pl\u00e9ni\u00e8re f\u00e9roce de la Knesset a commenc\u00e9 lundi \u00e0 16 heures et s\\&rsquo;est poursuivie tard dans la nuit, se terminant vers 00h30 mardi matin.<\/p>\n<h2>Les mal\u00e9dictions de Lapid<\/h2>\n<p>Le pr\u00e9sident de la commission de la Constitution, des lois et de la justice de la Knesset, le d\u00e9put\u00e9 Simcha Rothman, a pr\u00e9sent\u00e9 avec le ministre d ela Justice, le projet de loi. \u00ab La Haute Cour de justice a mis \u00e0 mal le statut du syst\u00e8me judiciaire, et c\\&rsquo;est ce qui est au c\u0153ur des amendements qui sont vot\u00e9s aujourd\\&rsquo;hui. La Haute Cour a endommag\u00e9 le processus de nomination des juges et est intervenue dans les processus l\u00e9gislatifs.<\/p>\n<p>\u00ab La Haute Cour a gravement endommag\u00e9 les trois branches [du gouvernement], et a ainsi nui \u00e0 votre souverainet\u00e9. C\\&rsquo;est ce que nous venons r\u00e9parer aujourd\\&rsquo;hui \u00bb, a d\u00e9clar\u00e9 Rothman.<\/p>\n<p>La session comprenait un certain nombre d\\&rsquo;\u00e9v\u00e9nements inhabituels.<\/p>\n<h2 dir=\\\"ltr\\\"><span style=\\\"font-size: large;\\\">Quel chaos s\\&rsquo;est-il r\u00e9ellement produit lors de la session ?<\/span><\/h2>\n<p>Les huissiers de la Knesset ont v\u00e9rifi\u00e9 les sacs d\\&rsquo;un certain nombre de d\u00e9put\u00e9s de l\\&rsquo;opposition avant qu\\&rsquo;ils n\\&rsquo;entrent dans l\\&rsquo;assembl\u00e9e pl\u00e9ni\u00e8re, craignant qu\\&rsquo;ils ne tentent d\\&rsquo;utiliser des m\u00e9gaphones et d\\&rsquo;autres instruments pour perturber la proc\u00e9dure. Les d\u00e9put\u00e9s de Yesh Atid se sont drap\u00e9s de drapeaux isra\u00e9liens alors que Rothman commen\u00e7ait sa pr\u00e9sentation de la loi et ont \u00e9t\u00e9 expuls\u00e9s avec.<\/p>\n<p dir=\\\"ltr\\\">Le pr\u00e9sident de la Knesset, Amir Ohana, a ordonn\u00e9 aux huissiers de renvoyer les d\u00e9put\u00e9s, affirmant qu\\&rsquo;ils \\\u00a0\u00bbmanquaient de respect au drapeau\\\u00a0\u00bb. Ils ont \u00e9t\u00e9 autoris\u00e9s \u00e0 revenir peu apr\u00e8s.<\/p>\n<p>Les gardes de s\u00e9curit\u00e9 ont expuls\u00e9 de force les manifestants de la galerie d\\&rsquo;observation du pl\u00e9num apr\u00e8s y \u00eatre entr\u00e9s ill\u00e9galement et avoir frapp\u00e9 violemment les murs de verre les s\u00e9parant de la salle pl\u00e9ni\u00e8re.<\/p>\n<p>Des dizaines de d\u00e9put\u00e9s de l\\&rsquo;opposition ont pris la parole lors de la session pr\u00e9c\u00e9dant le vote, tandis que certains membres de la Knesset ont cri\u00e9 pendant le vote. Le pr\u00e9sident Ohana a d\u00fb les expuls\u00e9s temporairement, avant de les autoriser \u00e0 revenir \u00e0 la Knesset pour voter. Yair Lapid\u00a0 (qui appelait lui-m\u00eame \u00e0 une r\u00e9forme de la justice depuis 7 ans) a accus\u00e9 la coalition de ne pas se soucier des cons\u00e9quences de la r\u00e9forme sur l\\&rsquo;\u00e9conomie, la s\u00e9curit\u00e9 et la coh\u00e9sion sociale du pays.<\/p>\n<div class=\\\"yj6qo ajU\\\">\n<div id=\\\":nu\\\" class=\\\"ajR\\\" tabindex=\\\"0\\\" role=\\\"button\\\" aria-label=\\\"Masquer le contenu d\u00e9velopp\u00e9\\\" aria-expanded=\\\"true\\\" data-tooltip=\\\"Masquer le contenu d\u00e9velopp\u00e9\\\"><img class=\\\"ajT\\\" src=\\\"https:\/\/ssl.gstatic.com\/ui\/v1\/icons\/mail\/images\/cleardot.gif\\\" \/><\/div>\n<\/div>\n<div class=\\\"adL\\\">\n<h2 class=\\\"adm\\\">Ram Ben-Barak : Likoud = Nazis, ou le niveau z\u00e9ro de l\\&rsquo;intelligence politique<\/h2>\n<div class=\\\"im\\\">\n<p dir=\\\"ltr\\\">Le d\u00e9put\u00e9 de Yesh Atid, Ram Ben-Barak, a d\u00e9clar\u00e9 que \\\u00a0\u00bble parti nazi a \u00e9galement commenc\u00e9 comme une d\u00e9mocratie et a fini par devenir une dictature\\\u00a0\u00bb, ce qui a \u00e9t\u00e9 condamn\u00e9.<\/p>\n<p dir=\\\"ltr\\\">Le Premier ministre Benjamin Netanyahou a \u00e9crit sur Twitter : \u00ab L\\&rsquo;opposition a d\u00e9raill\u00e9. Ram Ben-Barak compare honteusement et scandaleusement le gouvernement isra\u00e9lien aux nazis. Les leaders de la protestation ont tent\u00e9 de s\u00e9questrer les membres de la coalition dans leurs maisons. Les membres de l\\&rsquo;opposition ont d\u00e9shonor\u00e9 le drapeau isra\u00e9lien lors du pl\u00e9num de la Knesset. L\\&rsquo;opposition a d\u00e9raill\u00e9 \u2013 et nous continuons !<\/p>\n<p dir=\\\"ltr\\\">Ben-Barak a r\u00e9pondu sur Twitter : \u00ab Netanyahou, Ben-Gvir et tous les autres sycophantes qui surfent sur la vague \u2013 regardez Wikip\u00e9dia et\u00a0<b><i>voyez comment le parti nazi<\/i><\/b> est arriv\u00e9 au pouvoir soi-disant d\u00e9mocratiquement et est imm\u00e9diatement devenu une dictature. Les processus que vous initiez, nous m\u00e8nerons \u00e0 une dictature comme cela s\\&rsquo;est produit en Pologne, en Turquie et en Hongrie \u2013 nous sommes les prochains sur la liste.<\/p>\n<h2 dir=\\\"ltr\\\">Autorisations de vote \u00e0 Bibi et Bitan<\/h2>\n<p dir=\\\"ltr\\\">Ohana a annonc\u00e9 au d\u00e9but de la session que malgr\u00e9 les poursuites p\u00e9nales en cours contre Netanyahou et le d\u00e9put\u00e9 du Likoud David Bitan, ils seraient autoris\u00e9s \u00e0 participer au vote.<\/p>\n<p dir=\\\"ltr\\\">Yisrael Beytenou a annonc\u00e9 plus t\u00f4t lundi qu\\&rsquo;il pr\u00e9voyait de boycotter le vote \u00e0 la Knesset afin de ne pas lui donner un semblant de l\u00e9gitimit\u00e9.<\/p>\n<h2 dir=\\\"ltr\\\">Qu\\&rsquo;advient-il du projet cde loi, \u00e0 partir de maintenant ?<\/h2>\n<p dir=\\\"ltr\\\">Le vote de lundi a \u00e9t\u00e9 significatif, car il a marqu\u00e9 le rejet officiel par la coalition du plan du pr\u00e9sident Isaac Herzog annonc\u00e9 la semaine derni\u00e8re, qui pr\u00e9voyait un gel de la l\u00e9gislation avant que les premi\u00e8res dispositions ne passent leur premi\u00e8re lecture \u00e0 la Knesset.<\/p>\n<p dir=\\\"ltr\\\">Le vote a \u00e9galement \u00e9t\u00e9 une avanc\u00e9e significative dans le processus l\u00e9gislatif, car il ne restera plus qu\\&rsquo;\u00e0 pr\u00e9parer le projet de loi pour ses deuxi\u00e8me et troisi\u00e8me lectures, puis \u00e0 proc\u00e9der aux votes sur ces deux lectures en une seule s\u00e9ance au pl\u00e9num de la Knesset.<\/p>\n<p dir=\\\"ltr\\\">Il n\\&rsquo;est pas certain que la coalition et l\\&rsquo;opposition soient dispos\u00e9es \u00e0 dialoguer sur les r\u00e9formes maintenant que la premi\u00e8re lecture est sur le point de s\\&rsquo;achever.<\/p>\n<\/div>\n<\/div>\n<\/div>\n<\/div>\n<div class=\\\"adL\\\"><\/div>\n<\/div>\n<\/div>\n<div class=\\\"adL\\\"><\/div>\n<\/div>\n<\/div>\n<div class=\\\"hi\\\">\n<p><strong>La suite de l\u2019article se trouve dans le prochain num\u00e9ro d\u2019Isra\u00ebl Magazine<\/strong><\/p>\n<p><strong>D\u00e9couvrez un exemplaire du magazine gratuitement et cliquez ensuite sur le rebord droit<\/strong><\/p>\n<p><a href=\\\"https:\/\/online.fliphtml5.com\/rjspi\/ypmm\/#p=1\\\"><strong>https:\/\/online.fliphtml5.com\/rjspi\/ypmm\/#p=1<\/strong><\/a><\/p>\n<p><strong>Votre magazine est livr\u00e9 chez vous en toute confidentialit\u00e9<br \/>\nS\u2019abonner au magazine par t\u00e9l\u00e9phone ou par whats app 00972 (0) 54 254 45 20 ou au 01 86 98 27 27<\/strong><\/p>\n<p><strong>Par email\u00a0\u00a0<\/strong><a href=\\\"mailto:Andredarmon21@gmail.com\\\"><strong>Andredarmon21@gmail.com<\/strong><\/a><strong>\u00a0 pay pal<\/strong><\/p>\n<p><strong>Ou directement sur le site<\/strong><\/p>\n<p><a href=\\\"https:\/\/israelmagazine.co.il\/sabonner-au-magazine\/\\\"><strong>https:\/\/israelmagazine.co.il\/sabonner-au-magazine\/<\/strong><\/a><\/p>\n<p><strong>Loi du Retour ou qui est Juif ?Ou encore S\u2019abonner au magazine livr\u00e9 chez vous en toute confidentialit\u00e9. Remplir le formulaire<\/strong><\/p>\n<p><a href=\\\"https:\/\/docs.google.com\/forms\/d\/e\/1FAIpQLSfPYJfb8KjEya-X17w0DGPAuBlCGvqVUdh_Is8EL810Lxw82A\/viewform?entry.1189475001=Recipient_Email\\\"><strong>https:\/\/docs.google.com\/forms\/d\/e\/1FAIpQLSfPYJfb8KjEya-X17w0DGPAuBlCGvqVUdh_Is8EL810Lxw82A\/viewform?entry.1189475001=Recipient_Email<\/strong><\/a><\/p>\n<p><strong><u>\u00a0<\/u><\/strong><\/p>\n<p><strong><u>\u00a0<\/u><\/strong><\/p>\n<\/div>\n<\/div>\n<\/div>\n<div class=\\\"ajx\\\"><\/div>\n<\/div>\n<div class=\\\"gA gt acV\\\">\n<div class=\\\"gB xu\\\">\n<div class=\\\"ip iq\\\">\n<div id=\\\":ng\\\"><\/div>\n<\/div>\n<\/div>\n<\/div>\n<\/div>\n<\/div>\n<\/div>\n<\/div>\n<\/div>\n<div class=\\\"nH\\\"><\/div>\n<div class=\\\"nH\\\"><\/div>\n<\/div>\n<\/div>\n<div class=\\\"nH\\\"><\/div>\n","protected":false},"excerpt":{"rendered":"<p>Le Gouvernement isra\u00e9lien adopte le projet de loi 63-47 sur la r\u00e9forme judiciaire en 1\u00e8re lecture La session pl\u00e9ni\u00e8re f\u00e9roce de la Knesset a commenc\u00e9 lundi \u00e0 16 heures et s\\&rsquo;est termin\u00e9e vers 00h30 mardi matin. La Knesset a adopt\u00e9 en premi\u00e8re lecture le premier projet de loi sur la r\u00e9forme judiciaire propos\u00e9e par le &hellip;<\/p>\n<p class=\"read-more\"> <a class=\"\" href=\"https:\/\/israelmagazine.net\/?p=60649\"> <span class=\"screen-reader-text\">Le Gouvernement isra\u00e9lien adopte par 63-47 le projet de loi sur la r\u00e9forme judiciaire en 1\u00e8re lecture<\/span> Lire la suite \u00bb<\/a><\/p>\n","protected":false},"author":4,"featured_media":60650,"comment_status":"open","ping_status":"open","sticky":false,"template":"","format":"standard","meta":{"site-sidebar-layout":"default","site-content-layout":"default","ast-global-header-display":"","ast-main-header-display":"","ast-hfb-above-header-display":"","ast-hfb-below-header-display":"","ast-hfb-mobile-header-display":"","site-post-title":"","ast-breadcrumbs-content":"","ast-featured-img":"","footer-sml-layout":"","theme-transparent-header-meta":"","adv-header-id-meta":"","stick-header-meta":"","header-above-stick-meta":"","header-main-stick-meta":"","header-below-stick-meta":""},"categories":[84,1621,1191],"tags":[1739,1989,1761],"sujet":[],"_links":{"self":[{"href":"https:\/\/israelmagazine.net\/index.php?rest_route=\/wp\/v2\/posts\/60649"}],"collection":[{"href":"https:\/\/israelmagazine.net\/index.php?rest_route=\/wp\/v2\/posts"}],"about":[{"href":"https:\/\/israelmagazine.net\/index.php?rest_route=\/wp\/v2\/types\/post"}],"author":[{"embeddable":true,"href":"https:\/\/israelmagazine.net\/index.php?rest_route=\/wp\/v2\/users\/4"}],"replies":[{"embeddable":true,"href":"https:\/\/israelmagazine.net\/index.php?rest_route=%2Fwp%2Fv2%2Fcomments&post=60649"}],"version-history":[{"count":0,"href":"https:\/\/israelmagazine.net\/index.php?rest_route=\/wp\/v2\/posts\/60649\/revisions"}],"wp:featuredmedia":[{"embeddable":true,"href":"https:\/\/israelmagazine.net\/index.php?rest_route=\/"}],"wp:attachment":[{"href":"https:\/\/israelmagazine.net\/index.php?rest_route=%2Fwp%2Fv2%2Fmedia&parent=60649"}],"wp:term":[{"taxonomy":"category","embeddable":true,"href":"https:\/\/israelmagazine.net\/index.php?rest_route=%2Fwp%2Fv2%2Fcategories&post=60649"},{"taxonomy":"post_tag","embeddable":true,"href":"https:\/\/israelmagazine.net\/index.php?rest_route=%2Fwp%2Fv2%2Ftags&post=60649"},{"taxonomy":"sujet","embeddable":true,"href":"https:\/\/israelmagazine.net\/index.php?rest_route=%2Fwp%2Fv2%2Fsujet&post=60649"}],"curies":[{"name":"wp","href":"https:\/\/api.w.org\/{rel}","templated":true}]}}