{"id":60690,"date":"2023-02-23T13:43:57","date_gmt":"2023-02-23T11:43:57","guid":{"rendered":"https:\/\/israelmagazine.net\/?p=60690"},"modified":"2023-02-23T13:43:57","modified_gmt":"2023-02-23T11:43:57","slug":"le-texte-dandre-darmon-pour-sarah-halimi-censure-par-le-consistoire","status":"publish","type":"post","link":"https:\/\/israelmagazine.net\/?p=60690","title":{"rendered":"Le texte d\\&rsquo;Andr\u00e9 Darmon pour Sarah Halimi, r\u00e9clam\u00e9, puis censur\u00e9 par David Reinharc !"},"content":{"rendered":"<picture><img class=\\\"\\\" src=\\\"https:\/\/cdn.i24news.tv\/uploads\/06\/77\/1e\/16\/a7\/a6\/56\/d5\/26\/c2\/80\/cd\/ac\/b9\/e0\/11\/06771e16a7a656d526c280cdacb9e011.jpg?width=1000\\\" alt=\\\"Rassemblement pour pour contester l\\'absence de proc\u00e8s apr\u00e8s le meurtre de Sarah Halimi, \u00e0 Paris, le 25 avril 2021\\\" \/><\/picture><em>Rassemblement\u00a0 pour contester l\\&rsquo;absence de proc\u00e8s apr\u00e8s le meurtre de Sarah Halimi, \u00e0 Paris, le 25 avril 2021<\/em><\/p>\n<h2>C\\&rsquo;est totalement effarant &#8211; On peut se faire \u00e9vincer d\\&rsquo;un bouquin pour non-conformit\u00e9 \u00e0 une Doxa.<\/h2>\n<h2>Mais pire, comme personne n\\&rsquo;a le monopole du c\u0153ur, je ne vois pas de quel droit cet \u00e9diteur, ancien journaliste \u00e0 Isra\u00ebl Magazine, s\\&rsquo;arrogerait le Copyright de la compassion envers la souffrance d\\&rsquo;une dame Halimi ou d\\&rsquo;un autre, Ilan&#8230;<\/h2>\n<div><\/div>\n<div>C\\&rsquo;est, -concernant la fameuse lettre de demande de pardon-, une incompr\u00e9hension totale \u00e0 l\\&rsquo;\u00e9gard de la libert\u00e9 de la presse, celle de publier, sans poser de jugement a priori sur la sinc\u00e9rit\u00e9 de celui qui l\\&rsquo;exprime. <strong><em>Ou Voltaire (Evelyn Beatrice Hall- plus pr\u00e9cis\u00e9ment) r\u00e9duit en cendre, par autodaf\u00e9 ? Quel anti-r\u00e9publicanisme de Torquemada aux petits pieds !\u00a0<\/em><\/strong><\/div>\n<div><\/div>\n<div>\n<p><em>Je ne\u00a0<a href=\\\"https:\/\/www.dicocitations.com\/citation.php?mot=partage\\\">partage<\/a>\u00a0<a href=\\\"https:\/\/www.dicocitations.com\/citation.php?mot=pas\\\">pas<\/a>\u00a0<a href=\\\"https:\/\/www.dicocitations.com\/citation.php?mot=vos\\\">vos<\/a>\u00a0<a href=\\\"https:\/\/www.dicocitations.com\/citation.php?mot=idees\\\">id\u00e9es, <\/a><a href=\\\"https:\/\/www.dicocitations.com\/citation.php?mot=mais\\\">mais<\/a>\u00a0je me\u00a0<a href=\\\"https:\/\/www.dicocitations.com\/citation.php?mot=battrai\\\">battrai<\/a>\u00a0<a href=\\\"https:\/\/www.dicocitations.com\/citation.php?mot=jusqu\\\">jusqu<\/a>\\&rsquo;\u00e0 la\u00a0<a href=\\\"https:\/\/www.dicocitations.com\/citation.php?mot=mort\\\">mort<\/a>\u00a0<a href=\\\"https:\/\/www.dicocitations.com\/citation.php?mot=pour\\\">pour<\/a>\u00a0<a href=\\\"https:\/\/www.dicocitations.com\/citation.php?mot=que\\\">que<\/a>\u00a0<a href=\\\"https:\/\/www.dicocitations.com\/citation.php?mot=vous\\\">vous<\/a>\u00a0<a href=\\\"https:\/\/www.dicocitations.com\/citation.php?mot=puissiez\\\">puissiez<\/a>\u00a0<a href=\\\"https:\/\/www.dicocitations.com\/citation.php?mot=les\\\">les<\/a>\u00a0<a href=\\\"https:\/\/www.dicocitations.com\/citation.php?mot=exprimer\\\">exprimer<\/a>.<\/em><\/p>\n<\/div>\n<div>\n<div><\/div>\n<div><\/div>\n<\/div>\n<div>Marc Brzustowski<\/div>\n<h2 style=\\\"font-weight: 400;\\\"><strong>Voici le texte d\u2019Andr\u00e9 Darmon, interdit par le Consistoire alors que cette institution et l\u2019\u00e9diteur avaient sollicit\u00e9 Andr\u00e9 pour l\\&rsquo;\u00e9crire. <\/strong><\/h2>\n<h2 style=\\\"font-weight: 400;\\\"><strong>Ce texte ne para\u00eetra pas dans le livre de comm\u00e9moration consacr\u00e9 \u00e0 Sarah Halimi, \u00e0 cause de la publication de la lettre de pardon de Dieudonn\u00e9. \u00c0 pleurer de petitesse et de contradictions.<\/strong><\/h2>\n<h2 style=\\\"font-weight: 400;\\\"><strong>\u00a0Voil\u00e0 ce que disait l\u2019\u00e9diteur Reinharc, je cite:\u00a0 <\/strong><\/h2>\n<h2 style=\\\"font-weight: 400;\\\"><em><strong>Super texte, tr\u00e8s fort. Merci !<\/strong><\/em><\/h2>\n<p style=\\\"font-weight: 400;\\\">Quand le sage montre du doigt la lune \u00e0 un imb\u00e9cile, l\u2019imb\u00e9cile regarde le doigt\u2019 nous dit un proverbe chinois. Aussi accabl\u00e9 par l\u2019incompr\u00e9hension, la stupeur, l\u2019horreur en l\u2019occurrence, cet homme ne regarde plus que ce doigt lui exposant pourtant cette lune lointaine, inaccessible.<\/p>\n<p style=\\\"font-weight: 400;\\\">Aussi, pendant les premi\u00e8res secondes, durant lesquelles j\u2019ai entendu parler du meurtre sordide de Sarah Halimi en plein Paris, j\u2019ai pens\u00e9 gauchement :<\/p>\n<p style=\\\"font-weight: 400;\\\"><em>encore une Halimi, <\/em>ruminant toujours l\u2019odieux martyr subi par un<em> autre Halimi, Ilan, il y a quelques ann\u00e9es<\/em>.<\/p>\n<p style=\\\"font-weight: 400;\\\">Les deux plus grands meurtres antis\u00e9mites de l\u2019apr\u00e8s-guerre en France concernaient donc deux personnes qui, toutes deux, s\u2019appelaient Halimi.<\/p>\n<p style=\\\"font-weight: 400;\\\">Halimi, un nom qui, \u00e9tymologiquement, exprime la <em><strong>douceur, la cl\u00e9mence ou encore, la bienveillance<\/strong><\/em>.<\/p>\n<p style=\\\"font-weight: 400;\\\">Terrible ironie de l\u2019histoire ou de l\u2019Histoire. Cela pr\u00eaterait \u00e0 rire si cela ne nous faisait pas pleurer de rage, que ces qualit\u00e9s humaines qui composent ce nom de famille, aient tant manqu\u00e9 aux assassins.<\/p>\n<p style=\\\"font-weight: 400;\\\">Je regarde pour le coup ce doigt vengeur, surestimant ce lointain croissant aux couleurs de sang, devenu possible pour moi, gr\u00e2ce une police un \u2018peu lisse\u2019, et \u00e0 une magistrature qui ont pris le pouvoir dans tous les pays occidentaux.<\/p>\n<p style=\\\"font-weight: 400;\\\">Ce meurtre gratuit, (existe-il des meurtres qui ne le soient pas ?) barbare, n\u2019a \u00e9t\u00e9 motiv\u00e9 que par la haine, une haine qui a travers\u00e9 les si\u00e8cles et la g\u00e9ographie, mais qui a ignor\u00e9 superbement l\u2019\u00e9cole publique.<\/p>\n<p style=\\\"font-weight: 400;\\\">Le radicalisme musulman ne faiblit pas et emprunte les oripeaux de d\u00e9put\u00e9s gauchistes shoot\u00e9s \u00e0 l\u2019antisionisme primaire, afin de se fabriquer un costume de respectabilit\u00e9.<\/p>\n<p style=\\\"font-weight: 400;\\\">Comme la Guerre d\u2019Espagne, qui entra\u00eenera quelques ann\u00e9es plus tard la Seconde guerre mondiale, et ne fut que l\u2019anc\u00eatre de la Guerre d\u2019Ukraine, ces meurtres, s\u2019ils ne sont pas r\u00e9solus, punis, pourraient sonner le signal de l\u2019Hallali que concoctent dans nos sombres banlieues, des Merah de pacotille et des apprentis bouchers, admirateurs lobotomis\u00e9s d\u2019Abdeslam ou de Kouachi. Il y a encore des Bataclans et des Toulouse qui couvent sous des cendres hallal encore chaudes.<\/p>\n<h2 style=\\\"font-weight: 400;\\\"><strong>Andr\u00e9 Darmon<\/strong><\/h2>\n","protected":false},"excerpt":{"rendered":"<p>Rassemblement\u00a0 pour contester l\\&rsquo;absence de proc\u00e8s apr\u00e8s le meurtre de Sarah Halimi, \u00e0 Paris, le 25 avril 2021 C\\&rsquo;est totalement effarant &#8211; On peut se faire \u00e9vincer d\\&rsquo;un bouquin pour non-conformit\u00e9 \u00e0 une Doxa. Mais pire, comme personne n\\&rsquo;a le monopole du c\u0153ur, je ne vois pas de quel droit cet \u00e9diteur, ancien journaliste \u00e0 &hellip;<\/p>\n<p class=\"read-more\"> <a class=\"\" href=\"https:\/\/israelmagazine.net\/?p=60690\"> <span class=\"screen-reader-text\">Le texte d\\&rsquo;Andr\u00e9 Darmon pour Sarah Halimi, r\u00e9clam\u00e9, puis censur\u00e9 par David Reinharc !<\/span> Lire la suite \u00bb<\/a><\/p>\n","protected":false},"author":4,"featured_media":60691,"comment_status":"open","ping_status":"open","sticky":false,"template":"","format":"standard","meta":{"site-sidebar-layout":"default","site-content-layout":"default","ast-global-header-display":"","ast-main-header-display":"","ast-hfb-above-header-display":"","ast-hfb-below-header-display":"","ast-hfb-mobile-header-display":"","site-post-title":"","ast-breadcrumbs-content":"","ast-featured-img":"","footer-sml-layout":"","theme-transparent-header-meta":"","adv-header-id-meta":"","stick-header-meta":"","header-above-stick-meta":"","header-main-stick-meta":"","header-below-stick-meta":""},"categories":[84,1621,1673,2276,1674],"tags":[1063,825,815],"sujet":[],"_links":{"self":[{"href":"https:\/\/israelmagazine.net\/index.php?rest_route=\/wp\/v2\/posts\/60690"}],"collection":[{"href":"https:\/\/israelmagazine.net\/index.php?rest_route=\/wp\/v2\/posts"}],"about":[{"href":"https:\/\/israelmagazine.net\/index.php?rest_route=\/wp\/v2\/types\/post"}],"author":[{"embeddable":true,"href":"https:\/\/israelmagazine.net\/index.php?rest_route=\/wp\/v2\/users\/4"}],"replies":[{"embeddable":true,"href":"https:\/\/israelmagazine.net\/index.php?rest_route=%2Fwp%2Fv2%2Fcomments&post=60690"}],"version-history":[{"count":0,"href":"https:\/\/israelmagazine.net\/index.php?rest_route=\/wp\/v2\/posts\/60690\/revisions"}],"wp:featuredmedia":[{"embeddable":true,"href":"https:\/\/israelmagazine.net\/index.php?rest_route=\/"}],"wp:attachment":[{"href":"https:\/\/israelmagazine.net\/index.php?rest_route=%2Fwp%2Fv2%2Fmedia&parent=60690"}],"wp:term":[{"taxonomy":"category","embeddable":true,"href":"https:\/\/israelmagazine.net\/index.php?rest_route=%2Fwp%2Fv2%2Fcategories&post=60690"},{"taxonomy":"post_tag","embeddable":true,"href":"https:\/\/israelmagazine.net\/index.php?rest_route=%2Fwp%2Fv2%2Ftags&post=60690"},{"taxonomy":"sujet","embeddable":true,"href":"https:\/\/israelmagazine.net\/index.php?rest_route=%2Fwp%2Fv2%2Fsujet&post=60690"}],"curies":[{"name":"wp","href":"https:\/\/api.w.org\/{rel}","templated":true}]}}